{"id":217100,"date":"2022-10-31T20:00:00","date_gmt":"2022-10-31T19:00:00","guid":{"rendered":"https:\/\/www.ffw-berg.de\/wordpress\/?p=217100"},"modified":"2026-02-24T12:10:59","modified_gmt":"2026-02-24T11:10:59","slug":"jugendflamme-stufen-1-bis-3-2023","status":"publish","type":"post","link":"https:\/\/www.ffw-berg.de\/wordpress\/jugendflamme-stufen-1-bis-3-2023\/","title":{"rendered":"Jugendflamme Stufen 1 bis 3 &#8211; 2022"},"content":{"rendered":"\n<h2 class=\"wp-block-heading\">Jugendflamme 1-3 erfolgreich abgelegt<\/h2>\n\n\n\n<p>Insgesamt 12 Jugendliche aus Berg und den Ortsteilen Tiefengr\u00fcn, Gottsmannsgr\u00fcn, Bruck\/Bug und Rudolphstein nahmen 31.10.22 gemeinsam an der zentralen <strong>Abnahme der Jugendflamme<\/strong> in Carlsgr\u00fcn teil. <\/p>\n\n\n\n<figure class=\"wp-block-gallery has-nested-images columns-2 is-cropped wp-block-gallery-1 is-layout-flex wp-block-gallery-is-layout-flex\">\n<figure class=\"wp-block-image size-large\"><a href=\"https:\/\/www.ffw-berg.de\/wordpress\/wp-content\/uploads\/2022\/11\/jugendflamme2022_00003.jpg\"><img loading=\"lazy\" decoding=\"async\" width=\"1080\" height=\"608\" data-id=\"217120\" src=\"https:\/\/www.ffw-berg.de\/wordpress\/wp-content\/uploads\/2022\/11\/jugendflamme2022_00003-1080x608.jpg\" alt=\"\" class=\"wp-image-217120\" srcset=\"https:\/\/www.ffw-berg.de\/wordpress\/wp-content\/uploads\/2022\/11\/jugendflamme2022_00003-1080x608.jpg 1080w, https:\/\/www.ffw-berg.de\/wordpress\/wp-content\/uploads\/2022\/11\/jugendflamme2022_00003-300x169.jpg 300w, https:\/\/www.ffw-berg.de\/wordpress\/wp-content\/uploads\/2022\/11\/jugendflamme2022_00003-120x68.jpg 120w, https:\/\/www.ffw-berg.de\/wordpress\/wp-content\/uploads\/2022\/11\/jugendflamme2022_00003-768x432.jpg 768w, https:\/\/www.ffw-berg.de\/wordpress\/wp-content\/uploads\/2022\/11\/jugendflamme2022_00003-1536x864.jpg 1536w, https:\/\/www.ffw-berg.de\/wordpress\/wp-content\/uploads\/2022\/11\/jugendflamme2022_00003-678x381.jpg 678w, https:\/\/www.ffw-berg.de\/wordpress\/wp-content\/uploads\/2022\/11\/jugendflamme2022_00003.jpg 1920w\" sizes=\"auto, (max-width: 1080px) 100vw, 1080px\" \/><\/a><\/figure>\n\n\n\n<figure class=\"wp-block-image size-large\"><a href=\"https:\/\/www.ffw-berg.de\/wordpress\/wp-content\/uploads\/2022\/11\/jugendflamme2022_00000.jpg\"><img loading=\"lazy\" decoding=\"async\" width=\"1080\" height=\"608\" data-id=\"217117\" src=\"https:\/\/www.ffw-berg.de\/wordpress\/wp-content\/uploads\/2022\/11\/jugendflamme2022_00000-1080x608.jpg\" alt=\"\" class=\"wp-image-217117\" srcset=\"https:\/\/www.ffw-berg.de\/wordpress\/wp-content\/uploads\/2022\/11\/jugendflamme2022_00000-1080x608.jpg 1080w, https:\/\/www.ffw-berg.de\/wordpress\/wp-content\/uploads\/2022\/11\/jugendflamme2022_00000-300x169.jpg 300w, https:\/\/www.ffw-berg.de\/wordpress\/wp-content\/uploads\/2022\/11\/jugendflamme2022_00000-120x68.jpg 120w, https:\/\/www.ffw-berg.de\/wordpress\/wp-content\/uploads\/2022\/11\/jugendflamme2022_00000-768x432.jpg 768w, https:\/\/www.ffw-berg.de\/wordpress\/wp-content\/uploads\/2022\/11\/jugendflamme2022_00000-678x381.jpg 678w, https:\/\/www.ffw-berg.de\/wordpress\/wp-content\/uploads\/2022\/11\/jugendflamme2022_00000.jpg 1499w\" sizes=\"auto, (max-width: 1080px) 100vw, 1080px\" \/><\/a><\/figure>\n\n\n\n<figure class=\"wp-block-image size-large\"><a href=\"https:\/\/www.ffw-berg.de\/wordpress\/wp-content\/uploads\/2022\/11\/jugendflamme2022_00001.jpg\"><img loading=\"lazy\" decoding=\"async\" width=\"1006\" height=\"768\" data-id=\"217118\" src=\"https:\/\/www.ffw-berg.de\/wordpress\/wp-content\/uploads\/2022\/11\/jugendflamme2022_00001-1006x768.jpg\" alt=\"\" class=\"wp-image-217118\" srcset=\"https:\/\/www.ffw-berg.de\/wordpress\/wp-content\/uploads\/2022\/11\/jugendflamme2022_00001-1006x768.jpg 1006w, https:\/\/www.ffw-berg.de\/wordpress\/wp-content\/uploads\/2022\/11\/jugendflamme2022_00001-300x229.jpg 300w, https:\/\/www.ffw-berg.de\/wordpress\/wp-content\/uploads\/2022\/11\/jugendflamme2022_00001-120x92.jpg 120w, https:\/\/www.ffw-berg.de\/wordpress\/wp-content\/uploads\/2022\/11\/jugendflamme2022_00001-768x587.jpg 768w, https:\/\/www.ffw-berg.de\/wordpress\/wp-content\/uploads\/2022\/11\/jugendflamme2022_00001-80x60.jpg 80w, https:\/\/www.ffw-berg.de\/wordpress\/wp-content\/uploads\/2022\/11\/jugendflamme2022_00001.jpg 1507w\" sizes=\"auto, (max-width: 1006px) 100vw, 1006px\" \/><\/a><\/figure>\n\n\n\n<figure class=\"wp-block-image size-large\"><a href=\"https:\/\/www.ffw-berg.de\/wordpress\/wp-content\/uploads\/2022\/11\/jugendflamme2022_00004.jpg\"><img loading=\"lazy\" decoding=\"async\" width=\"1080\" height=\"608\" data-id=\"217121\" src=\"https:\/\/www.ffw-berg.de\/wordpress\/wp-content\/uploads\/2022\/11\/jugendflamme2022_00004-1080x608.jpg\" alt=\"\" class=\"wp-image-217121\" srcset=\"https:\/\/www.ffw-berg.de\/wordpress\/wp-content\/uploads\/2022\/11\/jugendflamme2022_00004-1080x608.jpg 1080w, https:\/\/www.ffw-berg.de\/wordpress\/wp-content\/uploads\/2022\/11\/jugendflamme2022_00004-300x169.jpg 300w, https:\/\/www.ffw-berg.de\/wordpress\/wp-content\/uploads\/2022\/11\/jugendflamme2022_00004-120x68.jpg 120w, https:\/\/www.ffw-berg.de\/wordpress\/wp-content\/uploads\/2022\/11\/jugendflamme2022_00004-768x432.jpg 768w, https:\/\/www.ffw-berg.de\/wordpress\/wp-content\/uploads\/2022\/11\/jugendflamme2022_00004-1536x864.jpg 1536w, https:\/\/www.ffw-berg.de\/wordpress\/wp-content\/uploads\/2022\/11\/jugendflamme2022_00004-678x381.jpg 678w, https:\/\/www.ffw-berg.de\/wordpress\/wp-content\/uploads\/2022\/11\/jugendflamme2022_00004.jpg 1920w\" sizes=\"auto, (max-width: 1080px) 100vw, 1080px\" \/><\/a><\/figure>\n<\/figure>\n\n\n\n<p>Zu den Aufgaben z\u00e4hlten unter anderem 90m C-Schlauch kuppeln, Auffinden und Inbetriebnahme eines Unterflurhydranten und die Analyse und Pr\u00e4sentation eines \u00f6rtlichen Betriebs unter brandschutzrechtlichen Aspekten.\u00a0<\/p>\n\n\n<div class=\"wp-block-image\">\n<figure class=\"aligncenter size-large is-resized\"><img loading=\"lazy\" decoding=\"async\" src=\"https:\/\/www.ffw-berg.de\/wordpress\/wp-content\/uploads\/2022\/11\/jugendflamme2022_00002-1024x768.jpg\" alt=\"\" class=\"wp-image-217119\" width=\"840\" height=\"630\" srcset=\"https:\/\/www.ffw-berg.de\/wordpress\/wp-content\/uploads\/2022\/11\/jugendflamme2022_00002-1024x768.jpg 1024w, https:\/\/www.ffw-berg.de\/wordpress\/wp-content\/uploads\/2022\/11\/jugendflamme2022_00002-300x225.jpg 300w, https:\/\/www.ffw-berg.de\/wordpress\/wp-content\/uploads\/2022\/11\/jugendflamme2022_00002-120x90.jpg 120w, https:\/\/www.ffw-berg.de\/wordpress\/wp-content\/uploads\/2022\/11\/jugendflamme2022_00002-768x576.jpg 768w, https:\/\/www.ffw-berg.de\/wordpress\/wp-content\/uploads\/2022\/11\/jugendflamme2022_00002-1536x1152.jpg 1536w, https:\/\/www.ffw-berg.de\/wordpress\/wp-content\/uploads\/2022\/11\/jugendflamme2022_00002-678x509.jpg 678w, https:\/\/www.ffw-berg.de\/wordpress\/wp-content\/uploads\/2022\/11\/jugendflamme2022_00002-326x245.jpg 326w, https:\/\/www.ffw-berg.de\/wordpress\/wp-content\/uploads\/2022\/11\/jugendflamme2022_00002-80x60.jpg 80w, https:\/\/www.ffw-berg.de\/wordpress\/wp-content\/uploads\/2022\/11\/jugendflamme2022_00002.jpg 1920w\" sizes=\"auto, (max-width: 840px) 100vw, 840px\" \/><figcaption class=\"wp-element-caption\"><strong>Stufe 1:<\/strong> 4 Jugendliche | <strong>Stufe 2:<\/strong> 5 Jugendliche | <strong>Stufe 3:<\/strong> 3 Jugendliche<\/figcaption><\/figure>\n<\/div>\n\n\n<p class=\"has-text-align-center\"><strong>Wir gratulieren allen Jugendlichen zur erfolgreichen Teilnahme! <\/strong><\/p>\n\n\n\n<p class=\"has-text-align-center\"><strong>#wirf\u00fcrdenbergerwinkel<\/strong><\/p>\n","protected":false},"excerpt":{"rendered":"<div class=\"mh-excerpt\">Insgesamt 12 Jugendliche aus Berg und den Ortsteilen Tiefengr\u00fcn, Gottsmannsgr\u00fcn, Bruck\/Bug und Rudolphstein nahmen 31.10.22 gemeinsam an der zentralen Abnahme der Jugendflamme in Carlsgr\u00fcn teil.<\/div>\n<p> <a class=\"mh-excerpt-more\" href=\"https:\/\/www.ffw-berg.de\/wordpress\/jugendflamme-stufen-1-bis-3-2023\/\" title=\"Jugendflamme Stufen 1 bis 3 &#8211; 2022\">[  Mehr &gt;&gt; ]<\/a><\/p>\n","protected":false},"author":2,"featured_media":217117,"comment_status":"closed","ping_status":"open","sticky":false,"template":"","format":"standard","meta":{"footnotes":""},"categories":[65,6,27],"tags":[101,614,616,1051,1052,1298,1348,1349,1350,1351,1353],"class_list":{"0":"post-217100","1":"post","2":"type-post","3":"status-publish","4":"format-standard","5":"has-post-thumbnail","7":"category-jf-jugendflamme","8":"category-jugend","9":"category-jf-lp","10":"tag-jugendgruppe","11":"tag-jugendflamme","12":"tag-carlsgruen","13":"tag-fahrzeugkunde","14":"tag-geraetekunde","15":"tag-ffw-berg-ofr","16":"tag-jugendflamme-stufe-1-3","17":"tag-c-schlauch","18":"tag-unterflurhydrant","19":"tag-praesentation","20":"tag-flamme2022"},"_links":{"self":[{"href":"https:\/\/www.ffw-berg.de\/wordpress\/wp-json\/wp\/v2\/posts\/217100","targetHints":{"allow":["GET"]}}],"collection":[{"href":"https:\/\/www.ffw-berg.de\/wordpress\/wp-json\/wp\/v2\/posts"}],"about":[{"href":"https:\/\/www.ffw-berg.de\/wordpress\/wp-json\/wp\/v2\/types\/post"}],"author":[{"embeddable":true,"href":"https:\/\/www.ffw-berg.de\/wordpress\/wp-json\/wp\/v2\/users\/2"}],"replies":[{"embeddable":true,"href":"https:\/\/www.ffw-berg.de\/wordpress\/wp-json\/wp\/v2\/comments?post=217100"}],"version-history":[{"count":0,"href":"https:\/\/www.ffw-berg.de\/wordpress\/wp-json\/wp\/v2\/posts\/217100\/revisions"}],"wp:featuredmedia":[{"embeddable":true,"href":"https:\/\/www.ffw-berg.de\/wordpress\/wp-json\/wp\/v2\/media\/217117"}],"wp:attachment":[{"href":"https:\/\/www.ffw-berg.de\/wordpress\/wp-json\/wp\/v2\/media?parent=217100"}],"wp:term":[{"taxonomy":"category","embeddable":true,"href":"https:\/\/www.ffw-berg.de\/wordpress\/wp-json\/wp\/v2\/categories?post=217100"},{"taxonomy":"post_tag","embeddable":true,"href":"https:\/\/www.ffw-berg.de\/wordpress\/wp-json\/wp\/v2\/tags?post=217100"}],"curies":[{"name":"wp","href":"https:\/\/api.w.org\/{rel}","templated":true}]}}