{"id":217104,"date":"2022-08-06T22:00:00","date_gmt":"2022-08-06T20:00:00","guid":{"rendered":"https:\/\/www.ffw-berg.de\/wordpress\/?p=217104"},"modified":"2026-02-24T12:10:12","modified_gmt":"2026-02-24T11:10:12","slug":"hochzeiten-2022-drei-auf-einen-streich","status":"publish","type":"post","link":"https:\/\/www.ffw-berg.de\/wordpress\/hochzeiten-2022-drei-auf-einen-streich\/","title":{"rendered":"Hochzeiten 2022 &#8211; Drei auf einen Streich!"},"content":{"rendered":"\n<h2 class=\"wp-block-heading\">Schon dreimal l\u00e4uteten die Hochzeitsglocken in der Feuerwehr Berg in diesem Jahr.<\/h2>\n\n\n\n<p>Angefangen mit unseren Kameraden Thomas und Sandra, die sich am 25.06.2022 das Ja-Wort in der Berger Kirche gaben, empfingen wir beide vor der Kirche mit einem Bogen aus C-Schl\u00e4uchen. Anschlie\u00dfend mussten die frisch Verm\u00e4hlten ihr K\u00f6nnen beim Zielspritzen mit der K\u00fcbelspritze unter Beweis stellen. Kommandant Marco Kolbinger und 1. Vorstand Fabian Korn \u00fcberbrachten Gl\u00fcckw\u00fcnsche und einen Blumenstrau\u00df.&nbsp;<\/p>\n\n\n\n<p>Es folgten unser Kamerad Eberhard und seine Susi, die sich am 22.07.2022 im Kreise ihrer Familie und Bekannten das Eheversprechen gaben.&nbsp;<\/p>\n\n\n\n<figure class=\"wp-block-gallery has-nested-images columns-default is-cropped wp-block-gallery-1 is-layout-flex wp-block-gallery-is-layout-flex\">\n<figure class=\"wp-block-image size-large\"><a href=\"https:\/\/www.ffw-berg.de\/wordpress\/wp-content\/uploads\/2022\/11\/hochzeit_sandra_thomas_4.jpg\"><img loading=\"lazy\" decoding=\"async\" width=\"576\" height=\"768\" data-id=\"217113\" src=\"https:\/\/www.ffw-berg.de\/wordpress\/wp-content\/uploads\/2022\/11\/hochzeit_sandra_thomas_4-576x768.jpg\" alt=\"\" class=\"wp-image-217113\" srcset=\"https:\/\/www.ffw-berg.de\/wordpress\/wp-content\/uploads\/2022\/11\/hochzeit_sandra_thomas_4-576x768.jpg 576w, https:\/\/www.ffw-berg.de\/wordpress\/wp-content\/uploads\/2022\/11\/hochzeit_sandra_thomas_4-188x250.jpg 188w, https:\/\/www.ffw-berg.de\/wordpress\/wp-content\/uploads\/2022\/11\/hochzeit_sandra_thomas_4-90x120.jpg 90w, https:\/\/www.ffw-berg.de\/wordpress\/wp-content\/uploads\/2022\/11\/hochzeit_sandra_thomas_4-768x1024.jpg 768w, https:\/\/www.ffw-berg.de\/wordpress\/wp-content\/uploads\/2022\/11\/hochzeit_sandra_thomas_4-1152x1536.jpg 1152w, https:\/\/www.ffw-berg.de\/wordpress\/wp-content\/uploads\/2022\/11\/hochzeit_sandra_thomas_4.jpg 1440w\" sizes=\"auto, (max-width: 576px) 100vw, 576px\" \/><\/a><\/figure>\n\n\n\n<figure class=\"wp-block-image size-large\"><a href=\"https:\/\/www.ffw-berg.de\/wordpress\/wp-content\/uploads\/2022\/11\/Hochzeit-Susi-und-Eberhard.jpg\"><img loading=\"lazy\" decoding=\"async\" width=\"576\" height=\"768\" data-id=\"217114\" src=\"https:\/\/www.ffw-berg.de\/wordpress\/wp-content\/uploads\/2022\/11\/Hochzeit-Susi-und-Eberhard-576x768.jpg\" alt=\"\" class=\"wp-image-217114\" srcset=\"https:\/\/www.ffw-berg.de\/wordpress\/wp-content\/uploads\/2022\/11\/Hochzeit-Susi-und-Eberhard-576x768.jpg 576w, https:\/\/www.ffw-berg.de\/wordpress\/wp-content\/uploads\/2022\/11\/Hochzeit-Susi-und-Eberhard-188x250.jpg 188w, https:\/\/www.ffw-berg.de\/wordpress\/wp-content\/uploads\/2022\/11\/Hochzeit-Susi-und-Eberhard-90x120.jpg 90w, https:\/\/www.ffw-berg.de\/wordpress\/wp-content\/uploads\/2022\/11\/Hochzeit-Susi-und-Eberhard-768x1024.jpg 768w, https:\/\/www.ffw-berg.de\/wordpress\/wp-content\/uploads\/2022\/11\/Hochzeit-Susi-und-Eberhard-1152x1536.jpg 1152w, https:\/\/www.ffw-berg.de\/wordpress\/wp-content\/uploads\/2022\/11\/Hochzeit-Susi-und-Eberhard.jpg 1200w\" sizes=\"auto, (max-width: 576px) 100vw, 576px\" \/><\/a><\/figure>\n\n\n\n<figure class=\"wp-block-image size-large\"><a href=\"https:\/\/www.ffw-berg.de\/wordpress\/wp-content\/uploads\/2022\/11\/hochzeit_elisa_fabian_30.jpg\"><img loading=\"lazy\" decoding=\"async\" width=\"1024\" height=\"768\" data-id=\"217112\" src=\"https:\/\/www.ffw-berg.de\/wordpress\/wp-content\/uploads\/2022\/11\/hochzeit_elisa_fabian_30-1024x768.jpg\" alt=\"\" class=\"wp-image-217112\" srcset=\"https:\/\/www.ffw-berg.de\/wordpress\/wp-content\/uploads\/2022\/11\/hochzeit_elisa_fabian_30-1024x768.jpg 1024w, https:\/\/www.ffw-berg.de\/wordpress\/wp-content\/uploads\/2022\/11\/hochzeit_elisa_fabian_30-300x225.jpg 300w, https:\/\/www.ffw-berg.de\/wordpress\/wp-content\/uploads\/2022\/11\/hochzeit_elisa_fabian_30-120x90.jpg 120w, https:\/\/www.ffw-berg.de\/wordpress\/wp-content\/uploads\/2022\/11\/hochzeit_elisa_fabian_30-768x576.jpg 768w, https:\/\/www.ffw-berg.de\/wordpress\/wp-content\/uploads\/2022\/11\/hochzeit_elisa_fabian_30-1536x1152.jpg 1536w, https:\/\/www.ffw-berg.de\/wordpress\/wp-content\/uploads\/2022\/11\/hochzeit_elisa_fabian_30-678x509.jpg 678w, https:\/\/www.ffw-berg.de\/wordpress\/wp-content\/uploads\/2022\/11\/hochzeit_elisa_fabian_30-326x245.jpg 326w, https:\/\/www.ffw-berg.de\/wordpress\/wp-content\/uploads\/2022\/11\/hochzeit_elisa_fabian_30-80x60.jpg 80w, https:\/\/www.ffw-berg.de\/wordpress\/wp-content\/uploads\/2022\/11\/hochzeit_elisa_fabian_30.jpg 1920w\" sizes=\"auto, (max-width: 1024px) 100vw, 1024px\" \/><\/a><\/figure>\n<\/figure>\n\n\n\n<div style=\"height:30px\" aria-hidden=\"true\" class=\"wp-block-spacer\"><\/div>\n\n\n\n<p>Zu guter Letzt trauten sich unser 1. Vorstand Fabian und unsere Kameradin Elisa am 05.08.2022, ebenfalls in der Berger Jakobuskirche. Beide durften den Bogen aus C-Schl\u00e4uchen passieren und wurden mit unserem HLF bis vor die Feuerwehr gefahren, wo sie beide ihr K\u00f6nnen beim Zielwurf mit der Feuerwehrleine unter Beweis stellen mussten. Kommandant Maximilian Schaller und 2. Vorstand Alexander Egelkraut \u00fcberbrachten Gl\u00fcckw\u00fcnsche und ein Blumenpr\u00e4sent.&nbsp;<\/p>\n\n\n\n<p class=\"has-text-align-center\"><strong>An dieser Stelle m\u00f6chten wir unseren drei Ehepaaren nochmals einen herzlichen Gl\u00fcckwunsch, alles Gute und viele, gl\u00fcckliche Ehejahre im Namen der gesamten Wehr aussprechen.<\/strong><\/p>\n\n\n\n<h4 class=\"has-text-align-center wp-block-heading\">Alle Bilder in unserem Album bei:<\/h4>\n\n\n\n<figure class=\"wp-block-embed is-type-rich is-provider-google-photos wp-block-embed-google-photos\"><div class=\"wp-block-embed__wrapper\">\n<blockquote class=\"embedly-card\" data-card-controls=\"0\" data-card-align=\"center\" data-card-theme=\"light\"><h4><a href=\"https:\/\/photos.app.goo.gl\/LVauGVevN5R5ryuPA\">No Title<\/a><\/h4><p>No Description<\/p><\/blockquote><script async src=\"\/\/cdn.embedly.com\/widgets\/platform.js\" charset=\"UTF-8\"><\/script>\n<\/div><\/figure>\n","protected":false},"excerpt":{"rendered":"<div class=\"mh-excerpt\">Schon dreimal l\u00e4uteten die Hochzeitsglocken in der Feuerwehr Berg in diesem Jahr. Angefangen mit unseren Kameraden Thomas und Sandra, die sich am 25.06.2022 das Ja-Wort in der Berger Kirche gaben, <a class=\"mh-excerpt-more\" href=\"https:\/\/www.ffw-berg.de\/wordpress\/hochzeiten-2022-drei-auf-einen-streich\/\" title=\"Hochzeiten 2022 &#8211; Drei auf einen Streich!\">[  Mehr &gt;&gt; ]<\/a><\/div>\n","protected":false},"author":2,"featured_media":217112,"comment_status":"closed","ping_status":"open","sticky":false,"template":"","format":"standard","meta":{"footnotes":""},"categories":[747],"tags":[1364,1365],"class_list":{"0":"post-217104","1":"post","2":"type-post","3":"status-publish","4":"format-standard","5":"has-post-thumbnail","7":"category-wir-ueber-uns-2","8":"tag-hochzeiten","9":"tag-hz2022"},"_links":{"self":[{"href":"https:\/\/www.ffw-berg.de\/wordpress\/wp-json\/wp\/v2\/posts\/217104","targetHints":{"allow":["GET"]}}],"collection":[{"href":"https:\/\/www.ffw-berg.de\/wordpress\/wp-json\/wp\/v2\/posts"}],"about":[{"href":"https:\/\/www.ffw-berg.de\/wordpress\/wp-json\/wp\/v2\/types\/post"}],"author":[{"embeddable":true,"href":"https:\/\/www.ffw-berg.de\/wordpress\/wp-json\/wp\/v2\/users\/2"}],"replies":[{"embeddable":true,"href":"https:\/\/www.ffw-berg.de\/wordpress\/wp-json\/wp\/v2\/comments?post=217104"}],"version-history":[{"count":0,"href":"https:\/\/www.ffw-berg.de\/wordpress\/wp-json\/wp\/v2\/posts\/217104\/revisions"}],"wp:featuredmedia":[{"embeddable":true,"href":"https:\/\/www.ffw-berg.de\/wordpress\/wp-json\/wp\/v2\/media\/217112"}],"wp:attachment":[{"href":"https:\/\/www.ffw-berg.de\/wordpress\/wp-json\/wp\/v2\/media?parent=217104"}],"wp:term":[{"taxonomy":"category","embeddable":true,"href":"https:\/\/www.ffw-berg.de\/wordpress\/wp-json\/wp\/v2\/categories?post=217104"},{"taxonomy":"post_tag","embeddable":true,"href":"https:\/\/www.ffw-berg.de\/wordpress\/wp-json\/wp\/v2\/tags?post=217104"}],"curies":[{"name":"wp","href":"https:\/\/api.w.org\/{rel}","templated":true}]}}