{"id":217221,"date":"2022-11-12T14:00:00","date_gmt":"2022-11-12T13:00:00","guid":{"rendered":"https:\/\/www.ffw-berg.de\/wordpress\/?p=217221"},"modified":"2026-02-24T12:11:27","modified_gmt":"2026-02-24T11:11:27","slug":"mta-truppfuehrer-qualifikation-erfolgreich-abgeschlossen","status":"publish","type":"post","link":"https:\/\/www.ffw-berg.de\/wordpress\/mta-truppfuehrer-qualifikation-erfolgreich-abgeschlossen\/","title":{"rendered":"MTA &amp; Truppf\u00fchrer Qualifikation erfolgreich abgeschlossen"},"content":{"rendered":"\n<h2 class=\"wp-block-heading\">Basismodul von 18 Kameradinnen und Kameraden aus Berg und Naila abgelegt<\/h2>\n\n\n\n<p>Am Samstag, 12.11.22, konnten 6 Kameradinnen und Kameraden aus dem Gemeindegebiet Berg, sowie 12 Kameradinnen und Kameraden aus dem Stadtgebiet Naila, das Basismodul der Modularen Truppausbildung mit dem Ablegen der Zwischenpr\u00fcfung erfolgreich abschlie\u00dfen.&nbsp;<\/p>\n\n\n\n<p>In den vergangenen Monaten erlernten die Teilnehmer in verschiedenen Theorie- und Praxis-Module auf Landkreis- und Gemeindeebene alle Grundt\u00e4tigkeiten und Kenntnisse, die jeder Feuerwehrangeh\u00f6rige beherrschen muss. Den Abschluss des Basismoduls bildete die Zwischenpr\u00fcfung, bei dem die Kameraden die erlernten Kenntnisse in einer theoretischen Pr\u00fcfung und an vier praktischen Station unter Beweis stellen.<\/p>\n\n\n\n<figure class=\"wp-block-gallery has-nested-images columns-2 is-cropped wp-block-gallery-1 is-layout-flex wp-block-gallery-is-layout-flex\">\n<figure class=\"wp-block-image size-large\"><a href=\"https:\/\/www.ffw-berg.de\/wordpress\/wp-content\/uploads\/2022\/12\/ffberg_mta_202211.jpg\"><img loading=\"lazy\" decoding=\"async\" width=\"576\" height=\"768\" data-id=\"217229\" src=\"https:\/\/www.ffw-berg.de\/wordpress\/wp-content\/uploads\/2022\/12\/ffberg_mta_202211-576x768.jpg\" alt=\"\" class=\"wp-image-217229\" srcset=\"https:\/\/www.ffw-berg.de\/wordpress\/wp-content\/uploads\/2022\/12\/ffberg_mta_202211-576x768.jpg 576w, https:\/\/www.ffw-berg.de\/wordpress\/wp-content\/uploads\/2022\/12\/ffberg_mta_202211-188x250.jpg 188w, https:\/\/www.ffw-berg.de\/wordpress\/wp-content\/uploads\/2022\/12\/ffberg_mta_202211-90x120.jpg 90w, https:\/\/www.ffw-berg.de\/wordpress\/wp-content\/uploads\/2022\/12\/ffberg_mta_202211-768x1024.jpg 768w, https:\/\/www.ffw-berg.de\/wordpress\/wp-content\/uploads\/2022\/12\/ffberg_mta_202211-1152x1536.jpg 1152w, https:\/\/www.ffw-berg.de\/wordpress\/wp-content\/uploads\/2022\/12\/ffberg_mta_202211.jpg 1440w\" sizes=\"auto, (max-width: 576px) 100vw, 576px\" \/><\/a><\/figure>\n\n\n\n<figure class=\"wp-block-image size-large\"><a href=\"https:\/\/www.ffw-berg.de\/wordpress\/wp-content\/uploads\/2022\/12\/ffberg_mta_20229.jpg\"><img loading=\"lazy\" decoding=\"async\" width=\"1080\" height=\"608\" data-id=\"217228\" src=\"https:\/\/www.ffw-berg.de\/wordpress\/wp-content\/uploads\/2022\/12\/ffberg_mta_20229-1080x608.jpg\" alt=\"\" class=\"wp-image-217228\" srcset=\"https:\/\/www.ffw-berg.de\/wordpress\/wp-content\/uploads\/2022\/12\/ffberg_mta_20229-1080x608.jpg 1080w, https:\/\/www.ffw-berg.de\/wordpress\/wp-content\/uploads\/2022\/12\/ffberg_mta_20229-300x169.jpg 300w, https:\/\/www.ffw-berg.de\/wordpress\/wp-content\/uploads\/2022\/12\/ffberg_mta_20229-120x68.jpg 120w, https:\/\/www.ffw-berg.de\/wordpress\/wp-content\/uploads\/2022\/12\/ffberg_mta_20229-768x432.jpg 768w, https:\/\/www.ffw-berg.de\/wordpress\/wp-content\/uploads\/2022\/12\/ffberg_mta_20229-1536x864.jpg 1536w, https:\/\/www.ffw-berg.de\/wordpress\/wp-content\/uploads\/2022\/12\/ffberg_mta_20229-678x381.jpg 678w, https:\/\/www.ffw-berg.de\/wordpress\/wp-content\/uploads\/2022\/12\/ffberg_mta_20229.jpg 1920w\" sizes=\"auto, (max-width: 1080px) 100vw, 1080px\" \/><\/a><\/figure>\n<\/figure>\n\n\n\n<p>Im Anschluss an die Zwischenpr\u00fcfung konnte noch am selben Tag von zehn Kameradinnen und Kameraden die Pr\u00fcfung zur Truppf\u00fchrer-Qualifikation abgelegt werden. Nach dem bestandenen Basismodul legten die Kameraden im vergangenen Jahr das Modul Ausbildungs- und \u00dcbungsdienst in ihren Wehren ab, in dem die erlangten Grundkenntnisse in verschiedenen Ausbildungseinheiten und Einsatz\u00fcbungen vertieft und gefestigt wurden. Die Modulare Truppausbildung endet schlie\u00dflich mit der sogenannten Truppf\u00fchrer-Qualifikation, bei der die Feuerwehrdienstleistenden das ordnungsgem\u00e4\u00dfe F\u00fchren des Trupps unter Beweis stellen m\u00fcssen. <\/p>\n\n\n\n<p>Neben einer theoretischen Pr\u00fcfung wurde der praktische Teil in diesem Jahr als Pilotprojekt durch eine Einsatz\u00fcbung abgebildet, bei der es ein realit\u00e4tsnahes Einsatzszenario von den angehenden Truppf\u00fchrern abzuarbeiten galt.&nbsp;<\/p>\n\n\n\n<p>Hierbei musste von den angehenden Truppf\u00fchrern ein kombiniertes Einsatzszenario aus dem Bereich THL und Brandbek\u00e4mpfung abgearbeitet werden. Unter anderem musste eine Person, die unter einem LKW eingeklemmt war, mittels Hebekissen befreit werden und mehrere Personen \u00fcber Steckleiterteile von einem Balkon gerettet werden.<\/p>\n\n\n\n<figure class=\"wp-block-gallery has-nested-images columns-2 is-cropped wp-block-gallery-2 is-layout-flex wp-block-gallery-is-layout-flex\">\n<figure class=\"wp-block-image size-large\"><a href=\"https:\/\/www.ffw-berg.de\/wordpress\/wp-content\/uploads\/2022\/12\/ffberg_mta_20223.jpg\"><img loading=\"lazy\" decoding=\"async\" width=\"576\" height=\"768\" data-id=\"217225\" src=\"https:\/\/www.ffw-berg.de\/wordpress\/wp-content\/uploads\/2022\/12\/ffberg_mta_20223-576x768.jpg\" alt=\"\" class=\"wp-image-217225\" srcset=\"https:\/\/www.ffw-berg.de\/wordpress\/wp-content\/uploads\/2022\/12\/ffberg_mta_20223-576x768.jpg 576w, https:\/\/www.ffw-berg.de\/wordpress\/wp-content\/uploads\/2022\/12\/ffberg_mta_20223-188x250.jpg 188w, https:\/\/www.ffw-berg.de\/wordpress\/wp-content\/uploads\/2022\/12\/ffberg_mta_20223-90x120.jpg 90w, https:\/\/www.ffw-berg.de\/wordpress\/wp-content\/uploads\/2022\/12\/ffberg_mta_20223-768x1024.jpg 768w, https:\/\/www.ffw-berg.de\/wordpress\/wp-content\/uploads\/2022\/12\/ffberg_mta_20223-1152x1536.jpg 1152w, https:\/\/www.ffw-berg.de\/wordpress\/wp-content\/uploads\/2022\/12\/ffberg_mta_20223.jpg 1440w\" sizes=\"auto, (max-width: 576px) 100vw, 576px\" \/><\/a><\/figure>\n\n\n\n<figure class=\"wp-block-image size-large\"><a href=\"https:\/\/www.ffw-berg.de\/wordpress\/wp-content\/uploads\/2022\/12\/ffberg_mta_20224.jpg\"><img loading=\"lazy\" decoding=\"async\" width=\"576\" height=\"768\" data-id=\"217226\" src=\"https:\/\/www.ffw-berg.de\/wordpress\/wp-content\/uploads\/2022\/12\/ffberg_mta_20224-576x768.jpg\" alt=\"\" class=\"wp-image-217226\" srcset=\"https:\/\/www.ffw-berg.de\/wordpress\/wp-content\/uploads\/2022\/12\/ffberg_mta_20224-576x768.jpg 576w, https:\/\/www.ffw-berg.de\/wordpress\/wp-content\/uploads\/2022\/12\/ffberg_mta_20224-188x250.jpg 188w, https:\/\/www.ffw-berg.de\/wordpress\/wp-content\/uploads\/2022\/12\/ffberg_mta_20224-90x120.jpg 90w, https:\/\/www.ffw-berg.de\/wordpress\/wp-content\/uploads\/2022\/12\/ffberg_mta_20224-768x1024.jpg 768w, https:\/\/www.ffw-berg.de\/wordpress\/wp-content\/uploads\/2022\/12\/ffberg_mta_20224-1152x1536.jpg 1152w, https:\/\/www.ffw-berg.de\/wordpress\/wp-content\/uploads\/2022\/12\/ffberg_mta_20224.jpg 1440w\" sizes=\"auto, (max-width: 576px) 100vw, 576px\" \/><\/a><\/figure>\n\n\n\n<figure class=\"wp-block-image size-large\"><a href=\"https:\/\/www.ffw-berg.de\/wordpress\/wp-content\/uploads\/2022\/12\/ffberg_mta_20227.jpg\"><img loading=\"lazy\" decoding=\"async\" width=\"1080\" height=\"608\" data-id=\"217227\" src=\"https:\/\/www.ffw-berg.de\/wordpress\/wp-content\/uploads\/2022\/12\/ffberg_mta_20227-1080x608.jpg\" alt=\"\" class=\"wp-image-217227\" srcset=\"https:\/\/www.ffw-berg.de\/wordpress\/wp-content\/uploads\/2022\/12\/ffberg_mta_20227-1080x608.jpg 1080w, https:\/\/www.ffw-berg.de\/wordpress\/wp-content\/uploads\/2022\/12\/ffberg_mta_20227-300x169.jpg 300w, https:\/\/www.ffw-berg.de\/wordpress\/wp-content\/uploads\/2022\/12\/ffberg_mta_20227-120x68.jpg 120w, https:\/\/www.ffw-berg.de\/wordpress\/wp-content\/uploads\/2022\/12\/ffberg_mta_20227-768x432.jpg 768w, https:\/\/www.ffw-berg.de\/wordpress\/wp-content\/uploads\/2022\/12\/ffberg_mta_20227-1536x864.jpg 1536w, https:\/\/www.ffw-berg.de\/wordpress\/wp-content\/uploads\/2022\/12\/ffberg_mta_20227-678x381.jpg 678w, https:\/\/www.ffw-berg.de\/wordpress\/wp-content\/uploads\/2022\/12\/ffberg_mta_20227.jpg 1920w\" sizes=\"auto, (max-width: 1080px) 100vw, 1080px\" \/><\/a><\/figure>\n<\/figure>\n\n\n\n<p>Abschlie\u00dfend gratulierten KBR Reiner Hoffmann und KBI Rolf Hornfischer den Teilnehmern beider Lehrg\u00e4nge zur bestandenen Pr\u00fcfung und lobten ihr ehrenamtliches Engagement.<\/p>\n\n\n\n<figure class=\"wp-block-image size-large\"><a href=\"https:\/\/www.ffw-berg.de\/wordpress\/wp-content\/uploads\/2022\/12\/ffberg_mta_20221.jpg\"><img loading=\"lazy\" decoding=\"async\" width=\"1080\" height=\"607\" src=\"https:\/\/www.ffw-berg.de\/wordpress\/wp-content\/uploads\/2022\/12\/ffberg_mta_20221-1080x607.jpg\" alt=\"\" class=\"wp-image-217224\" srcset=\"https:\/\/www.ffw-berg.de\/wordpress\/wp-content\/uploads\/2022\/12\/ffberg_mta_20221-1080x607.jpg 1080w, https:\/\/www.ffw-berg.de\/wordpress\/wp-content\/uploads\/2022\/12\/ffberg_mta_20221-300x169.jpg 300w, https:\/\/www.ffw-berg.de\/wordpress\/wp-content\/uploads\/2022\/12\/ffberg_mta_20221-120x67.jpg 120w, https:\/\/www.ffw-berg.de\/wordpress\/wp-content\/uploads\/2022\/12\/ffberg_mta_20221-768x432.jpg 768w, https:\/\/www.ffw-berg.de\/wordpress\/wp-content\/uploads\/2022\/12\/ffberg_mta_20221-1536x863.jpg 1536w, https:\/\/www.ffw-berg.de\/wordpress\/wp-content\/uploads\/2022\/12\/ffberg_mta_20221-678x381.jpg 678w, https:\/\/www.ffw-berg.de\/wordpress\/wp-content\/uploads\/2022\/12\/ffberg_mta_20221.jpg 1920w\" sizes=\"auto, (max-width: 1080px) 100vw, 1080px\" \/><\/a><\/figure>\n\n\n\n<figure class=\"wp-block-image size-large\"><a href=\"https:\/\/www.ffw-berg.de\/wordpress\/wp-content\/uploads\/2022\/12\/ffberg_mta_20220.jpg\"><img loading=\"lazy\" decoding=\"async\" width=\"1080\" height=\"719\" src=\"https:\/\/www.ffw-berg.de\/wordpress\/wp-content\/uploads\/2022\/12\/ffberg_mta_20220-1080x719.jpg\" alt=\"\" class=\"wp-image-217223\" srcset=\"https:\/\/www.ffw-berg.de\/wordpress\/wp-content\/uploads\/2022\/12\/ffberg_mta_20220-1080x719.jpg 1080w, https:\/\/www.ffw-berg.de\/wordpress\/wp-content\/uploads\/2022\/12\/ffberg_mta_20220-300x200.jpg 300w, https:\/\/www.ffw-berg.de\/wordpress\/wp-content\/uploads\/2022\/12\/ffberg_mta_20220-120x80.jpg 120w, https:\/\/www.ffw-berg.de\/wordpress\/wp-content\/uploads\/2022\/12\/ffberg_mta_20220-768x512.jpg 768w, https:\/\/www.ffw-berg.de\/wordpress\/wp-content\/uploads\/2022\/12\/ffberg_mta_20220-1536x1023.jpg 1536w, https:\/\/www.ffw-berg.de\/wordpress\/wp-content\/uploads\/2022\/12\/ffberg_mta_20220.jpg 1920w\" sizes=\"auto, (max-width: 1080px) 100vw, 1080px\" \/><\/a><\/figure>\n\n\n\n<p class=\"has-small-font-size\">Bericht: Maximilian Schaller<\/p>\n\n\n\n<h4 class=\"has-text-align-center wp-block-heading\">Alle Bilder in unserem Album bei<\/h4>\n\n\n\n<figure class=\"wp-block-embed is-type-rich is-provider-google-photos wp-block-embed-google-photos\"><div class=\"wp-block-embed__wrapper\">\n<blockquote class=\"embedly-card\" data-card-controls=\"0\" data-card-align=\"center\" data-card-theme=\"light\"><h4><a href=\"https:\/\/photos.app.goo.gl\/td11eHXF4NvnsMut8\">No Title<\/a><\/h4><p>No Description<\/p><\/blockquote><script async src=\"\/\/cdn.embedly.com\/widgets\/platform.js\" charset=\"UTF-8\"><\/script>\n<\/div><\/figure>\n","protected":false},"excerpt":{"rendered":"<div class=\"mh-excerpt\">Am Samstag, 12.11.22, konnten 6 Kameradinnen und Kameraden aus dem Gemeindegebiet Berg, sowie 12 Kameradinnen und Kameraden aus dem Stadtgebiet Naila, das Basismodul der Modularen Truppausbildung mit dem Ablegen der Zwischenpr\u00fcfung erfolgreich abschlie\u00dfen.\u00a0<\/div>\n<p> <a class=\"mh-excerpt-more\" href=\"https:\/\/www.ffw-berg.de\/wordpress\/mta-truppfuehrer-qualifikation-erfolgreich-abgeschlossen\/\" title=\"MTA &amp; Truppf\u00fchrer Qualifikation erfolgreich abgeschlossen\">[  Mehr &gt;&gt; ]<\/a><\/p>\n","protected":false},"author":2,"featured_media":217224,"comment_status":"closed","ping_status":"open","sticky":false,"template":"","format":"standard","meta":{"footnotes":""},"categories":[896,659,29],"tags":[103,529,660,950,1034,1036,1298,1299,1373,1374],"class_list":{"0":"post-217221","1":"post","2":"type-post","3":"status-publish","4":"format-standard","5":"has-post-thumbnail","7":"category-pressearchiv","8":"category-mta","9":"category-jf-activities","10":"tag-uebungen","11":"tag-modulare-truppausbildung","12":"tag-mta","13":"tag-truppfuehrerqualifikation","14":"tag-basismodul","15":"tag-truppfuehrer","16":"tag-ffw-berg-ofr","17":"tag-95180-berg","18":"tag-einsatzszenario","19":"tag-mta22"},"_links":{"self":[{"href":"https:\/\/www.ffw-berg.de\/wordpress\/wp-json\/wp\/v2\/posts\/217221","targetHints":{"allow":["GET"]}}],"collection":[{"href":"https:\/\/www.ffw-berg.de\/wordpress\/wp-json\/wp\/v2\/posts"}],"about":[{"href":"https:\/\/www.ffw-berg.de\/wordpress\/wp-json\/wp\/v2\/types\/post"}],"author":[{"embeddable":true,"href":"https:\/\/www.ffw-berg.de\/wordpress\/wp-json\/wp\/v2\/users\/2"}],"replies":[{"embeddable":true,"href":"https:\/\/www.ffw-berg.de\/wordpress\/wp-json\/wp\/v2\/comments?post=217221"}],"version-history":[{"count":0,"href":"https:\/\/www.ffw-berg.de\/wordpress\/wp-json\/wp\/v2\/posts\/217221\/revisions"}],"wp:featuredmedia":[{"embeddable":true,"href":"https:\/\/www.ffw-berg.de\/wordpress\/wp-json\/wp\/v2\/media\/217224"}],"wp:attachment":[{"href":"https:\/\/www.ffw-berg.de\/wordpress\/wp-json\/wp\/v2\/media?parent=217221"}],"wp:term":[{"taxonomy":"category","embeddable":true,"href":"https:\/\/www.ffw-berg.de\/wordpress\/wp-json\/wp\/v2\/categories?post=217221"},{"taxonomy":"post_tag","embeddable":true,"href":"https:\/\/www.ffw-berg.de\/wordpress\/wp-json\/wp\/v2\/tags?post=217221"}],"curies":[{"name":"wp","href":"https:\/\/api.w.org\/{rel}","templated":true}]}}