{"id":217294,"date":"2022-12-19T19:27:00","date_gmt":"2022-12-19T18:27:00","guid":{"rendered":"https:\/\/www.ffw-berg.de\/wordpress\/?p=217294"},"modified":"2023-01-29T22:18:47","modified_gmt":"2023-01-29T21:18:47","slug":"einsatz-vom-19-12-22-brand-bus","status":"publish","type":"post","link":"https:\/\/www.ffw-berg.de\/wordpress\/einsatz-vom-19-12-22-brand-bus\/","title":{"rendered":"Einsatz vom 19.12.22 &#8211; Brand Bus"},"content":{"rendered":"\n<div class=\"wp-block-columns has-2-columns is-layout-flex wp-container-core-columns-is-layout-9d6595d7 wp-block-columns-is-layout-flex\">\n<div class=\"wp-block-column is-layout-flow wp-block-column-is-layout-flow\">\n<p class=\"has-text-color\" style=\"color:#800000\"><strong>Nr.<\/strong><\/p>\n\n\n\n<p class=\"has-text-color\" style=\"color:#800000\"><strong>Alarmzeit<\/strong><\/p>\n\n\n\n<p class=\"has-text-color\" style=\"color:#800000\"><strong>Einsatzdauer<\/strong><\/p>\n\n\n\n<p class=\"has-text-color\" style=\"color:#800000\"><strong>Einsatzort<\/strong><\/p>\n\n\n\n<p class=\"has-text-color\" style=\"color:#800000\"><strong>Einsatzart&nbsp;<\/strong><\/p>\n\n\n\n<p class=\"has-text-color\" style=\"color:#800000\"><strong>Eingesetzte Fahrzeuge&nbsp;<\/strong><\/p>\n\n\n\n<p class=\"has-text-color\" style=\"color:#800000\"><strong>Einsatzmittel<\/strong><\/p>\n<\/div>\n\n\n\n<div class=\"wp-block-column is-layout-flow wp-block-column-is-layout-flow\">\n<p>55<\/p>\n\n\n\n<p>07.18 Uhr<\/p>\n\n\n\n<p>4,72 Std.<\/p>\n\n\n\n<p>ST2198 Richtung Eichenstein, Issigau<\/p>\n\n\n\n<p>B3 | Brand Bus au\u00dferorts<\/p>\n\n\n\n<p>HLF20, MTW<\/p>\n\n\n\n<p>PA, Sonderl\u00f6schmittel (Schaum, 40), Schaumrohre, Feuerl\u00f6schkreiselpumpe (2000 ltr.), Beleuchtungsger\u00e4t, Kommunikationsger\u00e4t, sonstiges Ger\u00e4t<\/p>\n<\/div>\n<\/div>\n\n\n\n<hr class=\"wp-block-separator has-css-opacity is-style-wide\"\/>\n\n\n\n<h4 class=\"wp-block-heading\">Einsatzbericht<\/h4>\n\n\n\n<p>Die Feuerwehr Berg wurde wegen eines Bus Brandes alarmiert.<\/p>\n\n\n\n<p>Bei Eintreffen der ersten Kr\u00e4fte stand der Motor des Buses bereits in Vollbrand. Durch FL Berg 40\/1 erfolgte die Brandbek\u00e4mpfung \u00fcber ein Kombischaumrohr, sowie die Ausleuchtung der Einsatzstelle mittels Lichtmast. Zus\u00e4tzlich wurde ein Sicherungstrupp gestellt.<\/p>\n\n\n\n<hr class=\"wp-block-separator has-alpha-channel-opacity is-style-wide\"\/>\n\n\n\n<h4 class=\"wp-block-heading\">Weitere Informationen:<\/h4>\n\n\n\n<p>Pressebericht der Frankenpost vom 19.12.22 <strong><a rel=\"noreferrer noopener\" href=\"https:\/\/www.frankenpost.de\/inhalt.am-morgen-schulbus-brennt-bei-issigau.337021c0-e50b-4913-a76f-d8894677f604.html\" data-type=\"URL\" data-id=\"https:\/\/www.frankenpost.de\/inhalt.am-morgen-schulbus-brennt-bei-issigau.337021c0-e50b-4913-a76f-d8894677f604.html\" target=\"_blank\">hier lesen ><\/a><\/strong><\/p>\n","protected":false},"excerpt":{"rendered":"<div class=\"mh-excerpt\">Nr. 55 | Zeit: 07.18 Uhr | ST2198 Richtung Eichenstein, Issigau| B<\/p>\n<p>Eingesetzte Fahrzeuge:<br \/>\nHLF20, MTW<\/p><\/div>\n<p> <a class=\"mh-excerpt-more\" href=\"https:\/\/www.ffw-berg.de\/wordpress\/einsatz-vom-19-12-22-brand-bus\/\" title=\"Einsatz vom 19.12.22 &#8211; Brand Bus\">[  Mehr &gt;&gt; ]<\/a><\/p>\n","protected":false},"author":2,"featured_media":212207,"comment_status":"closed","ping_status":"open","sticky":false,"template":"","format":"standard","meta":{"footnotes":""},"categories":[1154],"tags":[933,71,82,362,86,87,95,147,158,203,303,313,684,801,894],"class_list":{"0":"post-217294","1":"post","2":"type-post","3":"status-publish","4":"format-standard","5":"has-post-thumbnail","7":"category-einsaetze-2022","8":"tag-tragbare-feuerwehrleitern","9":"tag-wbk","10":"tag-lf86","11":"tag-vsa","12":"tag-fahrzeugbrand","13":"tag-bab-a9","14":"tag-pa","15":"tag-kommunikationsmittel","16":"tag-brand-lkw","17":"tag-chemische-oelbindemittel","18":"tag-lkw-brand","19":"tag-fahrzeugloeschwasserbehaelter","20":"tag-schaum","21":"tag-sonderloeschmittel","22":"tag-hlf20"},"_links":{"self":[{"href":"https:\/\/www.ffw-berg.de\/wordpress\/wp-json\/wp\/v2\/posts\/217294","targetHints":{"allow":["GET"]}}],"collection":[{"href":"https:\/\/www.ffw-berg.de\/wordpress\/wp-json\/wp\/v2\/posts"}],"about":[{"href":"https:\/\/www.ffw-berg.de\/wordpress\/wp-json\/wp\/v2\/types\/post"}],"author":[{"embeddable":true,"href":"https:\/\/www.ffw-berg.de\/wordpress\/wp-json\/wp\/v2\/users\/2"}],"replies":[{"embeddable":true,"href":"https:\/\/www.ffw-berg.de\/wordpress\/wp-json\/wp\/v2\/comments?post=217294"}],"version-history":[{"count":0,"href":"https:\/\/www.ffw-berg.de\/wordpress\/wp-json\/wp\/v2\/posts\/217294\/revisions"}],"wp:featuredmedia":[{"embeddable":true,"href":"https:\/\/www.ffw-berg.de\/wordpress\/wp-json\/wp\/v2\/media\/212207"}],"wp:attachment":[{"href":"https:\/\/www.ffw-berg.de\/wordpress\/wp-json\/wp\/v2\/media?parent=217294"}],"wp:term":[{"taxonomy":"category","embeddable":true,"href":"https:\/\/www.ffw-berg.de\/wordpress\/wp-json\/wp\/v2\/categories?post=217294"},{"taxonomy":"post_tag","embeddable":true,"href":"https:\/\/www.ffw-berg.de\/wordpress\/wp-json\/wp\/v2\/tags?post=217294"}],"curies":[{"name":"wp","href":"https:\/\/api.w.org\/{rel}","templated":true}]}}