{"id":217506,"date":"2023-01-18T08:26:00","date_gmt":"2023-01-18T07:26:00","guid":{"rendered":"https:\/\/www.ffw-berg.de\/wordpress\/?p=217506"},"modified":"2024-01-01T18:06:29","modified_gmt":"2024-01-01T17:06:29","slug":"einsatz-vom-18-01-23-vu-abc-einsatz-kraftstoff","status":"publish","type":"post","link":"https:\/\/www.ffw-berg.de\/wordpress\/einsatz-vom-18-01-23-vu-abc-einsatz-kraftstoff\/","title":{"rendered":"Einsatz vom 18.01.23 &#8211; VU, ABC Einsatz Kraftstoff"},"content":{"rendered":"\n<div class=\"wp-block-columns has-2-columns is-layout-flex wp-container-core-columns-is-layout-9d6595d7 wp-block-columns-is-layout-flex\">\n<div class=\"wp-block-column is-layout-flow wp-block-column-is-layout-flow\">\n<p class=\"has-text-color\" style=\"color:#800000\"><strong>Nr.<\/strong><\/p>\n\n\n\n<p class=\"has-text-color\" style=\"color:#800000\"><strong>Alarmzeit<\/strong><\/p>\n\n\n\n<p class=\"has-text-color\" style=\"color:#800000\"><strong>Einsatzdauer<\/strong><\/p>\n\n\n\n<p class=\"has-text-color\" style=\"color:#800000\"><strong>Einsatzort<\/strong><\/p>\n\n\n\n<p class=\"has-text-color\" style=\"color:#800000\"><strong>Einsatzart&nbsp;<\/strong><\/p>\n\n\n\n<p class=\"has-text-color\" style=\"color:#800000\"><strong>Eingesetzte Fahrzeuge&nbsp;<\/strong><\/p>\n\n\n\n<p class=\"has-text-color\" style=\"color:#800000\"><strong>Einsatzmittel<\/strong><\/p>\n<\/div>\n\n\n\n<div class=\"wp-block-column is-layout-flow wp-block-column-is-layout-flow\">\n<p>02<\/p>\n\n\n\n<p>08.26 Uhr<\/p>\n\n\n\n<p>4,60 Std.<\/p>\n\n\n\n<p>BAB A9 Fahrtrichtung S\u00fcden, km 245<\/p>\n\n\n\n<p>ABC Kraftstoff | Auslaufender Kraftstoff aus LKW<\/p>\n\n\n\n<p>LF8\/6, MTW, VSA, A-\u00d6SA<\/p>\n\n\n\n<p>Verkehrslenkungsger\u00e4t, Chem. \u00d6lbindemittel, sonstiges Ger\u00e4t\/Material, Kommunikationsmittel<\/p>\n<\/div>\n<\/div>\n\n\n\n<hr class=\"wp-block-separator has-css-opacity is-style-wide\"\/>\n\n\n\n<h4 class=\"wp-block-heading\">Einsatzbericht<\/h4>\n\n\n\n<p>Die Feuerwehr Berg wurde wegen auslaufender Betriebsstoffe alarmiert.<\/p>\n\n\n\n<p>Gro\u00dfe Menge ausgelaufener Kraftstoff aus LKW-Tank nach VU.<\/p>\n\n\n\n<p>Auslaufender Diesel mittels Schuttmulden aufgefangen, gemeinsam mit der FF Tiefengr\u00fcn wurden ca. 200 Liter Diesel abgepumpt und der leckgeschlagene Tank mittels Keilen abgedichtet. Des Weiteren wurde der auslaufende Kraftstoff mittels \u00d6lbindemittel gebunden.<\/p>\n\n\n\n<p>Mittels VSA wurde die BAB 9 komplett gesperrt und der Verkehr an der AS Rudolphstein \u00fcber die Rastanlage Frankenwald abgeleitet. Im weiteren Einsatzverlauf wurde das Abschleppunternehmen bei der Bergung des Fahrzeugs unterst\u00fctzt.<\/p>\n\n\n\n<hr class=\"wp-block-separator has-css-opacity is-style-wide\"\/>\n\n\n\n<h4 class=\"has-text-align-center wp-block-heading\">Einsatzfotos:<\/h4>\n\n\n<div class=\"wp-block-image\">\n<figure class=\"aligncenter size-large\"><img loading=\"lazy\" decoding=\"async\" width=\"1080\" height=\"608\" src=\"https:\/\/www.ffw-berg.de\/wordpress\/wp-content\/uploads\/2023\/01\/2023-01-18_vu-1080x608.jpg\" alt=\"\" class=\"wp-image-217507\" srcset=\"https:\/\/www.ffw-berg.de\/wordpress\/wp-content\/uploads\/2023\/01\/2023-01-18_vu-1080x608.jpg 1080w, https:\/\/www.ffw-berg.de\/wordpress\/wp-content\/uploads\/2023\/01\/2023-01-18_vu-300x169.jpg 300w, https:\/\/www.ffw-berg.de\/wordpress\/wp-content\/uploads\/2023\/01\/2023-01-18_vu-120x68.jpg 120w, https:\/\/www.ffw-berg.de\/wordpress\/wp-content\/uploads\/2023\/01\/2023-01-18_vu-768x432.jpg 768w, https:\/\/www.ffw-berg.de\/wordpress\/wp-content\/uploads\/2023\/01\/2023-01-18_vu-678x381.jpg 678w, https:\/\/www.ffw-berg.de\/wordpress\/wp-content\/uploads\/2023\/01\/2023-01-18_vu.jpg 1494w\" sizes=\"auto, (max-width: 1080px) 100vw, 1080px\" \/><\/figure>\n<\/div>","protected":false},"excerpt":{"rendered":"<div class=\"mh-excerpt\">Nr. 02 | Zeit: 08.26 Uhr | BAB A9 Fahrtrichtung S\u00fcden | ABC<\/p>\n<p>Eingesetzte Fahrzeuge:<br \/>\nLF 8\/6, MTW, VSA, A-\u00d6SA<\/p><\/div>\n<p> <a class=\"mh-excerpt-more\" href=\"https:\/\/www.ffw-berg.de\/wordpress\/einsatz-vom-18-01-23-vu-abc-einsatz-kraftstoff\/\" title=\"Einsatz vom 18.01.23 &#8211; VU, ABC Einsatz Kraftstoff\">[  Mehr &gt;&gt; ]<\/a><\/p>\n","protected":false},"author":2,"featured_media":217507,"comment_status":"closed","ping_status":"open","sticky":false,"template":"","format":"standard","meta":{"footnotes":""},"categories":[1309],"tags":[82,362,87,364,202,203,572,855,878,1307],"class_list":{"0":"post-217506","1":"post","2":"type-post","3":"status-publish","4":"format-standard","5":"has-post-thumbnail","7":"category-einsaetze-2023","8":"tag-lf86","9":"tag-vsa","10":"tag-bab-a9","11":"tag-mtw","12":"tag-a-oesa","13":"tag-chemische-oelbindemittel","14":"tag-verkehrslenkungsgeraet","15":"tag-sonstiges-geraet","16":"tag-abc","17":"tag-schuttmulden"},"_links":{"self":[{"href":"https:\/\/www.ffw-berg.de\/wordpress\/wp-json\/wp\/v2\/posts\/217506","targetHints":{"allow":["GET"]}}],"collection":[{"href":"https:\/\/www.ffw-berg.de\/wordpress\/wp-json\/wp\/v2\/posts"}],"about":[{"href":"https:\/\/www.ffw-berg.de\/wordpress\/wp-json\/wp\/v2\/types\/post"}],"author":[{"embeddable":true,"href":"https:\/\/www.ffw-berg.de\/wordpress\/wp-json\/wp\/v2\/users\/2"}],"replies":[{"embeddable":true,"href":"https:\/\/www.ffw-berg.de\/wordpress\/wp-json\/wp\/v2\/comments?post=217506"}],"version-history":[{"count":0,"href":"https:\/\/www.ffw-berg.de\/wordpress\/wp-json\/wp\/v2\/posts\/217506\/revisions"}],"wp:featuredmedia":[{"embeddable":true,"href":"https:\/\/www.ffw-berg.de\/wordpress\/wp-json\/wp\/v2\/media\/217507"}],"wp:attachment":[{"href":"https:\/\/www.ffw-berg.de\/wordpress\/wp-json\/wp\/v2\/media?parent=217506"}],"wp:term":[{"taxonomy":"category","embeddable":true,"href":"https:\/\/www.ffw-berg.de\/wordpress\/wp-json\/wp\/v2\/categories?post=217506"},{"taxonomy":"post_tag","embeddable":true,"href":"https:\/\/www.ffw-berg.de\/wordpress\/wp-json\/wp\/v2\/tags?post=217506"}],"curies":[{"name":"wp","href":"https:\/\/api.w.org\/{rel}","templated":true}]}}