{"id":217529,"date":"2023-02-12T13:00:00","date_gmt":"2023-02-12T12:00:00","guid":{"rendered":"https:\/\/www.ffw-berg.de\/wordpress\/?p=217529"},"modified":"2026-02-24T12:12:14","modified_gmt":"2026-02-24T11:12:14","slug":"spendenuebergabe-spruehrohr","status":"publish","type":"post","link":"https:\/\/www.ffw-berg.de\/wordpress\/spendenuebergabe-spruehrohr\/","title":{"rendered":"Spenden\u00fcbergabe Spr\u00fchrohr"},"content":{"rendered":"\n<p>Durch die gro\u00dfz\u00fcgige Spende unseres Kameraden und langj\u00e4hrigen Kommandanten Marco Kolbinger konnten wir Ende des vergangenen Jahres ein sogenanntes <strong>Spr\u00fchrohr<\/strong> nach dem Modell des Instituts der Feuerwehr NRW in Empfang nehmen.<\/p>\n\n\n\n<figure class=\"wp-block-image size-large\"><img loading=\"lazy\" decoding=\"async\" width=\"1080\" height=\"608\" src=\"https:\/\/www.ffw-berg.de\/wordpress\/wp-content\/uploads\/2023\/02\/spruehrohruebergabe-1080x608.jpg\" alt=\"\" class=\"wp-image-217534\" srcset=\"https:\/\/www.ffw-berg.de\/wordpress\/wp-content\/uploads\/2023\/02\/spruehrohruebergabe-1080x608.jpg 1080w, https:\/\/www.ffw-berg.de\/wordpress\/wp-content\/uploads\/2023\/02\/spruehrohruebergabe-300x169.jpg 300w, https:\/\/www.ffw-berg.de\/wordpress\/wp-content\/uploads\/2023\/02\/spruehrohruebergabe-120x68.jpg 120w, https:\/\/www.ffw-berg.de\/wordpress\/wp-content\/uploads\/2023\/02\/spruehrohruebergabe-768x432.jpg 768w, https:\/\/www.ffw-berg.de\/wordpress\/wp-content\/uploads\/2023\/02\/spruehrohruebergabe-1536x864.jpg 1536w, https:\/\/www.ffw-berg.de\/wordpress\/wp-content\/uploads\/2023\/02\/spruehrohruebergabe-678x381.jpg 678w, https:\/\/www.ffw-berg.de\/wordpress\/wp-content\/uploads\/2023\/02\/spruehrohruebergabe.jpg 1920w\" sizes=\"auto, (max-width: 1080px) 100vw, 1080px\" \/><\/figure>\n\n\n\n<p>Die Spr\u00fchrohre wurden speziell f\u00fcr den Einsatz <strong>zum K\u00fchlen von Elektrofahrzeugen konzipiert.<\/strong>&nbsp;Aufgrund der kompakten Bauweise&nbsp;kann das Rohr direkt unter dem Fahrzeug positioniert werden, um den Akku zielgerichtet k\u00fchlen zu k\u00f6nnen.&nbsp;<\/p>\n\n\n\n<figure class=\"wp-block-image size-large\"><img loading=\"lazy\" decoding=\"async\" width=\"1080\" height=\"607\" src=\"https:\/\/www.ffw-berg.de\/wordpress\/wp-content\/uploads\/2023\/02\/spruehrohr-1080x607.jpg\" alt=\"\" class=\"wp-image-217531\" srcset=\"https:\/\/www.ffw-berg.de\/wordpress\/wp-content\/uploads\/2023\/02\/spruehrohr-1080x607.jpg 1080w, https:\/\/www.ffw-berg.de\/wordpress\/wp-content\/uploads\/2023\/02\/spruehrohr-300x169.jpg 300w, https:\/\/www.ffw-berg.de\/wordpress\/wp-content\/uploads\/2023\/02\/spruehrohr-120x67.jpg 120w, https:\/\/www.ffw-berg.de\/wordpress\/wp-content\/uploads\/2023\/02\/spruehrohr-768x432.jpg 768w, https:\/\/www.ffw-berg.de\/wordpress\/wp-content\/uploads\/2023\/02\/spruehrohr-1536x864.jpg 1536w, https:\/\/www.ffw-berg.de\/wordpress\/wp-content\/uploads\/2023\/02\/spruehrohr-678x381.jpg 678w, https:\/\/www.ffw-berg.de\/wordpress\/wp-content\/uploads\/2023\/02\/spruehrohr.jpg 1940w\" sizes=\"auto, (max-width: 1080px) 100vw, 1080px\" \/><\/figure>\n\n\n\n<p>Verlastet ist das Spr\u00fchrohr auf unserem HLF 20 und kann in Zukunft \u00fcber die Leitstelle bei Eins\u00e4tzen mit Elektrofahrzeugen nachgefordert werden.&nbsp;<\/p>\n\n\n\n<p>Vielen Dank f\u00fcr die Spende, Marco!<\/p>\n","protected":false},"excerpt":{"rendered":"<div class=\"mh-excerpt\">Durch die gro\u00dfz\u00fcgige Spende unseres Kameraden und langj\u00e4hrigen Kommandanten Marco Kolbinger konnten wir Ende des vergangenen Jahres ein sogenanntes Spr\u00fchrohr nach dem Modell des Instituts der Feuerwehr NRW in Empfang nehmen.<\/div>\n<p> <a class=\"mh-excerpt-more\" href=\"https:\/\/www.ffw-berg.de\/wordpress\/spendenuebergabe-spruehrohr\/\" title=\"Spenden\u00fcbergabe Spr\u00fchrohr\">[  Mehr &gt;&gt; ]<\/a><\/p>\n","protected":false},"author":2,"featured_media":217534,"comment_status":"closed","ping_status":"open","sticky":false,"template":"","format":"standard","meta":{"footnotes":""},"categories":[896,747,745],"tags":[394,395,894,1383,1384,1385,1386],"class_list":{"0":"post-217529","1":"post","2":"type-post","3":"status-publish","4":"format-standard","5":"has-post-thumbnail","7":"category-pressearchiv","8":"category-wir-ueber-uns-2","9":"category-technik","10":"tag-spende","11":"tag-spendenuebergabe","12":"tag-hlf20","13":"tag-spruehrohr","14":"tag-elektrofahrzeuge","15":"tag-akku-kuehlen","16":"tag-sprohr"},"_links":{"self":[{"href":"https:\/\/www.ffw-berg.de\/wordpress\/wp-json\/wp\/v2\/posts\/217529","targetHints":{"allow":["GET"]}}],"collection":[{"href":"https:\/\/www.ffw-berg.de\/wordpress\/wp-json\/wp\/v2\/posts"}],"about":[{"href":"https:\/\/www.ffw-berg.de\/wordpress\/wp-json\/wp\/v2\/types\/post"}],"author":[{"embeddable":true,"href":"https:\/\/www.ffw-berg.de\/wordpress\/wp-json\/wp\/v2\/users\/2"}],"replies":[{"embeddable":true,"href":"https:\/\/www.ffw-berg.de\/wordpress\/wp-json\/wp\/v2\/comments?post=217529"}],"version-history":[{"count":0,"href":"https:\/\/www.ffw-berg.de\/wordpress\/wp-json\/wp\/v2\/posts\/217529\/revisions"}],"wp:featuredmedia":[{"embeddable":true,"href":"https:\/\/www.ffw-berg.de\/wordpress\/wp-json\/wp\/v2\/media\/217534"}],"wp:attachment":[{"href":"https:\/\/www.ffw-berg.de\/wordpress\/wp-json\/wp\/v2\/media?parent=217529"}],"wp:term":[{"taxonomy":"category","embeddable":true,"href":"https:\/\/www.ffw-berg.de\/wordpress\/wp-json\/wp\/v2\/categories?post=217529"},{"taxonomy":"post_tag","embeddable":true,"href":"https:\/\/www.ffw-berg.de\/wordpress\/wp-json\/wp\/v2\/tags?post=217529"}],"curies":[{"name":"wp","href":"https:\/\/api.w.org\/{rel}","templated":true}]}}