{"id":217541,"date":"2023-02-05T14:00:00","date_gmt":"2023-02-05T13:00:00","guid":{"rendered":"https:\/\/www.ffw-berg.de\/wordpress\/?p=217541"},"modified":"2026-02-24T12:12:04","modified_gmt":"2026-02-24T11:12:04","slug":"marco-kolbinger-wird-neuer-kbr","status":"publish","type":"post","link":"https:\/\/www.ffw-berg.de\/wordpress\/marco-kolbinger-wird-neuer-kbr\/","title":{"rendered":"Marco Kolbinger wird neuer KBR"},"content":{"rendered":"\n<h2 class=\"wp-block-heading\">Fr\u00fchjahrskommandantenversammlung 2023<\/h2>\n\n\n\n<p>Bei der Fr\u00fchjahrskommandantenversammlung am 05.02.23 der Feuerwehren im Landkreis Hof wurde unser Kamerad und langj\u00e4hriger Kommandant Marco Kolbinger zum neuen Kreisbrandrat des Landkreis Hof gew\u00e4hlt.&nbsp;<\/p>\n\n\n<div class=\"wp-block-image\">\n<figure class=\"aligncenter size-large\"><img loading=\"lazy\" decoding=\"async\" width=\"512\" height=\"768\" src=\"https:\/\/www.ffw-berg.de\/wordpress\/wp-content\/uploads\/2023\/02\/Kbr-wahl2023-512x768.jpg\" alt=\"\" class=\"wp-image-217548\" srcset=\"https:\/\/www.ffw-berg.de\/wordpress\/wp-content\/uploads\/2023\/02\/Kbr-wahl2023-512x768.jpg 512w, https:\/\/www.ffw-berg.de\/wordpress\/wp-content\/uploads\/2023\/02\/Kbr-wahl2023-167x250.jpg 167w, https:\/\/www.ffw-berg.de\/wordpress\/wp-content\/uploads\/2023\/02\/Kbr-wahl2023-80x120.jpg 80w, https:\/\/www.ffw-berg.de\/wordpress\/wp-content\/uploads\/2023\/02\/Kbr-wahl2023.jpg 653w\" sizes=\"auto, (max-width: 512px) 100vw, 512px\" \/><figcaption class=\"wp-element-caption\">Archivbild<\/figcaption><\/figure>\n<\/div>\n\n\n<p>Im Namen aller Kameraden gratulieren wir Marco recht herzlich zu seiner Wahl. Wir w\u00fcnschen Dir alles Gute in deiner neuen Position, und immer ein gl\u00fcckliches H\u00e4ndchen bei all deinen Entscheidungen und Herausforderungen!&nbsp;<\/p>\n\n\n\n<p>Gleichzeitig bedanken wir uns bei unserem bisherigen KBR Reiner Hoffmann f\u00fcr die gute Zusammenarbeit und Unterst\u00fctzung in den vergangenen 10 Jahren!<\/p>\n","protected":false},"excerpt":{"rendered":"<div class=\"mh-excerpt\">Bei der Fr\u00fchjahrskommandantenversammlung am 05.02.23 der Feuerwehren im Landkreis Hof wurde unser Kamerad und langj\u00e4hriger Kommandant Marco Kolbinger zum neuen Kreisbrandrat des Landkreis Hof gew\u00e4hlt.<\/div>\n<p> <a class=\"mh-excerpt-more\" href=\"https:\/\/www.ffw-berg.de\/wordpress\/marco-kolbinger-wird-neuer-kbr\/\" title=\"Marco Kolbinger wird neuer KBR\">[  Mehr &gt;&gt; ]<\/a><\/p>\n","protected":false},"author":2,"featured_media":217548,"comment_status":"closed","ping_status":"open","sticky":false,"template":"","format":"standard","meta":{"footnotes":""},"categories":[896,747],"tags":[115,116,443,1298,1387,1388],"class_list":{"0":"post-217541","1":"post","2":"type-post","3":"status-publish","4":"format-standard","5":"has-post-thumbnail","7":"category-pressearchiv","8":"category-wir-ueber-uns-2","9":"tag-landkreis-hof","10":"tag-stadt-hof","11":"tag-kbr","12":"tag-ffw-berg-ofr","13":"tag-kbr-wahl","14":"tag-fruehjahrskommandantenversammlung"},"_links":{"self":[{"href":"https:\/\/www.ffw-berg.de\/wordpress\/wp-json\/wp\/v2\/posts\/217541","targetHints":{"allow":["GET"]}}],"collection":[{"href":"https:\/\/www.ffw-berg.de\/wordpress\/wp-json\/wp\/v2\/posts"}],"about":[{"href":"https:\/\/www.ffw-berg.de\/wordpress\/wp-json\/wp\/v2\/types\/post"}],"author":[{"embeddable":true,"href":"https:\/\/www.ffw-berg.de\/wordpress\/wp-json\/wp\/v2\/users\/2"}],"replies":[{"embeddable":true,"href":"https:\/\/www.ffw-berg.de\/wordpress\/wp-json\/wp\/v2\/comments?post=217541"}],"version-history":[{"count":0,"href":"https:\/\/www.ffw-berg.de\/wordpress\/wp-json\/wp\/v2\/posts\/217541\/revisions"}],"wp:featuredmedia":[{"embeddable":true,"href":"https:\/\/www.ffw-berg.de\/wordpress\/wp-json\/wp\/v2\/media\/217548"}],"wp:attachment":[{"href":"https:\/\/www.ffw-berg.de\/wordpress\/wp-json\/wp\/v2\/media?parent=217541"}],"wp:term":[{"taxonomy":"category","embeddable":true,"href":"https:\/\/www.ffw-berg.de\/wordpress\/wp-json\/wp\/v2\/categories?post=217541"},{"taxonomy":"post_tag","embeddable":true,"href":"https:\/\/www.ffw-berg.de\/wordpress\/wp-json\/wp\/v2\/tags?post=217541"}],"curies":[{"name":"wp","href":"https:\/\/api.w.org\/{rel}","templated":true}]}}