{"id":217630,"date":"2023-02-26T21:00:00","date_gmt":"2023-02-26T20:00:00","guid":{"rendered":"https:\/\/www.ffw-berg.de\/wordpress\/?p=217630"},"modified":"2024-01-01T18:05:43","modified_gmt":"2024-01-01T17:05:43","slug":"einsatz-vom-26-02-23-brand-pkw","status":"publish","type":"post","link":"https:\/\/www.ffw-berg.de\/wordpress\/einsatz-vom-26-02-23-brand-pkw\/","title":{"rendered":"Einsatz vom 26.02.23 &#8211; Brand PKW"},"content":{"rendered":"\n<div class=\"wp-block-columns has-2-columns is-layout-flex wp-container-core-columns-is-layout-9d6595d7 wp-block-columns-is-layout-flex\">\n<div class=\"wp-block-column is-layout-flow wp-block-column-is-layout-flow\">\n<p class=\"has-text-color\" style=\"color:#800000\"><strong>Nr.<\/strong><\/p>\n\n\n\n<p class=\"has-text-color\" style=\"color:#800000\"><strong>Alarmzeit<\/strong><\/p>\n\n\n\n<p class=\"has-text-color\" style=\"color:#800000\"><strong>Einsatzdauer<\/strong><\/p>\n\n\n\n<p class=\"has-text-color\" style=\"color:#800000\"><strong>Einsatzort<\/strong><\/p>\n\n\n\n<p class=\"has-text-color\" style=\"color:#800000\"><strong>Einsatzart&nbsp;<\/strong><\/p>\n\n\n\n<p class=\"has-text-color\" style=\"color:#800000\"><strong>Eingesetzte Fahrzeuge&nbsp;<\/strong><\/p>\n\n\n\n<p class=\"has-text-color\" style=\"color:#800000\"><strong>Einsatzmittel<\/strong><\/p>\n<\/div>\n\n\n\n<div class=\"wp-block-column is-layout-flow wp-block-column-is-layout-flow\">\n<p>07<\/p>\n\n\n\n<p>21.00 Uhr<\/p>\n\n\n\n<p>2,33 Std.<\/p>\n\n\n\n<p>BAB A9 Fahrtrichtung Norden, Km 247<\/p>\n\n\n\n<p>B2 | Brand PKW<\/p>\n\n\n\n<p>HLF20, LF 8\/6, VSA<\/p>\n\n\n\n<p>PA, Sonderl\u00f6schmittel (Schaum), Schaumrohre, Fahrzeugl\u00f6schwasserbeh\u00e4lter (2000 ltr., 600 ltr.), Hydrant (600 ltr.), WBK, Kommunikationsger\u00e4t, Beleuchtungsger\u00e4t, sonstiges Ger\u00e4t<\/p>\n<\/div>\n<\/div>\n\n\n\n<hr class=\"wp-block-separator has-css-opacity is-style-wide\"\/>\n\n\n\n<h4 class=\"wp-block-heading\">Einsatzbericht<\/h4>\n\n\n\n<p>Die Feuerwehr Berg wurde wegen eines PKW Brandes alarmiert.<\/p>\n\n\n\n<p>Insgesamt 3 beteiligte PKW, wovon sich ein PKW \u00fcberschlug, auf dem Dach auf der Mittelspur zum Liegen kam und bei Eintreffen bereits in Vollbrand stand.<br \/>Durch FL Berg 40\/1 erfolgte die Brandbek\u00e4mpfung mittels Kombischaumrohr unter PA. Des Weiteren wurden aus dem brennenden PKW mehrere Kanister mit Kraftstoff geborgen.<\/p>\n\n\n\n<p>Aufgrund von auslaufenden Kraftstoff, welcher durch die Dachlage den Brand im Fahrzeuginneren immer wieder anfachte, wurde FL Selbitz 23\/1 an die Einsatzstelle beordert um den L\u00f6schwasserbedarf sicherzustellen. Durch FL Berg 42\/1 wurde zus\u00e4tzlich L\u00f6schwasser von der Rastst\u00e4tte Frankenwald zugebracht.<\/p>\n\n\n\n<p>Nach dem Verladen des PKW durch den Abschleppdienst konnte nach erfolgter Grobreinigung der Fahrbahn die Einsatzstelle an die Autobahnmeisterei \u00fcbergeben werden.<\/p>\n\n\n\n<hr class=\"wp-block-separator has-alpha-channel-opacity is-style-wide\"\/>\n\n\n\n<h4 class=\"wp-block-heading has-text-align-center\">Einsatzfotos:<\/h4>\n\n\n\n<figure class=\"wp-block-gallery has-nested-images columns-2 is-cropped wp-block-gallery-1 is-layout-flex wp-block-gallery-is-layout-flex\">\n<figure class=\"wp-block-image size-large\"><img loading=\"lazy\" decoding=\"async\" width=\"1080\" height=\"608\" data-id=\"217640\" src=\"https:\/\/www.ffw-berg.de\/wordpress\/wp-content\/uploads\/2023\/04\/batch_Fricke_001-1080x608.jpg\" alt=\"\" class=\"wp-image-217640\" srcset=\"https:\/\/www.ffw-berg.de\/wordpress\/wp-content\/uploads\/2023\/04\/batch_Fricke_001-1080x608.jpg 1080w, https:\/\/www.ffw-berg.de\/wordpress\/wp-content\/uploads\/2023\/04\/batch_Fricke_001-300x169.jpg 300w, https:\/\/www.ffw-berg.de\/wordpress\/wp-content\/uploads\/2023\/04\/batch_Fricke_001-120x68.jpg 120w, https:\/\/www.ffw-berg.de\/wordpress\/wp-content\/uploads\/2023\/04\/batch_Fricke_001-768x432.jpg 768w, https:\/\/www.ffw-berg.de\/wordpress\/wp-content\/uploads\/2023\/04\/batch_Fricke_001-1536x864.jpg 1536w, https:\/\/www.ffw-berg.de\/wordpress\/wp-content\/uploads\/2023\/04\/batch_Fricke_001-678x381.jpg 678w, https:\/\/www.ffw-berg.de\/wordpress\/wp-content\/uploads\/2023\/04\/batch_Fricke_001.jpg 1920w\" sizes=\"auto, (max-width: 1080px) 100vw, 1080px\" \/><\/figure>\n\n\n\n<figure class=\"wp-block-image size-large\"><img loading=\"lazy\" decoding=\"async\" width=\"1080\" height=\"608\" data-id=\"217645\" src=\"https:\/\/www.ffw-berg.de\/wordpress\/wp-content\/uploads\/2023\/04\/pkwbrand_26022023_1-1080x608.jpg\" alt=\"\" class=\"wp-image-217645\" srcset=\"https:\/\/www.ffw-berg.de\/wordpress\/wp-content\/uploads\/2023\/04\/pkwbrand_26022023_1-1080x608.jpg 1080w, https:\/\/www.ffw-berg.de\/wordpress\/wp-content\/uploads\/2023\/04\/pkwbrand_26022023_1-300x169.jpg 300w, https:\/\/www.ffw-berg.de\/wordpress\/wp-content\/uploads\/2023\/04\/pkwbrand_26022023_1-120x68.jpg 120w, https:\/\/www.ffw-berg.de\/wordpress\/wp-content\/uploads\/2023\/04\/pkwbrand_26022023_1-768x432.jpg 768w, https:\/\/www.ffw-berg.de\/wordpress\/wp-content\/uploads\/2023\/04\/pkwbrand_26022023_1-1536x864.jpg 1536w, https:\/\/www.ffw-berg.de\/wordpress\/wp-content\/uploads\/2023\/04\/pkwbrand_26022023_1-678x381.jpg 678w, https:\/\/www.ffw-berg.de\/wordpress\/wp-content\/uploads\/2023\/04\/pkwbrand_26022023_1.jpg 1920w\" sizes=\"auto, (max-width: 1080px) 100vw, 1080px\" \/><\/figure>\n\n\n\n<figure class=\"wp-block-image size-large\"><img loading=\"lazy\" decoding=\"async\" width=\"1080\" height=\"608\" data-id=\"217641\" src=\"https:\/\/www.ffw-berg.de\/wordpress\/wp-content\/uploads\/2023\/04\/batch_Fricke_003-1080x608.jpg\" alt=\"\" class=\"wp-image-217641\" srcset=\"https:\/\/www.ffw-berg.de\/wordpress\/wp-content\/uploads\/2023\/04\/batch_Fricke_003-1080x608.jpg 1080w, https:\/\/www.ffw-berg.de\/wordpress\/wp-content\/uploads\/2023\/04\/batch_Fricke_003-300x169.jpg 300w, https:\/\/www.ffw-berg.de\/wordpress\/wp-content\/uploads\/2023\/04\/batch_Fricke_003-120x68.jpg 120w, https:\/\/www.ffw-berg.de\/wordpress\/wp-content\/uploads\/2023\/04\/batch_Fricke_003-768x432.jpg 768w, https:\/\/www.ffw-berg.de\/wordpress\/wp-content\/uploads\/2023\/04\/batch_Fricke_003-1536x864.jpg 1536w, https:\/\/www.ffw-berg.de\/wordpress\/wp-content\/uploads\/2023\/04\/batch_Fricke_003-678x381.jpg 678w, https:\/\/www.ffw-berg.de\/wordpress\/wp-content\/uploads\/2023\/04\/batch_Fricke_003.jpg 1920w\" sizes=\"auto, (max-width: 1080px) 100vw, 1080px\" \/><\/figure>\n\n\n\n<figure class=\"wp-block-image size-large\"><img loading=\"lazy\" decoding=\"async\" width=\"1080\" height=\"608\" data-id=\"217642\" src=\"https:\/\/www.ffw-berg.de\/wordpress\/wp-content\/uploads\/2023\/04\/batch_Fricke_004-1080x608.jpg\" alt=\"\" class=\"wp-image-217642\" srcset=\"https:\/\/www.ffw-berg.de\/wordpress\/wp-content\/uploads\/2023\/04\/batch_Fricke_004-1080x608.jpg 1080w, https:\/\/www.ffw-berg.de\/wordpress\/wp-content\/uploads\/2023\/04\/batch_Fricke_004-300x169.jpg 300w, https:\/\/www.ffw-berg.de\/wordpress\/wp-content\/uploads\/2023\/04\/batch_Fricke_004-120x68.jpg 120w, https:\/\/www.ffw-berg.de\/wordpress\/wp-content\/uploads\/2023\/04\/batch_Fricke_004-768x432.jpg 768w, https:\/\/www.ffw-berg.de\/wordpress\/wp-content\/uploads\/2023\/04\/batch_Fricke_004-1536x864.jpg 1536w, https:\/\/www.ffw-berg.de\/wordpress\/wp-content\/uploads\/2023\/04\/batch_Fricke_004-678x381.jpg 678w, https:\/\/www.ffw-berg.de\/wordpress\/wp-content\/uploads\/2023\/04\/batch_Fricke_004.jpg 1920w\" sizes=\"auto, (max-width: 1080px) 100vw, 1080px\" \/><\/figure>\n\n\n\n<figure class=\"wp-block-image size-large\"><img loading=\"lazy\" decoding=\"async\" width=\"1080\" height=\"607\" data-id=\"217644\" src=\"https:\/\/www.ffw-berg.de\/wordpress\/wp-content\/uploads\/2023\/04\/pkwbrand_26022023_0-1080x607.jpg\" alt=\"\" class=\"wp-image-217644\" srcset=\"https:\/\/www.ffw-berg.de\/wordpress\/wp-content\/uploads\/2023\/04\/pkwbrand_26022023_0-1080x607.jpg 1080w, https:\/\/www.ffw-berg.de\/wordpress\/wp-content\/uploads\/2023\/04\/pkwbrand_26022023_0-300x169.jpg 300w, https:\/\/www.ffw-berg.de\/wordpress\/wp-content\/uploads\/2023\/04\/pkwbrand_26022023_0-120x67.jpg 120w, https:\/\/www.ffw-berg.de\/wordpress\/wp-content\/uploads\/2023\/04\/pkwbrand_26022023_0-768x432.jpg 768w, https:\/\/www.ffw-berg.de\/wordpress\/wp-content\/uploads\/2023\/04\/pkwbrand_26022023_0-1536x863.jpg 1536w, https:\/\/www.ffw-berg.de\/wordpress\/wp-content\/uploads\/2023\/04\/pkwbrand_26022023_0-678x381.jpg 678w, https:\/\/www.ffw-berg.de\/wordpress\/wp-content\/uploads\/2023\/04\/pkwbrand_26022023_0.jpg 1920w\" sizes=\"auto, (max-width: 1080px) 100vw, 1080px\" \/><\/figure>\n<\/figure>\n","protected":false},"excerpt":{"rendered":"<div class=\"mh-excerpt\">Nr. 07 | Zeit: 21.00 Uhr | BAB A9 Fahrtrichtung Norden | B<\/p>\n<p>Eingesetzte Fahrzeuge:<br \/>\nHLF20, LF8\/6, VSA<\/p><\/div>\n<p> <a class=\"mh-excerpt-more\" href=\"https:\/\/www.ffw-berg.de\/wordpress\/einsatz-vom-26-02-23-brand-pkw\/\" title=\"Einsatz vom 26.02.23 &#8211; Brand PKW\">[  Mehr &gt;&gt; ]<\/a><\/p>\n","protected":false},"author":2,"featured_media":217645,"comment_status":"closed","ping_status":"open","sticky":false,"template":"","format":"standard","meta":{"footnotes":""},"categories":[1309],"tags":[71,82,362,86,95,147,313,323,537,684,801,894],"class_list":{"0":"post-217630","1":"post","2":"type-post","3":"status-publish","4":"format-standard","5":"has-post-thumbnail","7":"category-einsaetze-2023","8":"tag-wbk","9":"tag-lf86","10":"tag-vsa","11":"tag-fahrzeugbrand","12":"tag-pa","13":"tag-kommunikationsmittel","14":"tag-fahrzeugloeschwasserbehaelter","15":"tag-hydrant","16":"tag-beleuchtungsgeraet","17":"tag-schaum","18":"tag-sonderloeschmittel","19":"tag-hlf20"},"_links":{"self":[{"href":"https:\/\/www.ffw-berg.de\/wordpress\/wp-json\/wp\/v2\/posts\/217630","targetHints":{"allow":["GET"]}}],"collection":[{"href":"https:\/\/www.ffw-berg.de\/wordpress\/wp-json\/wp\/v2\/posts"}],"about":[{"href":"https:\/\/www.ffw-berg.de\/wordpress\/wp-json\/wp\/v2\/types\/post"}],"author":[{"embeddable":true,"href":"https:\/\/www.ffw-berg.de\/wordpress\/wp-json\/wp\/v2\/users\/2"}],"replies":[{"embeddable":true,"href":"https:\/\/www.ffw-berg.de\/wordpress\/wp-json\/wp\/v2\/comments?post=217630"}],"version-history":[{"count":0,"href":"https:\/\/www.ffw-berg.de\/wordpress\/wp-json\/wp\/v2\/posts\/217630\/revisions"}],"wp:featuredmedia":[{"embeddable":true,"href":"https:\/\/www.ffw-berg.de\/wordpress\/wp-json\/wp\/v2\/media\/217645"}],"wp:attachment":[{"href":"https:\/\/www.ffw-berg.de\/wordpress\/wp-json\/wp\/v2\/media?parent=217630"}],"wp:term":[{"taxonomy":"category","embeddable":true,"href":"https:\/\/www.ffw-berg.de\/wordpress\/wp-json\/wp\/v2\/categories?post=217630"},{"taxonomy":"post_tag","embeddable":true,"href":"https:\/\/www.ffw-berg.de\/wordpress\/wp-json\/wp\/v2\/tags?post=217630"}],"curies":[{"name":"wp","href":"https:\/\/api.w.org\/{rel}","templated":true}]}}