{"id":217655,"date":"2023-04-12T19:11:00","date_gmt":"2023-04-12T17:11:00","guid":{"rendered":"https:\/\/www.ffw-berg.de\/wordpress\/?p=217655"},"modified":"2024-01-01T18:04:55","modified_gmt":"2024-01-01T17:04:55","slug":"einsatz-vom-12-04-23-olspur","status":"publish","type":"post","link":"https:\/\/www.ffw-berg.de\/wordpress\/einsatz-vom-12-04-23-olspur\/","title":{"rendered":"Einsatz vom 12.04.23 &#8211; \u00d6lspur"},"content":{"rendered":"\n<div class=\"wp-block-columns has-2-columns is-layout-flex wp-container-core-columns-is-layout-9d6595d7 wp-block-columns-is-layout-flex\">\n<div class=\"wp-block-column is-layout-flow wp-block-column-is-layout-flow\">\n<p class=\"has-text-color\" style=\"color:#800000\"><strong>Nr.:<\/strong><\/p>\n\n\n\n<p class=\"has-text-color\" style=\"color:#800000\"><strong>Alarmzeit:<\/strong><\/p>\n\n\n\n<p class=\"has-text-color\" style=\"color:#800000\"><strong>Einsatzdauer:<\/strong><\/p>\n\n\n\n<p class=\"has-text-color\" style=\"color:#800000\"><strong>Einsatzort:<\/strong><\/p>\n\n\n\n<p class=\"has-text-color\" style=\"color:#800000\"><strong>Einsatzart:<\/strong><\/p>\n\n\n\n<p class=\"has-text-color\" style=\"color:#800000\"><strong>Eingesetzte Fahrzeuge:<\/strong><\/p>\n\n\n\n<p class=\"has-text-color\" style=\"color:#800000\"><strong>Einsatzmittel:<\/strong><br \/><\/p>\n<\/div>\n\n\n\n<div class=\"wp-block-column is-layout-flow wp-block-column-is-layout-flow\">\n<p>12<\/p>\n\n\n\n<p>19.11 Uhr<\/p>\n\n\n\n<p>0,65 Std.<\/p>\n\n\n\n<p>Leineweg, Berg<\/p>\n\n\n\n<p>THL 1 | \u00d6l auf Fahrbahn<\/p>\n\n\n\n<p>MZF, A-\u00d6SA<\/p>\n\n\n\n<p>Chem. \u00d6lbindemittel, sonstiges Ger\u00e4t<\/p>\n<\/div>\n<\/div>\n\n\n\n<hr class=\"wp-block-separator has-css-opacity is-style-wide\"\/>\n\n\n\n<h4 class=\"wp-block-heading\"><strong>Einsatzbericht<\/strong><\/h4>\n\n\n\n<p>Anforderung Feuerwehr zum Abstreuen einer \u00d6lspur im Ortsgebiet Berg durch die Gemeinde.<\/p>\n\n\n\n<p>Im Bereich des Leinewegs und S\u00fcdstra\u00dfe wurde die Fahrbahn aufgrund eines technischen Defekts an einem Fahrzeug durch ein Diesel- \/ Hydraulik\u00f6l Gemisch verschmutzt. Durch den Regen breitete sich die \u00d6lspur stellenweise auf die komplette Fahrbahnbreite aus. Mittels \u00d6lbindemittel wurde die \u00d6lspur abgestreut, eingekehrt und wieder aufgenommen.<\/p>\n\n\n\n<p>Zus\u00e4tzlich wurde der Kl\u00e4rw\u00e4rter \u00fcber den Eintritt des wassergef\u00e4hrdenden Stoffes in die Kanalisation informiert.<\/p>\n\n\n<div class=\"wp-block-image\">\n<figure class=\"aligncenter size-large is-resized\"><img decoding=\"async\" src=\"https:\/\/www.ffw-berg.de\/wordpress\/wp-content\/uploads\/2023\/04\/Oelspur_Berg_12042023-edited-1.jpg\" alt=\"\" class=\"wp-image-217658\" width=\"249\" srcset=\"https:\/\/www.ffw-berg.de\/wordpress\/wp-content\/uploads\/2023\/04\/Oelspur_Berg_12042023-edited-1.jpg 1536w, https:\/\/www.ffw-berg.de\/wordpress\/wp-content\/uploads\/2023\/04\/Oelspur_Berg_12042023-edited-1-300x225.jpg 300w, https:\/\/www.ffw-berg.de\/wordpress\/wp-content\/uploads\/2023\/04\/Oelspur_Berg_12042023-edited-1-1024x768.jpg 1024w, https:\/\/www.ffw-berg.de\/wordpress\/wp-content\/uploads\/2023\/04\/Oelspur_Berg_12042023-edited-1-120x90.jpg 120w, https:\/\/www.ffw-berg.de\/wordpress\/wp-content\/uploads\/2023\/04\/Oelspur_Berg_12042023-edited-1-768x576.jpg 768w, https:\/\/www.ffw-berg.de\/wordpress\/wp-content\/uploads\/2023\/04\/Oelspur_Berg_12042023-edited-1-678x509.jpg 678w, https:\/\/www.ffw-berg.de\/wordpress\/wp-content\/uploads\/2023\/04\/Oelspur_Berg_12042023-edited-1-326x245.jpg 326w, https:\/\/www.ffw-berg.de\/wordpress\/wp-content\/uploads\/2023\/04\/Oelspur_Berg_12042023-edited-1-80x60.jpg 80w\" sizes=\"(max-width: 1536px) 100vw, 1536px\" \/><\/figure>\n<\/div>","protected":false},"excerpt":{"rendered":"<div class=\"mh-excerpt\">Nr. 12 | Zeit: 19.11 Uhr | Leineweg, Berg | THL<\/p>\n<p>Eingesetzte Fahrzeuge:<br \/>\nMZF, A-\u00d6SA<\/p><\/div>\n<p> <a class=\"mh-excerpt-more\" href=\"https:\/\/www.ffw-berg.de\/wordpress\/einsatz-vom-12-04-23-olspur\/\" title=\"Einsatz vom 12.04.23 &#8211; \u00d6lspur\">[  Mehr &gt;&gt; ]<\/a><\/p>\n","protected":false},"author":2,"featured_media":217658,"comment_status":"closed","ping_status":"open","sticky":false,"template":"","format":"standard","meta":{"footnotes":""},"categories":[1309],"tags":[73,363,147,173,202,203,390],"class_list":{"0":"post-217655","1":"post","2":"type-post","3":"status-publish","4":"format-standard","5":"has-post-thumbnail","7":"category-einsaetze-2023","8":"tag-einsatz","9":"tag-mzf","10":"tag-kommunikationsmittel","11":"tag-oelspur","12":"tag-a-oesa","13":"tag-chemische-oelbindemittel","14":"tag-sonstiges-materialgeraet"},"_links":{"self":[{"href":"https:\/\/www.ffw-berg.de\/wordpress\/wp-json\/wp\/v2\/posts\/217655","targetHints":{"allow":["GET"]}}],"collection":[{"href":"https:\/\/www.ffw-berg.de\/wordpress\/wp-json\/wp\/v2\/posts"}],"about":[{"href":"https:\/\/www.ffw-berg.de\/wordpress\/wp-json\/wp\/v2\/types\/post"}],"author":[{"embeddable":true,"href":"https:\/\/www.ffw-berg.de\/wordpress\/wp-json\/wp\/v2\/users\/2"}],"replies":[{"embeddable":true,"href":"https:\/\/www.ffw-berg.de\/wordpress\/wp-json\/wp\/v2\/comments?post=217655"}],"version-history":[{"count":0,"href":"https:\/\/www.ffw-berg.de\/wordpress\/wp-json\/wp\/v2\/posts\/217655\/revisions"}],"wp:featuredmedia":[{"embeddable":true,"href":"https:\/\/www.ffw-berg.de\/wordpress\/wp-json\/wp\/v2\/media\/217658"}],"wp:attachment":[{"href":"https:\/\/www.ffw-berg.de\/wordpress\/wp-json\/wp\/v2\/media?parent=217655"}],"wp:term":[{"taxonomy":"category","embeddable":true,"href":"https:\/\/www.ffw-berg.de\/wordpress\/wp-json\/wp\/v2\/categories?post=217655"},{"taxonomy":"post_tag","embeddable":true,"href":"https:\/\/www.ffw-berg.de\/wordpress\/wp-json\/wp\/v2\/tags?post=217655"}],"curies":[{"name":"wp","href":"https:\/\/api.w.org\/{rel}","templated":true}]}}