{"id":217663,"date":"2023-04-17T20:33:59","date_gmt":"2023-04-17T18:33:59","guid":{"rendered":"https:\/\/www.ffw-berg.de\/wordpress\/?p=217663"},"modified":"2026-02-24T12:06:31","modified_gmt":"2026-02-24T11:06:31","slug":"landkreislehrgaenge-erfolgreich-abgeschlossen","status":"publish","type":"post","link":"https:\/\/www.ffw-berg.de\/wordpress\/landkreislehrgaenge-erfolgreich-abgeschlossen\/","title":{"rendered":"Landkreislehrg\u00e4nge erfolgreich abgeschlossen"},"content":{"rendered":"\n<h2 class=\"wp-block-heading\">2 neue Maschinisten und 4 Atemschutzger\u00e4tetr\u00e4ger erg\u00e4nzen ab sofort unsere Reihen<\/h2>\n\n\n\n<p>Wir sind stolz, dass sich wieder Kameraden*innen f\u00fcr eine Weiterqualifizierung entschieden haben, insbesondere f\u00fcr die verantwortungsvollen Aufgabengebiete Atemschutz und Maschinist. <\/p>\n\n\n\n<figure class=\"wp-block-gallery has-nested-images columns-default is-cropped wp-block-gallery-1 is-layout-flex wp-block-gallery-is-layout-flex\">\n<figure class=\"wp-block-image size-large\"><a href=\"https:\/\/www.ffw-berg.de\/wordpress\/wp-content\/uploads\/2023\/04\/ffwberg_pa2023_00000.jpg\"><img loading=\"lazy\" decoding=\"async\" width=\"432\" height=\"768\" data-id=\"217664\" src=\"https:\/\/www.ffw-berg.de\/wordpress\/wp-content\/uploads\/2023\/04\/ffwberg_pa2023_00000-432x768.jpg\" alt=\"\" class=\"wp-image-217664\" srcset=\"https:\/\/www.ffw-berg.de\/wordpress\/wp-content\/uploads\/2023\/04\/ffwberg_pa2023_00000-432x768.jpg 432w, https:\/\/www.ffw-berg.de\/wordpress\/wp-content\/uploads\/2023\/04\/ffwberg_pa2023_00000-140x250.jpg 140w, https:\/\/www.ffw-berg.de\/wordpress\/wp-content\/uploads\/2023\/04\/ffwberg_pa2023_00000-67x120.jpg 67w, https:\/\/www.ffw-berg.de\/wordpress\/wp-content\/uploads\/2023\/04\/ffwberg_pa2023_00000-768x1367.jpg 768w, https:\/\/www.ffw-berg.de\/wordpress\/wp-content\/uploads\/2023\/04\/ffwberg_pa2023_00000-863x1536.jpg 863w, https:\/\/www.ffw-berg.de\/wordpress\/wp-content\/uploads\/2023\/04\/ffwberg_pa2023_00000.jpg 1079w\" sizes=\"auto, (max-width: 432px) 100vw, 432px\" \/><\/a><\/figure>\n\n\n\n<figure class=\"wp-block-image size-large\"><a href=\"https:\/\/www.ffw-berg.de\/wordpress\/wp-content\/uploads\/2023\/04\/ffwberg_pa2023_00001.jpg\"><img loading=\"lazy\" decoding=\"async\" width=\"432\" height=\"768\" data-id=\"217665\" src=\"https:\/\/www.ffw-berg.de\/wordpress\/wp-content\/uploads\/2023\/04\/ffwberg_pa2023_00001-432x768.jpg\" alt=\"\" class=\"wp-image-217665\" srcset=\"https:\/\/www.ffw-berg.de\/wordpress\/wp-content\/uploads\/2023\/04\/ffwberg_pa2023_00001-432x768.jpg 432w, https:\/\/www.ffw-berg.de\/wordpress\/wp-content\/uploads\/2023\/04\/ffwberg_pa2023_00001-141x250.jpg 141w, https:\/\/www.ffw-berg.de\/wordpress\/wp-content\/uploads\/2023\/04\/ffwberg_pa2023_00001-68x120.jpg 68w, https:\/\/www.ffw-berg.de\/wordpress\/wp-content\/uploads\/2023\/04\/ffwberg_pa2023_00001-768x1365.jpg 768w, https:\/\/www.ffw-berg.de\/wordpress\/wp-content\/uploads\/2023\/04\/ffwberg_pa2023_00001-864x1536.jpg 864w, https:\/\/www.ffw-berg.de\/wordpress\/wp-content\/uploads\/2023\/04\/ffwberg_pa2023_00001.jpg 1080w\" sizes=\"auto, (max-width: 432px) 100vw, 432px\" \/><\/a><\/figure>\n<\/figure>\n\n\n\n<p>Unser gro\u00dfer Dank und Respekt gilt eurem Engagement, auch dass ihr die Ausbildungszeit freiwillig in eurer Freizeit geleistet habt &#8211; allzeit gute R\u00fcckkehr von allen Eins\u00e4tzen!<\/p>\n","protected":false},"excerpt":{"rendered":"<div class=\"mh-excerpt\">2 neue Maschinisten und 4 Atemschutzger\u00e4tetr\u00e4ger erg\u00e4nzen ab sofort unsere Reihen.<\/div>\n<p> <a class=\"mh-excerpt-more\" href=\"https:\/\/www.ffw-berg.de\/wordpress\/landkreislehrgaenge-erfolgreich-abgeschlossen\/\" title=\"Landkreislehrg\u00e4nge erfolgreich abgeschlossen\">[  Mehr &gt;&gt; ]<\/a><\/p>\n","protected":false},"author":2,"featured_media":217665,"comment_status":"closed","ping_status":"open","sticky":false,"template":"","format":"standard","meta":{"footnotes":""},"categories":[46,747],"tags":[647,650,1149,1393,1394,1395],"class_list":{"0":"post-217663","1":"post","2":"type-post","3":"status-publish","4":"format-standard","5":"has-post-thumbnail","7":"category-wir-ueber-uns","8":"category-wir-ueber-uns-2","9":"tag-atemschutz","10":"tag-atemschutzgeraetetraeger","11":"tag-maschinistenlehrgang","12":"tag-weiterqualifizierung","13":"tag-landkreislehrgaenge","14":"tag-pama23"},"_links":{"self":[{"href":"https:\/\/www.ffw-berg.de\/wordpress\/wp-json\/wp\/v2\/posts\/217663","targetHints":{"allow":["GET"]}}],"collection":[{"href":"https:\/\/www.ffw-berg.de\/wordpress\/wp-json\/wp\/v2\/posts"}],"about":[{"href":"https:\/\/www.ffw-berg.de\/wordpress\/wp-json\/wp\/v2\/types\/post"}],"author":[{"embeddable":true,"href":"https:\/\/www.ffw-berg.de\/wordpress\/wp-json\/wp\/v2\/users\/2"}],"replies":[{"embeddable":true,"href":"https:\/\/www.ffw-berg.de\/wordpress\/wp-json\/wp\/v2\/comments?post=217663"}],"version-history":[{"count":0,"href":"https:\/\/www.ffw-berg.de\/wordpress\/wp-json\/wp\/v2\/posts\/217663\/revisions"}],"wp:featuredmedia":[{"embeddable":true,"href":"https:\/\/www.ffw-berg.de\/wordpress\/wp-json\/wp\/v2\/media\/217665"}],"wp:attachment":[{"href":"https:\/\/www.ffw-berg.de\/wordpress\/wp-json\/wp\/v2\/media?parent=217663"}],"wp:term":[{"taxonomy":"category","embeddable":true,"href":"https:\/\/www.ffw-berg.de\/wordpress\/wp-json\/wp\/v2\/categories?post=217663"},{"taxonomy":"post_tag","embeddable":true,"href":"https:\/\/www.ffw-berg.de\/wordpress\/wp-json\/wp\/v2\/tags?post=217663"}],"curies":[{"name":"wp","href":"https:\/\/api.w.org\/{rel}","templated":true}]}}