{"id":217730,"date":"2023-05-06T12:36:00","date_gmt":"2023-05-06T10:36:00","guid":{"rendered":"https:\/\/www.ffw-berg.de\/wordpress\/?p=217730"},"modified":"2024-01-01T18:03:59","modified_gmt":"2024-01-01T17:03:59","slug":"einsatz-vom-06-05-23-brand-pkw","status":"publish","type":"post","link":"https:\/\/www.ffw-berg.de\/wordpress\/einsatz-vom-06-05-23-brand-pkw\/","title":{"rendered":"Einsatz vom 06.05.23 &#8211; Brand PKW"},"content":{"rendered":"\n<div class=\"wp-block-columns has-2-columns is-layout-flex wp-container-core-columns-is-layout-9d6595d7 wp-block-columns-is-layout-flex\">\n<div class=\"wp-block-column is-layout-flow wp-block-column-is-layout-flow\">\n<p class=\"has-text-color\" style=\"color:#800000\"><strong>Nr.<\/strong><\/p>\n\n\n\n<p class=\"has-text-color\" style=\"color:#800000\"><strong>Alarmzeit<\/strong><\/p>\n\n\n\n<p class=\"has-text-color\" style=\"color:#800000\"><strong>Einsatzdauer<\/strong><\/p>\n\n\n\n<p class=\"has-text-color\" style=\"color:#800000\"><strong>Einsatzort<\/strong><\/p>\n\n\n\n<p class=\"has-text-color\" style=\"color:#800000\"><strong>Einsatzart&nbsp;<\/strong><\/p>\n\n\n\n<p class=\"has-text-color\" style=\"color:#800000\"><strong>Eingesetzte Fahrzeuge&nbsp;<\/strong><\/p>\n\n\n\n<p class=\"has-text-color\" style=\"color:#800000\"><strong>Einsatzmittel<\/strong><\/p>\n<\/div>\n\n\n\n<div class=\"wp-block-column is-layout-flow wp-block-column-is-layout-flow\">\n<p>15<\/p>\n\n\n\n<p>12.36 Uhr<\/p>\n\n\n\n<p>2,40 Std.<\/p>\n\n\n\n<p>BAB A9 Fahrtrichtung S\u00fcden, Km 245<\/p>\n\n\n\n<p>B2 | Brand PKW auf BAB<\/p>\n\n\n\n<p>HLF20, LF 8\/6, MTW, MZF<\/p>\n\n\n\n<p>PA, Spreizer, Hydraulische Rettungss\u00e4tze, WBK, Verkehrslenkungsger\u00e4t, \u00d6lbindemittel, Sonderl\u00f6schmittel (Schaum), Fahrzeugl\u00f6schwasserbeh\u00e4lter (2000 ltr.), Kommunikationsger\u00e4t<\/p>\n<\/div>\n<\/div>\n\n\n\n<hr class=\"wp-block-separator has-css-opacity is-style-wide\"\/>\n\n\n\n<h4 class=\"wp-block-heading\">Einsatzbericht<\/h4>\n\n\n\n<p>die FF Berg wurde wegen eines Brandes eines PKW an der Behelfausfahrt Landesgrenze in Fahrtrichtung M\u00fcnchen alarmiert.<\/p>\n\n\n\n<p>Bei Eintreffen stand der PKW bereits in Vollbrand. Durch FL Berg 40\/1 erfolgte die Brandbek\u00e4mpfung unter PA mittels Schnellangriff unter der Zugabe von Netzmittel. Durch Berg 42\/1 mit VSA wurde die BAB w\u00e4hrend der L\u00f6scharbeiten komplett gesperrt und durch FL Berg 11\/1 am Stauende die Vorabsicherung gestellt. F\u00fcr die Nachl\u00f6scharbeiten wurde der Kofferraum mittels Spreizer ge\u00f6ffnet.<\/p>\n\n\n\n<p>Nach Beendigung der L\u00f6scharbeiten wurde der Verkehr nach R\u00fccksprache mit der PI Th\u00fcringen an der mittleren und linken Spur an der Einsatzstelle vorbeigeleitet und bis zum Verladen des PKW abgesichert. Auslaufende Betriebsstoffe wurden mittel \u00d6lbindemittel abgebunden<\/p>\n\n\n\n<h4 class=\"wp-block-heading has-text-align-center\">Einsatzbilder<\/h4>\n\n\n\n<figure class=\"wp-block-gallery has-nested-images columns-default is-cropped wp-block-gallery-1 is-layout-flex wp-block-gallery-is-layout-flex\">\n<figure class=\"wp-block-image size-large\"><img loading=\"lazy\" decoding=\"async\" width=\"1080\" height=\"608\" data-id=\"217722\" src=\"https:\/\/www.ffw-berg.de\/wordpress\/wp-content\/uploads\/2023\/06\/2023-05-08_b_pkw1-1080x608.jpg\" alt=\"\" class=\"wp-image-217722\" srcset=\"https:\/\/www.ffw-berg.de\/wordpress\/wp-content\/uploads\/2023\/06\/2023-05-08_b_pkw1-1080x608.jpg 1080w, https:\/\/www.ffw-berg.de\/wordpress\/wp-content\/uploads\/2023\/06\/2023-05-08_b_pkw1-300x169.jpg 300w, https:\/\/www.ffw-berg.de\/wordpress\/wp-content\/uploads\/2023\/06\/2023-05-08_b_pkw1-120x68.jpg 120w, https:\/\/www.ffw-berg.de\/wordpress\/wp-content\/uploads\/2023\/06\/2023-05-08_b_pkw1-768x432.jpg 768w, https:\/\/www.ffw-berg.de\/wordpress\/wp-content\/uploads\/2023\/06\/2023-05-08_b_pkw1-1536x864.jpg 1536w, https:\/\/www.ffw-berg.de\/wordpress\/wp-content\/uploads\/2023\/06\/2023-05-08_b_pkw1-678x381.jpg 678w, https:\/\/www.ffw-berg.de\/wordpress\/wp-content\/uploads\/2023\/06\/2023-05-08_b_pkw1.jpg 1920w\" sizes=\"auto, (max-width: 1080px) 100vw, 1080px\" \/><\/figure>\n\n\n\n<figure class=\"wp-block-image size-large\"><img loading=\"lazy\" decoding=\"async\" width=\"1080\" height=\"608\" data-id=\"217723\" src=\"https:\/\/www.ffw-berg.de\/wordpress\/wp-content\/uploads\/2023\/06\/2023-05-08_b_pkw2-1080x608.jpg\" alt=\"\" class=\"wp-image-217723\" srcset=\"https:\/\/www.ffw-berg.de\/wordpress\/wp-content\/uploads\/2023\/06\/2023-05-08_b_pkw2-1080x608.jpg 1080w, https:\/\/www.ffw-berg.de\/wordpress\/wp-content\/uploads\/2023\/06\/2023-05-08_b_pkw2-300x169.jpg 300w, https:\/\/www.ffw-berg.de\/wordpress\/wp-content\/uploads\/2023\/06\/2023-05-08_b_pkw2-120x68.jpg 120w, https:\/\/www.ffw-berg.de\/wordpress\/wp-content\/uploads\/2023\/06\/2023-05-08_b_pkw2-768x432.jpg 768w, https:\/\/www.ffw-berg.de\/wordpress\/wp-content\/uploads\/2023\/06\/2023-05-08_b_pkw2-1536x864.jpg 1536w, https:\/\/www.ffw-berg.de\/wordpress\/wp-content\/uploads\/2023\/06\/2023-05-08_b_pkw2-678x381.jpg 678w, https:\/\/www.ffw-berg.de\/wordpress\/wp-content\/uploads\/2023\/06\/2023-05-08_b_pkw2.jpg 1920w\" sizes=\"auto, (max-width: 1080px) 100vw, 1080px\" \/><\/figure>\n\n\n\n<figure class=\"wp-block-image size-large\"><img loading=\"lazy\" decoding=\"async\" width=\"1080\" height=\"608\" data-id=\"217721\" src=\"https:\/\/www.ffw-berg.de\/wordpress\/wp-content\/uploads\/2023\/06\/2023-05-08_b_pkw0-1080x608.jpg\" alt=\"\" class=\"wp-image-217721\" srcset=\"https:\/\/www.ffw-berg.de\/wordpress\/wp-content\/uploads\/2023\/06\/2023-05-08_b_pkw0-1080x608.jpg 1080w, https:\/\/www.ffw-berg.de\/wordpress\/wp-content\/uploads\/2023\/06\/2023-05-08_b_pkw0-300x169.jpg 300w, https:\/\/www.ffw-berg.de\/wordpress\/wp-content\/uploads\/2023\/06\/2023-05-08_b_pkw0-120x68.jpg 120w, https:\/\/www.ffw-berg.de\/wordpress\/wp-content\/uploads\/2023\/06\/2023-05-08_b_pkw0-768x432.jpg 768w, https:\/\/www.ffw-berg.de\/wordpress\/wp-content\/uploads\/2023\/06\/2023-05-08_b_pkw0-1536x864.jpg 1536w, https:\/\/www.ffw-berg.de\/wordpress\/wp-content\/uploads\/2023\/06\/2023-05-08_b_pkw0-678x381.jpg 678w, https:\/\/www.ffw-berg.de\/wordpress\/wp-content\/uploads\/2023\/06\/2023-05-08_b_pkw0.jpg 1920w\" sizes=\"auto, (max-width: 1080px) 100vw, 1080px\" \/><\/figure>\n\n\n\n<figure class=\"wp-block-image size-large\"><img loading=\"lazy\" decoding=\"async\" width=\"1080\" height=\"608\" data-id=\"217724\" src=\"https:\/\/www.ffw-berg.de\/wordpress\/wp-content\/uploads\/2023\/06\/2023-05-08_b_pkw3-1080x608.jpg\" alt=\"\" class=\"wp-image-217724\" srcset=\"https:\/\/www.ffw-berg.de\/wordpress\/wp-content\/uploads\/2023\/06\/2023-05-08_b_pkw3-1080x608.jpg 1080w, https:\/\/www.ffw-berg.de\/wordpress\/wp-content\/uploads\/2023\/06\/2023-05-08_b_pkw3-300x169.jpg 300w, https:\/\/www.ffw-berg.de\/wordpress\/wp-content\/uploads\/2023\/06\/2023-05-08_b_pkw3-120x68.jpg 120w, https:\/\/www.ffw-berg.de\/wordpress\/wp-content\/uploads\/2023\/06\/2023-05-08_b_pkw3-768x432.jpg 768w, https:\/\/www.ffw-berg.de\/wordpress\/wp-content\/uploads\/2023\/06\/2023-05-08_b_pkw3-1536x864.jpg 1536w, https:\/\/www.ffw-berg.de\/wordpress\/wp-content\/uploads\/2023\/06\/2023-05-08_b_pkw3-678x381.jpg 678w, https:\/\/www.ffw-berg.de\/wordpress\/wp-content\/uploads\/2023\/06\/2023-05-08_b_pkw3.jpg 1920w\" sizes=\"auto, (max-width: 1080px) 100vw, 1080px\" \/><\/figure>\n<\/figure>\n","protected":false},"excerpt":{"rendered":"<div class=\"mh-excerpt\">Nr. 15 | Zeit: 12.36 Uhr | BAB A9 Fahrtrichtung S\u00fcden | B<\/p>\n<p>Eingesetzte Fahrzeuge:<br \/>\nHLF20, LF8\/6, MTW, MZF<\/p><\/div>\n<p> <a class=\"mh-excerpt-more\" href=\"https:\/\/www.ffw-berg.de\/wordpress\/einsatz-vom-06-05-23-brand-pkw\/\" title=\"Einsatz vom 06.05.23 &#8211; Brand PKW\">[  Mehr &gt;&gt; ]<\/a><\/p>\n","protected":false},"author":2,"featured_media":217722,"comment_status":"closed","ping_status":"open","sticky":false,"template":"","format":"standard","meta":{"footnotes":""},"categories":[1309],"tags":[71,79,82,363,86,95,364,147,313,318,801,894,1063],"class_list":{"0":"post-217730","1":"post","2":"type-post","3":"status-publish","4":"format-standard","5":"has-post-thumbnail","7":"category-einsaetze-2023","8":"tag-wbk","9":"tag-oelbindemittel","10":"tag-lf86","11":"tag-mzf","12":"tag-fahrzeugbrand","13":"tag-pa","14":"tag-mtw","15":"tag-kommunikationsmittel","16":"tag-fahrzeugloeschwasserbehaelter","17":"tag-spreizer","18":"tag-sonderloeschmittel","19":"tag-hlf20","20":"tag-verkehrslenkungmittel"},"_links":{"self":[{"href":"https:\/\/www.ffw-berg.de\/wordpress\/wp-json\/wp\/v2\/posts\/217730","targetHints":{"allow":["GET"]}}],"collection":[{"href":"https:\/\/www.ffw-berg.de\/wordpress\/wp-json\/wp\/v2\/posts"}],"about":[{"href":"https:\/\/www.ffw-berg.de\/wordpress\/wp-json\/wp\/v2\/types\/post"}],"author":[{"embeddable":true,"href":"https:\/\/www.ffw-berg.de\/wordpress\/wp-json\/wp\/v2\/users\/2"}],"replies":[{"embeddable":true,"href":"https:\/\/www.ffw-berg.de\/wordpress\/wp-json\/wp\/v2\/comments?post=217730"}],"version-history":[{"count":0,"href":"https:\/\/www.ffw-berg.de\/wordpress\/wp-json\/wp\/v2\/posts\/217730\/revisions"}],"wp:featuredmedia":[{"embeddable":true,"href":"https:\/\/www.ffw-berg.de\/wordpress\/wp-json\/wp\/v2\/media\/217722"}],"wp:attachment":[{"href":"https:\/\/www.ffw-berg.de\/wordpress\/wp-json\/wp\/v2\/media?parent=217730"}],"wp:term":[{"taxonomy":"category","embeddable":true,"href":"https:\/\/www.ffw-berg.de\/wordpress\/wp-json\/wp\/v2\/categories?post=217730"},{"taxonomy":"post_tag","embeddable":true,"href":"https:\/\/www.ffw-berg.de\/wordpress\/wp-json\/wp\/v2\/tags?post=217730"}],"curies":[{"name":"wp","href":"https:\/\/api.w.org\/{rel}","templated":true}]}}