{"id":217735,"date":"2023-05-08T16:39:00","date_gmt":"2023-05-08T14:39:00","guid":{"rendered":"https:\/\/www.ffw-berg.de\/wordpress\/?p=217735"},"modified":"2024-01-01T18:03:50","modified_gmt":"2024-01-01T17:03:50","slug":"einsatz-vom-08-05-23-brand-pkw-fehlalarm","status":"publish","type":"post","link":"https:\/\/www.ffw-berg.de\/wordpress\/einsatz-vom-08-05-23-brand-pkw-fehlalarm\/","title":{"rendered":"Einsatz vom 08.05.23 &#8211; Brand PKW, Fehlalarm"},"content":{"rendered":"\n<div class=\"wp-block-columns has-2-columns is-layout-flex wp-container-core-columns-is-layout-9d6595d7 wp-block-columns-is-layout-flex\">\n<div class=\"wp-block-column is-layout-flow wp-block-column-is-layout-flow\">\n<p class=\"has-text-color\" style=\"color:#800000\"><strong>Nr.<\/strong><\/p>\n\n\n\n<p class=\"has-text-color\" style=\"color:#800000\"><strong>Alarmzeit<\/strong><\/p>\n\n\n\n<p class=\"has-text-color\" style=\"color:#800000\"><strong>Einsatzdauer<\/strong><\/p>\n\n\n\n<p class=\"has-text-color\" style=\"color:#800000\"><strong>Einsatzort<\/strong><\/p>\n\n\n\n<p class=\"has-text-color\" style=\"color:#800000\"><strong>Einsatzart&nbsp;<\/strong><\/p>\n\n\n\n<p class=\"has-text-color\" style=\"color:#800000\"><strong>Eingesetzte Fahrzeuge&nbsp;<\/strong><\/p>\n\n\n\n<p class=\"has-text-color\" style=\"color:#800000\"><strong>Einsatzmittel<\/strong><\/p>\n<\/div>\n\n\n\n<div class=\"wp-block-column is-layout-flow wp-block-column-is-layout-flow\">\n<p>16<\/p>\n\n\n\n<p>16.39 Uhr<\/p>\n\n\n\n<p>0,33 Std.<\/p>\n\n\n\n<p>Rastanlage Frankenwald West, Rudolphstein<\/p>\n\n\n\n<p>B2 | Brand PKW, Blinder Alarm<\/p>\n\n\n\n<p>HLF20<\/p>\n\n\n\n<p>PA, WBK, Kommunikationsger\u00e4t, \u00d6lbindemittel<\/p>\n<\/div>\n<\/div>\n\n\n\n<hr class=\"wp-block-separator has-css-opacity is-style-wide\"\/>\n\n\n\n<h4 class=\"wp-block-heading\">Einsatzbericht<\/h4>\n\n\n\n<p>Die FF Berg wurde wegen eines gemeldeten PKW-Brandes auf dem PKW-Parkplatz der Rastst\u00e4tte Frankenwald.<\/p>\n\n\n\n<p>Bei Eintreffen der ersten Kr\u00e4fte konnte kein Brand festgestellt werden, vermutlich war die Rauchentwicklung auf einen Motorschaden zur\u00fcckzuf\u00fchren. Motorraum mit WBK kontrolliert, auslaufende Betriebsstoffe mit \u00d6lbindemittel abgestreut.<br \/>Kein weiteres Eingreifen erforderlich.<\/p>\n","protected":false},"excerpt":{"rendered":"<div class=\"mh-excerpt\">Nr. 16 | Zeit: 16.39 Uhr | Rastanlage Frankenwald West | B<\/p>\n<p>Eingesetzte Fahrzeuge:<br \/>\nHLF20<\/p><\/div>\n<p> <a class=\"mh-excerpt-more\" href=\"https:\/\/www.ffw-berg.de\/wordpress\/einsatz-vom-08-05-23-brand-pkw-fehlalarm\/\" title=\"Einsatz vom 08.05.23 &#8211; Brand PKW, Fehlalarm\">[  Mehr &gt;&gt; ]<\/a><\/p>\n","protected":false},"author":2,"featured_media":212207,"comment_status":"closed","ping_status":"open","sticky":false,"template":"","format":"standard","meta":{"footnotes":""},"categories":[1309],"tags":[71,79,86,95,147,894],"class_list":{"0":"post-217735","1":"post","2":"type-post","3":"status-publish","4":"format-standard","5":"has-post-thumbnail","7":"category-einsaetze-2023","8":"tag-wbk","9":"tag-oelbindemittel","10":"tag-fahrzeugbrand","11":"tag-pa","12":"tag-kommunikationsmittel","13":"tag-hlf20"},"_links":{"self":[{"href":"https:\/\/www.ffw-berg.de\/wordpress\/wp-json\/wp\/v2\/posts\/217735","targetHints":{"allow":["GET"]}}],"collection":[{"href":"https:\/\/www.ffw-berg.de\/wordpress\/wp-json\/wp\/v2\/posts"}],"about":[{"href":"https:\/\/www.ffw-berg.de\/wordpress\/wp-json\/wp\/v2\/types\/post"}],"author":[{"embeddable":true,"href":"https:\/\/www.ffw-berg.de\/wordpress\/wp-json\/wp\/v2\/users\/2"}],"replies":[{"embeddable":true,"href":"https:\/\/www.ffw-berg.de\/wordpress\/wp-json\/wp\/v2\/comments?post=217735"}],"version-history":[{"count":0,"href":"https:\/\/www.ffw-berg.de\/wordpress\/wp-json\/wp\/v2\/posts\/217735\/revisions"}],"wp:featuredmedia":[{"embeddable":true,"href":"https:\/\/www.ffw-berg.de\/wordpress\/wp-json\/wp\/v2\/media\/212207"}],"wp:attachment":[{"href":"https:\/\/www.ffw-berg.de\/wordpress\/wp-json\/wp\/v2\/media?parent=217735"}],"wp:term":[{"taxonomy":"category","embeddable":true,"href":"https:\/\/www.ffw-berg.de\/wordpress\/wp-json\/wp\/v2\/categories?post=217735"},{"taxonomy":"post_tag","embeddable":true,"href":"https:\/\/www.ffw-berg.de\/wordpress\/wp-json\/wp\/v2\/tags?post=217735"}],"curies":[{"name":"wp","href":"https:\/\/api.w.org\/{rel}","templated":true}]}}