{"id":217862,"date":"2023-07-13T13:48:00","date_gmt":"2023-07-13T11:48:00","guid":{"rendered":"https:\/\/www.ffw-berg.de\/wordpress\/?p=217862"},"modified":"2024-01-01T18:00:57","modified_gmt":"2024-01-01T17:00:57","slug":"einsatz-vom-13-07-23-brand-freiflache","status":"publish","type":"post","link":"https:\/\/www.ffw-berg.de\/wordpress\/einsatz-vom-13-07-23-brand-freiflache\/","title":{"rendered":"Einsatz vom 13.07.23 &#8211; Brand Freifl\u00e4che"},"content":{"rendered":"\n<div class=\"wp-block-columns has-2-columns is-layout-flex wp-container-core-columns-is-layout-9d6595d7 wp-block-columns-is-layout-flex\">\n<div class=\"wp-block-column is-layout-flow wp-block-column-is-layout-flow\">\n<p class=\"has-text-color\" style=\"color:#800000\"><strong>Nr.:<\/strong><\/p>\n\n\n\n<p class=\"has-text-color\" style=\"color:#800000\"><strong>Alarmzeit:<\/strong><\/p>\n\n\n\n<p class=\"has-text-color\" style=\"color:#800000\"><strong>Einsatzdauer:<\/strong><\/p>\n\n\n\n<p class=\"has-text-color\" style=\"color:#800000\"><strong>Einsatzort:<\/strong><\/p>\n\n\n\n<p class=\"has-text-color\" style=\"color:#800000\"><strong>Einsatzart:<\/strong><\/p>\n\n\n\n<p class=\"has-text-color\" style=\"color:#800000\"><strong>Eingesetzte Fahrzeuge:<\/strong><\/p>\n\n\n\n<p class=\"has-text-color\" style=\"color:#800000\"><strong>Einsatzmittel:<\/strong><br \/><\/p>\n<\/div>\n\n\n\n<div class=\"wp-block-column is-layout-flow wp-block-column-is-layout-flow\">\n<p>32<\/p>\n\n\n\n<p>13.48 Uhr<\/p>\n\n\n\n<p>1,18 Std.<\/p>\n\n\n\n<p>TH Sparnberg Richtung Fr\u00f6ssen<\/p>\n\n\n\n<p>B2 | Brand Freifl\u00e4che gro\u00df<\/p>\n\n\n\n<p>HLF20, LF 8\/6, MTW<\/p>\n\n\n\n<p>Fahrzeugl\u00f6schwasserbeh\u00e4lter 2000 ltr., Kommunikationsmittel, sonstiges Ger\u00e4t<\/p>\n<\/div>\n<\/div>\n\n\n\n<hr class=\"wp-block-separator has-css-opacity is-style-wide\"\/>\n\n\n\n<h4 class=\"wp-block-heading\"><strong>Einsatzbericht<\/strong><\/h4>\n\n\n\n<p>\u00dcber\u00f6rtliche Anforderung durch die Leitstelle Gera zu einem Brand einer Freifl\u00e4che nahe Fr\u00f6ssen.<\/p>\n\n\n\n<p>Gemeinsam mit den Feuerwehren Hirschberg, Sparnberg, Ullersreuth und Gefell konnte der Brand mit der Hilfe mehrerer Landwirte schnell unter Kontrolle gebracht werden. Durch FL Berg 40\/1 wurden w\u00e4hrend der Nachl\u00f6scharbeiten 2000 Liter L\u00f6schwasser zugebracht, FL Berg 14\/1 und FL Berg 42\/1 auf Bereitschaft im Bereitstellungsraum.<\/p>\n\n\n\n<h4 class=\"wp-block-heading has-text-align-center\">Einsatzfotos:<\/h4>\n\n\n\n<figure class=\"wp-block-gallery has-nested-images columns-default is-cropped wp-block-gallery-1 is-layout-flex wp-block-gallery-is-layout-flex\">\n<figure class=\"wp-block-image size-large\"><a href=\"https:\/\/www.ffw-berg.de\/wordpress\/wp-content\/uploads\/2023\/08\/13_07_23_b_0.jpg\"><img loading=\"lazy\" decoding=\"async\" width=\"1080\" height=\"608\" data-id=\"217864\" src=\"https:\/\/www.ffw-berg.de\/wordpress\/wp-content\/uploads\/2023\/08\/13_07_23_b_0-1080x608.jpg\" alt=\"\" class=\"wp-image-217864\" srcset=\"https:\/\/www.ffw-berg.de\/wordpress\/wp-content\/uploads\/2023\/08\/13_07_23_b_0-1080x608.jpg 1080w, https:\/\/www.ffw-berg.de\/wordpress\/wp-content\/uploads\/2023\/08\/13_07_23_b_0-300x169.jpg 300w, https:\/\/www.ffw-berg.de\/wordpress\/wp-content\/uploads\/2023\/08\/13_07_23_b_0-120x68.jpg 120w, https:\/\/www.ffw-berg.de\/wordpress\/wp-content\/uploads\/2023\/08\/13_07_23_b_0-768x432.jpg 768w, https:\/\/www.ffw-berg.de\/wordpress\/wp-content\/uploads\/2023\/08\/13_07_23_b_0-1536x864.jpg 1536w, https:\/\/www.ffw-berg.de\/wordpress\/wp-content\/uploads\/2023\/08\/13_07_23_b_0-678x381.jpg 678w, https:\/\/www.ffw-berg.de\/wordpress\/wp-content\/uploads\/2023\/08\/13_07_23_b_0.jpg 1598w\" sizes=\"auto, (max-width: 1080px) 100vw, 1080px\" \/><\/a><\/figure>\n\n\n\n<figure class=\"wp-block-image size-large\"><a href=\"https:\/\/www.ffw-berg.de\/wordpress\/wp-content\/uploads\/2023\/08\/13_07_23_b_1.jpg\"><img loading=\"lazy\" decoding=\"async\" width=\"1080\" height=\"608\" data-id=\"217865\" src=\"https:\/\/www.ffw-berg.de\/wordpress\/wp-content\/uploads\/2023\/08\/13_07_23_b_1-1080x608.jpg\" alt=\"\" class=\"wp-image-217865\" srcset=\"https:\/\/www.ffw-berg.de\/wordpress\/wp-content\/uploads\/2023\/08\/13_07_23_b_1-1080x608.jpg 1080w, https:\/\/www.ffw-berg.de\/wordpress\/wp-content\/uploads\/2023\/08\/13_07_23_b_1-300x169.jpg 300w, https:\/\/www.ffw-berg.de\/wordpress\/wp-content\/uploads\/2023\/08\/13_07_23_b_1-120x68.jpg 120w, https:\/\/www.ffw-berg.de\/wordpress\/wp-content\/uploads\/2023\/08\/13_07_23_b_1-768x432.jpg 768w, https:\/\/www.ffw-berg.de\/wordpress\/wp-content\/uploads\/2023\/08\/13_07_23_b_1-1536x864.jpg 1536w, https:\/\/www.ffw-berg.de\/wordpress\/wp-content\/uploads\/2023\/08\/13_07_23_b_1-678x381.jpg 678w, https:\/\/www.ffw-berg.de\/wordpress\/wp-content\/uploads\/2023\/08\/13_07_23_b_1.jpg 1920w\" sizes=\"auto, (max-width: 1080px) 100vw, 1080px\" \/><\/a><\/figure>\n<\/figure>\n","protected":false},"excerpt":{"rendered":"<div class=\"mh-excerpt\">Nr. 32 | Zeit: 13.48 Uhr | TH Sparnberg Richtung Fr\u00f6ssen | B<\/p>\n<p>Eingesetzte Fahrzeuge:<br \/>\nHLF20, LF 8\/6, MTW<\/p><\/div>\n<p> <a class=\"mh-excerpt-more\" href=\"https:\/\/www.ffw-berg.de\/wordpress\/einsatz-vom-13-07-23-brand-freiflache\/\" title=\"Einsatz vom 13.07.23 &#8211; Brand Freifl\u00e4che\">[  Mehr &gt;&gt; ]<\/a><\/p>\n","protected":false},"author":2,"featured_media":217864,"comment_status":"closed","ping_status":"open","sticky":false,"template":"","format":"standard","meta":{"footnotes":""},"categories":[1309],"tags":[72,73,364,313,894,961,1413],"class_list":{"0":"post-217862","1":"post","2":"type-post","3":"status-publish","4":"format-standard","5":"has-post-thumbnail","7":"category-einsaetze-2023","8":"tag-brand","9":"tag-einsatz","10":"tag-mtw","11":"tag-fahrzeugloeschwasserbehaelter","12":"tag-hlf20","13":"tag-brand-freiflaeche","14":"tag-ueberoertliche-anforderung"},"_links":{"self":[{"href":"https:\/\/www.ffw-berg.de\/wordpress\/wp-json\/wp\/v2\/posts\/217862","targetHints":{"allow":["GET"]}}],"collection":[{"href":"https:\/\/www.ffw-berg.de\/wordpress\/wp-json\/wp\/v2\/posts"}],"about":[{"href":"https:\/\/www.ffw-berg.de\/wordpress\/wp-json\/wp\/v2\/types\/post"}],"author":[{"embeddable":true,"href":"https:\/\/www.ffw-berg.de\/wordpress\/wp-json\/wp\/v2\/users\/2"}],"replies":[{"embeddable":true,"href":"https:\/\/www.ffw-berg.de\/wordpress\/wp-json\/wp\/v2\/comments?post=217862"}],"version-history":[{"count":0,"href":"https:\/\/www.ffw-berg.de\/wordpress\/wp-json\/wp\/v2\/posts\/217862\/revisions"}],"wp:featuredmedia":[{"embeddable":true,"href":"https:\/\/www.ffw-berg.de\/wordpress\/wp-json\/wp\/v2\/media\/217864"}],"wp:attachment":[{"href":"https:\/\/www.ffw-berg.de\/wordpress\/wp-json\/wp\/v2\/media?parent=217862"}],"wp:term":[{"taxonomy":"category","embeddable":true,"href":"https:\/\/www.ffw-berg.de\/wordpress\/wp-json\/wp\/v2\/categories?post=217862"},{"taxonomy":"post_tag","embeddable":true,"href":"https:\/\/www.ffw-berg.de\/wordpress\/wp-json\/wp\/v2\/tags?post=217862"}],"curies":[{"name":"wp","href":"https:\/\/api.w.org\/{rel}","templated":true}]}}