{"id":217870,"date":"2023-07-24T03:36:00","date_gmt":"2023-07-24T01:36:00","guid":{"rendered":"https:\/\/www.ffw-berg.de\/wordpress\/?p=217870"},"modified":"2024-01-01T18:00:35","modified_gmt":"2024-01-01T17:00:35","slug":"einsatz-vom-24-07-23-brand-lkw","status":"publish","type":"post","link":"https:\/\/www.ffw-berg.de\/wordpress\/einsatz-vom-24-07-23-brand-lkw\/","title":{"rendered":"Einsatz vom 24.07.23 &#8211; Brand LKW"},"content":{"rendered":"\n<div class=\"wp-block-columns has-2-columns is-layout-flex wp-container-core-columns-is-layout-9d6595d7 wp-block-columns-is-layout-flex\">\n<div class=\"wp-block-column is-layout-flow wp-block-column-is-layout-flow\">\n<p class=\"has-text-color\" style=\"color:#800000\"><strong>Nr.<\/strong><\/p>\n\n\n\n<p class=\"has-text-color\" style=\"color:#800000\"><strong>Alarmzeit<\/strong><\/p>\n\n\n\n<p class=\"has-text-color\" style=\"color:#800000\"><strong>Einsatzdauer<\/strong><\/p>\n\n\n\n<p class=\"has-text-color\" style=\"color:#800000\"><strong>Einsatzort<\/strong><\/p>\n\n\n\n<p class=\"has-text-color\" style=\"color:#800000\"><strong>Einsatzart&nbsp;<\/strong><\/p>\n\n\n\n<p class=\"has-text-color\" style=\"color:#800000\"><strong>Eingesetzte Fahrzeuge&nbsp;<\/strong><\/p>\n\n\n\n<p class=\"has-text-color\" style=\"color:#800000\"><strong>Einsatzmittel<\/strong><\/p>\n<\/div>\n\n\n\n<div class=\"wp-block-column is-layout-flow wp-block-column-is-layout-flow\">\n<p>34<\/p>\n\n\n\n<p>03.36 Uhr<\/p>\n\n\n\n<p>6,37 Std.<\/p>\n\n\n\n<p>Hofer Stra\u00dfe ST 2692, H\u00f6he Abfahrt Bug<\/p>\n\n\n\n<p>B3 | Brand LKW<\/p>\n\n\n\n<p>HLF20, LF 8\/6, MTW<\/p>\n\n\n\n<p>Fahrzeugl\u00f6schwasserbeh\u00e4lter 2000 ltr., Hydrant 10000 ltr., C-\/D-Rohre, Schaumrohre, PA, WBK, Verkehrslenkungsger\u00e4t, Kommunikationsger\u00e4t, sonstiges Material<\/p>\n<\/div>\n<\/div>\n\n\n\n<hr class=\"wp-block-separator has-css-opacity is-style-wide\"\/>\n\n\n\n<h4 class=\"wp-block-heading\">Einsatzbericht<\/h4>\n\n\n\n<p>Die Feuerwehr Berg wurde wegen eines brennenden LKW-Aufliegers alarmiert.<\/p>\n\n\n\n<p>Bei Eintreffen stand der K\u00fchlauflieger im Bereich der Achsen in Vollbrand. Durch FL Berg 40\/1 wurde umgehend mittels Kombi-Schaumrohr und Hohlstrahlrohr unter der Zugabe von Schaummittel die Brandbek\u00e4mpfung durch zwei Trupps unter PA eingeleitet. Durch FL Berg 42\/1 und FL Berg 14\/1 wurde die St2692 auf H\u00f6he der AS Berg\/Bad Steben komplett gesperrt. F\u00fcr die Nachl\u00f6scharbeiten wurde ein Spr\u00fchrohr unter den Achsen platziert um diese herunter zu k\u00fchlen, des weiteren wurden die Bordw\u00e4nde des Aufliegers von innen und au\u00dfen weiter herunter gek\u00fchlt.<\/p>\n\n\n\n<p>Auf Anforderung der Polizei wurde die St2692 f\u00fcr die Dauer der Bergung gemeinsam mit den Feuerwehren Bruck\/Bug, Gottsmannsgr\u00fcn und Schlegel komplett gesperrt. Nachdem der Auflieger abtransportiert wurde und die Fahrbahn durch die Fa. Umweltservice Lohr gereinigt wurde, konnte die Einsatzstelle freigegeben werden und die Sperrung somit aufgehoben werden.<\/p>\n\n\n\n<hr class=\"wp-block-separator has-alpha-channel-opacity\"\/>\n\n\n\n<h4 class=\"wp-block-heading has-text-align-center\">Einsatzfotos:<\/h4>\n\n\n\n<figure class=\"wp-block-gallery aligncenter has-nested-images columns-3 is-cropped wp-block-gallery-1 is-layout-flex wp-block-gallery-is-layout-flex\">\n<figure class=\"wp-block-image size-large\"><a href=\"https:\/\/www.ffw-berg.de\/wordpress\/wp-content\/uploads\/2023\/08\/24_07_23_lkw_b_2.jpg\"><img loading=\"lazy\" decoding=\"async\" width=\"1080\" height=\"608\" data-id=\"217875\" src=\"https:\/\/www.ffw-berg.de\/wordpress\/wp-content\/uploads\/2023\/08\/24_07_23_lkw_b_2-1080x608.jpg\" alt=\"\" class=\"wp-image-217875\" srcset=\"https:\/\/www.ffw-berg.de\/wordpress\/wp-content\/uploads\/2023\/08\/24_07_23_lkw_b_2-1080x608.jpg 1080w, https:\/\/www.ffw-berg.de\/wordpress\/wp-content\/uploads\/2023\/08\/24_07_23_lkw_b_2-300x169.jpg 300w, https:\/\/www.ffw-berg.de\/wordpress\/wp-content\/uploads\/2023\/08\/24_07_23_lkw_b_2-120x68.jpg 120w, https:\/\/www.ffw-berg.de\/wordpress\/wp-content\/uploads\/2023\/08\/24_07_23_lkw_b_2-768x433.jpg 768w, https:\/\/www.ffw-berg.de\/wordpress\/wp-content\/uploads\/2023\/08\/24_07_23_lkw_b_2-678x381.jpg 678w, https:\/\/www.ffw-berg.de\/wordpress\/wp-content\/uploads\/2023\/08\/24_07_23_lkw_b_2.jpg 1195w\" sizes=\"auto, (max-width: 1080px) 100vw, 1080px\" \/><\/a><\/figure>\n\n\n\n<figure class=\"wp-block-image size-large\"><a href=\"https:\/\/www.ffw-berg.de\/wordpress\/wp-content\/uploads\/2023\/08\/24_07_23_lkw_b_9.jpg\"><img loading=\"lazy\" decoding=\"async\" width=\"1080\" height=\"608\" data-id=\"217874\" src=\"https:\/\/www.ffw-berg.de\/wordpress\/wp-content\/uploads\/2023\/08\/24_07_23_lkw_b_9-1080x608.jpg\" alt=\"\" class=\"wp-image-217874\" srcset=\"https:\/\/www.ffw-berg.de\/wordpress\/wp-content\/uploads\/2023\/08\/24_07_23_lkw_b_9-1080x608.jpg 1080w, https:\/\/www.ffw-berg.de\/wordpress\/wp-content\/uploads\/2023\/08\/24_07_23_lkw_b_9-300x169.jpg 300w, https:\/\/www.ffw-berg.de\/wordpress\/wp-content\/uploads\/2023\/08\/24_07_23_lkw_b_9-120x68.jpg 120w, https:\/\/www.ffw-berg.de\/wordpress\/wp-content\/uploads\/2023\/08\/24_07_23_lkw_b_9-768x433.jpg 768w, https:\/\/www.ffw-berg.de\/wordpress\/wp-content\/uploads\/2023\/08\/24_07_23_lkw_b_9-678x381.jpg 678w, https:\/\/www.ffw-berg.de\/wordpress\/wp-content\/uploads\/2023\/08\/24_07_23_lkw_b_9.jpg 1195w\" sizes=\"auto, (max-width: 1080px) 100vw, 1080px\" \/><\/a><\/figure>\n\n\n\n<figure class=\"wp-block-image size-large\"><a href=\"https:\/\/www.ffw-berg.de\/wordpress\/wp-content\/uploads\/2023\/08\/24_07_23_lkw_b_13.jpg\"><img loading=\"lazy\" decoding=\"async\" width=\"1080\" height=\"608\" data-id=\"217880\" src=\"https:\/\/www.ffw-berg.de\/wordpress\/wp-content\/uploads\/2023\/08\/24_07_23_lkw_b_13-1080x608.jpg\" alt=\"\" class=\"wp-image-217880\" srcset=\"https:\/\/www.ffw-berg.de\/wordpress\/wp-content\/uploads\/2023\/08\/24_07_23_lkw_b_13-1080x608.jpg 1080w, https:\/\/www.ffw-berg.de\/wordpress\/wp-content\/uploads\/2023\/08\/24_07_23_lkw_b_13-300x169.jpg 300w, https:\/\/www.ffw-berg.de\/wordpress\/wp-content\/uploads\/2023\/08\/24_07_23_lkw_b_13-120x68.jpg 120w, https:\/\/www.ffw-berg.de\/wordpress\/wp-content\/uploads\/2023\/08\/24_07_23_lkw_b_13-768x433.jpg 768w, https:\/\/www.ffw-berg.de\/wordpress\/wp-content\/uploads\/2023\/08\/24_07_23_lkw_b_13-678x381.jpg 678w, https:\/\/www.ffw-berg.de\/wordpress\/wp-content\/uploads\/2023\/08\/24_07_23_lkw_b_13.jpg 1195w\" sizes=\"auto, (max-width: 1080px) 100vw, 1080px\" \/><\/a><\/figure>\n\n\n\n<figure class=\"wp-block-image size-large\"><a href=\"https:\/\/www.ffw-berg.de\/wordpress\/wp-content\/uploads\/2023\/08\/24_07_23_lkw_b_15.jpg\"><img loading=\"lazy\" decoding=\"async\" width=\"1080\" height=\"608\" data-id=\"217882\" src=\"https:\/\/www.ffw-berg.de\/wordpress\/wp-content\/uploads\/2023\/08\/24_07_23_lkw_b_15-1080x608.jpg\" alt=\"\" class=\"wp-image-217882\" srcset=\"https:\/\/www.ffw-berg.de\/wordpress\/wp-content\/uploads\/2023\/08\/24_07_23_lkw_b_15-1080x608.jpg 1080w, https:\/\/www.ffw-berg.de\/wordpress\/wp-content\/uploads\/2023\/08\/24_07_23_lkw_b_15-300x169.jpg 300w, https:\/\/www.ffw-berg.de\/wordpress\/wp-content\/uploads\/2023\/08\/24_07_23_lkw_b_15-120x68.jpg 120w, https:\/\/www.ffw-berg.de\/wordpress\/wp-content\/uploads\/2023\/08\/24_07_23_lkw_b_15-768x433.jpg 768w, https:\/\/www.ffw-berg.de\/wordpress\/wp-content\/uploads\/2023\/08\/24_07_23_lkw_b_15-678x381.jpg 678w, https:\/\/www.ffw-berg.de\/wordpress\/wp-content\/uploads\/2023\/08\/24_07_23_lkw_b_15.jpg 1195w\" sizes=\"auto, (max-width: 1080px) 100vw, 1080px\" \/><\/a><\/figure>\n\n\n\n<figure class=\"wp-block-image size-large\"><a href=\"https:\/\/www.ffw-berg.de\/wordpress\/wp-content\/uploads\/2023\/08\/24_07_23_lkw_b_5.jpg\"><img loading=\"lazy\" decoding=\"async\" width=\"1080\" height=\"608\" data-id=\"217879\" src=\"https:\/\/www.ffw-berg.de\/wordpress\/wp-content\/uploads\/2023\/08\/24_07_23_lkw_b_5-1080x608.jpg\" alt=\"\" class=\"wp-image-217879\" srcset=\"https:\/\/www.ffw-berg.de\/wordpress\/wp-content\/uploads\/2023\/08\/24_07_23_lkw_b_5-1080x608.jpg 1080w, https:\/\/www.ffw-berg.de\/wordpress\/wp-content\/uploads\/2023\/08\/24_07_23_lkw_b_5-300x169.jpg 300w, https:\/\/www.ffw-berg.de\/wordpress\/wp-content\/uploads\/2023\/08\/24_07_23_lkw_b_5-120x68.jpg 120w, https:\/\/www.ffw-berg.de\/wordpress\/wp-content\/uploads\/2023\/08\/24_07_23_lkw_b_5-768x433.jpg 768w, https:\/\/www.ffw-berg.de\/wordpress\/wp-content\/uploads\/2023\/08\/24_07_23_lkw_b_5-678x381.jpg 678w, https:\/\/www.ffw-berg.de\/wordpress\/wp-content\/uploads\/2023\/08\/24_07_23_lkw_b_5.jpg 1195w\" sizes=\"auto, (max-width: 1080px) 100vw, 1080px\" \/><\/a><\/figure>\n\n\n\n<figure class=\"wp-block-image size-large\"><a href=\"https:\/\/www.ffw-berg.de\/wordpress\/wp-content\/uploads\/2023\/08\/24_07_23_lkw_b_4.jpg\"><img loading=\"lazy\" decoding=\"async\" width=\"1080\" height=\"608\" data-id=\"217876\" src=\"https:\/\/www.ffw-berg.de\/wordpress\/wp-content\/uploads\/2023\/08\/24_07_23_lkw_b_4-1080x608.jpg\" alt=\"\" class=\"wp-image-217876\" srcset=\"https:\/\/www.ffw-berg.de\/wordpress\/wp-content\/uploads\/2023\/08\/24_07_23_lkw_b_4-1080x608.jpg 1080w, https:\/\/www.ffw-berg.de\/wordpress\/wp-content\/uploads\/2023\/08\/24_07_23_lkw_b_4-300x169.jpg 300w, https:\/\/www.ffw-berg.de\/wordpress\/wp-content\/uploads\/2023\/08\/24_07_23_lkw_b_4-120x68.jpg 120w, https:\/\/www.ffw-berg.de\/wordpress\/wp-content\/uploads\/2023\/08\/24_07_23_lkw_b_4-768x433.jpg 768w, https:\/\/www.ffw-berg.de\/wordpress\/wp-content\/uploads\/2023\/08\/24_07_23_lkw_b_4-678x381.jpg 678w, https:\/\/www.ffw-berg.de\/wordpress\/wp-content\/uploads\/2023\/08\/24_07_23_lkw_b_4.jpg 1195w\" sizes=\"auto, (max-width: 1080px) 100vw, 1080px\" \/><\/a><\/figure>\n\n\n\n<figure class=\"wp-block-image size-large\"><a href=\"https:\/\/www.ffw-berg.de\/wordpress\/wp-content\/uploads\/2023\/08\/24_07_23_lkw_b_10.jpg\"><img loading=\"lazy\" decoding=\"async\" width=\"1080\" height=\"608\" data-id=\"217877\" src=\"https:\/\/www.ffw-berg.de\/wordpress\/wp-content\/uploads\/2023\/08\/24_07_23_lkw_b_10-1080x608.jpg\" alt=\"\" class=\"wp-image-217877\" srcset=\"https:\/\/www.ffw-berg.de\/wordpress\/wp-content\/uploads\/2023\/08\/24_07_23_lkw_b_10-1080x608.jpg 1080w, https:\/\/www.ffw-berg.de\/wordpress\/wp-content\/uploads\/2023\/08\/24_07_23_lkw_b_10-300x169.jpg 300w, https:\/\/www.ffw-berg.de\/wordpress\/wp-content\/uploads\/2023\/08\/24_07_23_lkw_b_10-120x68.jpg 120w, https:\/\/www.ffw-berg.de\/wordpress\/wp-content\/uploads\/2023\/08\/24_07_23_lkw_b_10-768x433.jpg 768w, https:\/\/www.ffw-berg.de\/wordpress\/wp-content\/uploads\/2023\/08\/24_07_23_lkw_b_10-678x381.jpg 678w, https:\/\/www.ffw-berg.de\/wordpress\/wp-content\/uploads\/2023\/08\/24_07_23_lkw_b_10.jpg 1195w\" sizes=\"auto, (max-width: 1080px) 100vw, 1080px\" \/><\/a><\/figure>\n\n\n\n<figure class=\"wp-block-image size-large\"><a href=\"https:\/\/www.ffw-berg.de\/wordpress\/wp-content\/uploads\/2023\/08\/24_07_23_lkw_b_16.jpg\"><img loading=\"lazy\" decoding=\"async\" width=\"1080\" height=\"608\" data-id=\"217883\" src=\"https:\/\/www.ffw-berg.de\/wordpress\/wp-content\/uploads\/2023\/08\/24_07_23_lkw_b_16-1080x608.jpg\" alt=\"\" class=\"wp-image-217883\" srcset=\"https:\/\/www.ffw-berg.de\/wordpress\/wp-content\/uploads\/2023\/08\/24_07_23_lkw_b_16-1080x608.jpg 1080w, https:\/\/www.ffw-berg.de\/wordpress\/wp-content\/uploads\/2023\/08\/24_07_23_lkw_b_16-300x169.jpg 300w, https:\/\/www.ffw-berg.de\/wordpress\/wp-content\/uploads\/2023\/08\/24_07_23_lkw_b_16-120x68.jpg 120w, https:\/\/www.ffw-berg.de\/wordpress\/wp-content\/uploads\/2023\/08\/24_07_23_lkw_b_16-768x432.jpg 768w, https:\/\/www.ffw-berg.de\/wordpress\/wp-content\/uploads\/2023\/08\/24_07_23_lkw_b_16-1536x864.jpg 1536w, https:\/\/www.ffw-berg.de\/wordpress\/wp-content\/uploads\/2023\/08\/24_07_23_lkw_b_16-678x381.jpg 678w, https:\/\/www.ffw-berg.de\/wordpress\/wp-content\/uploads\/2023\/08\/24_07_23_lkw_b_16.jpg 1920w\" sizes=\"auto, (max-width: 1080px) 100vw, 1080px\" \/><\/a><\/figure>\n<figcaption class=\"blocks-gallery-caption wp-element-caption\">Zum Vergr\u00f6\u00dfern anklicken!<\/figcaption><\/figure>\n","protected":false},"excerpt":{"rendered":"<div class=\"mh-excerpt\">Nr. 34 | Zeit: 0336 Uhr | Hofer Stra\u00dfe ST 2692, H\u00f6he Abfahrt Bug | B<\/p>\n<p>Eingesetzte Fahrzeuge:<br \/>\nHLF20, LF 8\/6, MTW<\/p><\/div>\n<p> <a class=\"mh-excerpt-more\" href=\"https:\/\/www.ffw-berg.de\/wordpress\/einsatz-vom-24-07-23-brand-lkw\/\" title=\"Einsatz vom 24.07.23 &#8211; Brand LKW\">[  Mehr &gt;&gt; ]<\/a><\/p>\n","protected":false},"author":2,"featured_media":217874,"comment_status":"closed","ping_status":"open","sticky":false,"template":"","format":"standard","meta":{"footnotes":""},"categories":[1309],"tags":[82,86,87,147,158,203,894],"class_list":{"0":"post-217870","1":"post","2":"type-post","3":"status-publish","4":"format-standard","5":"has-post-thumbnail","7":"category-einsaetze-2023","8":"tag-lf86","9":"tag-fahrzeugbrand","10":"tag-bab-a9","11":"tag-kommunikationsmittel","12":"tag-brand-lkw","13":"tag-chemische-oelbindemittel","14":"tag-hlf20"},"_links":{"self":[{"href":"https:\/\/www.ffw-berg.de\/wordpress\/wp-json\/wp\/v2\/posts\/217870","targetHints":{"allow":["GET"]}}],"collection":[{"href":"https:\/\/www.ffw-berg.de\/wordpress\/wp-json\/wp\/v2\/posts"}],"about":[{"href":"https:\/\/www.ffw-berg.de\/wordpress\/wp-json\/wp\/v2\/types\/post"}],"author":[{"embeddable":true,"href":"https:\/\/www.ffw-berg.de\/wordpress\/wp-json\/wp\/v2\/users\/2"}],"replies":[{"embeddable":true,"href":"https:\/\/www.ffw-berg.de\/wordpress\/wp-json\/wp\/v2\/comments?post=217870"}],"version-history":[{"count":0,"href":"https:\/\/www.ffw-berg.de\/wordpress\/wp-json\/wp\/v2\/posts\/217870\/revisions"}],"wp:featuredmedia":[{"embeddable":true,"href":"https:\/\/www.ffw-berg.de\/wordpress\/wp-json\/wp\/v2\/media\/217874"}],"wp:attachment":[{"href":"https:\/\/www.ffw-berg.de\/wordpress\/wp-json\/wp\/v2\/media?parent=217870"}],"wp:term":[{"taxonomy":"category","embeddable":true,"href":"https:\/\/www.ffw-berg.de\/wordpress\/wp-json\/wp\/v2\/categories?post=217870"},{"taxonomy":"post_tag","embeddable":true,"href":"https:\/\/www.ffw-berg.de\/wordpress\/wp-json\/wp\/v2\/tags?post=217870"}],"curies":[{"name":"wp","href":"https:\/\/api.w.org\/{rel}","templated":true}]}}