{"id":217897,"date":"2023-08-04T13:38:00","date_gmt":"2023-08-04T11:38:00","guid":{"rendered":"https:\/\/www.ffw-berg.de\/wordpress\/?p=217897"},"modified":"2024-01-01T17:59:29","modified_gmt":"2024-01-01T16:59:29","slug":"einsatz-vom-04-08-23-thl-wespennest","status":"publish","type":"post","link":"https:\/\/www.ffw-berg.de\/wordpress\/einsatz-vom-04-08-23-thl-wespennest\/","title":{"rendered":"Einsatz vom 04.08.23 &#8211; THL, Wespennest"},"content":{"rendered":"\n<p><span style=\"font-family: arial, helvetica, sans-serif\"><\/span><\/p>\n\n\n\n<div class=\"wp-block-columns has-2-columns is-layout-flex wp-container-core-columns-is-layout-9d6595d7 wp-block-columns-is-layout-flex\">\n<div class=\"wp-block-column is-layout-flow wp-block-column-is-layout-flow\">\n<p class=\"has-text-color\" style=\"color:#800000\"><strong>Nr.:<\/strong><\/p>\n\n\n\n<p class=\"has-text-color\" style=\"color:#800000\"><strong>Alarmzeit:<\/strong><\/p>\n\n\n\n<p class=\"has-text-color\" style=\"color:#800000\"><strong>Einsatzdauer:<\/strong><\/p>\n\n\n\n<p class=\"has-text-color\" style=\"color:#800000\"><strong>Einsatzort:<\/strong><\/p>\n\n\n\n<p class=\"has-text-color\" style=\"color:#800000\"><strong>Einsatzart:<\/strong><\/p>\n\n\n\n<p class=\"has-text-color\" style=\"color:#800000\"><strong>Eingesetzte Fahrzeuge:<\/strong><\/p>\n\n\n\n<p class=\"has-text-color\" style=\"color:#800000\"><strong>Einsatzmittel:<\/strong><br \/><\/p>\n<\/div>\n\n\n\n<div class=\"wp-block-column is-layout-flow wp-block-column-is-layout-flow\">\n<p>37<\/p>\n\n\n\n<p>13.38 Uhr<\/p>\n\n\n\n<p>1,37 Std.<\/p>\n\n\n\n<p>Alter Autohof, Berg<\/p>\n\n\n\n<p>THL 1 | Insekten (Gefahr f\u00fcr Personen)<\/p>\n\n\n\n<p>LF 8\/6<\/p>\n\n\n\n<p>Schutzbekleidung, sonstiges Material<\/p>\n<\/div>\n<\/div>\n\n\n\n<hr class=\"wp-block-separator has-css-opacity is-style-wide\"\/>\n\n\n\n<h4 class=\"wp-block-heading\"><strong>Einsatzbericht<\/strong><\/h4>\n\n\n\n<p>Anforderung zur Entfernung eines Wespennestes im Freizeitheim Untertiefengr\u00fcn.<\/p>\n\n\n\n<p>Nachdem in mehreren Zimmern Wespen vorgefunden wurden und somit eine Gef\u00e4hrdung f\u00fcr Personen bestand, wurde die Feuerwehr t\u00e4tig. Auf dem Dachboden wurden mehrere Wespennester entfernt.<\/p>\n","protected":false},"excerpt":{"rendered":"<div class=\"mh-excerpt\">Nr. 37 | Zeit: 13.38 Uhr | M\u00fchlberg,  Berg | THL<\/p>\n<p>Einsetzte Fahrzeuge:<br \/>\nLF 8\/6<\/p><\/div>\n<p> <a class=\"mh-excerpt-more\" href=\"https:\/\/www.ffw-berg.de\/wordpress\/einsatz-vom-04-08-23-thl-wespennest\/\" title=\"Einsatz vom 04.08.23 &#8211; THL, Wespennest\">[  Mehr &gt;&gt; ]<\/a><\/p>\n","protected":false},"author":2,"featured_media":212207,"comment_status":"closed","ping_status":"open","sticky":false,"template":"","format":"standard","meta":{"footnotes":""},"categories":[1309],"tags":[78,82,178,390,541,1414],"class_list":{"0":"post-217897","1":"post","2":"type-post","3":"status-publish","4":"format-standard","5":"has-post-thumbnail","7":"category-einsaetze-2023","8":"tag-thl","9":"tag-lf86","10":"tag-berg","11":"tag-sonstiges-materialgeraet","12":"tag-schutzbekleidung","13":"tag-wespennest"},"_links":{"self":[{"href":"https:\/\/www.ffw-berg.de\/wordpress\/wp-json\/wp\/v2\/posts\/217897","targetHints":{"allow":["GET"]}}],"collection":[{"href":"https:\/\/www.ffw-berg.de\/wordpress\/wp-json\/wp\/v2\/posts"}],"about":[{"href":"https:\/\/www.ffw-berg.de\/wordpress\/wp-json\/wp\/v2\/types\/post"}],"author":[{"embeddable":true,"href":"https:\/\/www.ffw-berg.de\/wordpress\/wp-json\/wp\/v2\/users\/2"}],"replies":[{"embeddable":true,"href":"https:\/\/www.ffw-berg.de\/wordpress\/wp-json\/wp\/v2\/comments?post=217897"}],"version-history":[{"count":0,"href":"https:\/\/www.ffw-berg.de\/wordpress\/wp-json\/wp\/v2\/posts\/217897\/revisions"}],"wp:featuredmedia":[{"embeddable":true,"href":"https:\/\/www.ffw-berg.de\/wordpress\/wp-json\/wp\/v2\/media\/212207"}],"wp:attachment":[{"href":"https:\/\/www.ffw-berg.de\/wordpress\/wp-json\/wp\/v2\/media?parent=217897"}],"wp:term":[{"taxonomy":"category","embeddable":true,"href":"https:\/\/www.ffw-berg.de\/wordpress\/wp-json\/wp\/v2\/categories?post=217897"},{"taxonomy":"post_tag","embeddable":true,"href":"https:\/\/www.ffw-berg.de\/wordpress\/wp-json\/wp\/v2\/tags?post=217897"}],"curies":[{"name":"wp","href":"https:\/\/api.w.org\/{rel}","templated":true}]}}