{"id":217901,"date":"2023-08-17T17:34:00","date_gmt":"2023-08-17T15:34:00","guid":{"rendered":"https:\/\/www.ffw-berg.de\/wordpress\/?p=217901"},"modified":"2024-01-01T17:59:21","modified_gmt":"2024-01-01T16:59:21","slug":"einsatz-vom-17-08-23-thl-parkplatzeinweisung","status":"publish","type":"post","link":"https:\/\/www.ffw-berg.de\/wordpress\/einsatz-vom-17-08-23-thl-parkplatzeinweisung\/","title":{"rendered":"Einsatz vom 17.08.23 &#8211; THL, Parkplatzeinweisung"},"content":{"rendered":"\n<p><span style=\"font-family: arial, helvetica, sans-serif\"><\/span><\/p>\n\n\n\n<div class=\"wp-block-columns has-2-columns is-layout-flex wp-container-core-columns-is-layout-9d6595d7 wp-block-columns-is-layout-flex\">\n<div class=\"wp-block-column is-layout-flow wp-block-column-is-layout-flow\">\n<p class=\"has-text-color\" style=\"color:#800000\"><strong>Nr.:<\/strong><\/p>\n\n\n\n<p class=\"has-text-color\" style=\"color:#800000\"><strong>Alarmzeit:<\/strong><\/p>\n\n\n\n<p class=\"has-text-color\" style=\"color:#800000\"><strong>Einsatzdauer:<\/strong><\/p>\n\n\n\n<p class=\"has-text-color\" style=\"color:#800000\"><strong>Einsatzort:<\/strong><\/p>\n\n\n\n<p class=\"has-text-color\" style=\"color:#800000\"><strong>Einsatzart:<\/strong><\/p>\n\n\n\n<p class=\"has-text-color\" style=\"color:#800000\"><strong>Eingesetzte Fahrzeuge:<\/strong><\/p>\n\n\n\n<p class=\"has-text-color\" style=\"color:#800000\"><strong>Einsatzmittel:<\/strong><br \/><\/p>\n<\/div>\n\n\n\n<div class=\"wp-block-column is-layout-flow wp-block-column-is-layout-flow\">\n<p>38<\/p>\n\n\n\n<p>17.34 Uhr<\/p>\n\n\n\n<p>3,28 Std.<\/p>\n\n\n\n<p>Sportplatzweg, Eisenb\u00fchl<\/p>\n\n\n\n<p>THL 1 | Verkehrslenkung<\/p>\n\n\n\n<p>MTW<\/p>\n\n\n\n<p>Verkehrslenkungsger\u00e4t, Kommunikationsmittel<\/p>\n<\/div>\n<\/div>\n\n\n\n<hr class=\"wp-block-separator has-css-opacity is-style-wide\"\/>\n\n\n\n<h4 class=\"wp-block-heading\"><strong>Einsatzbericht<\/strong><\/h4>\n\n\n\n<p>Parkplatzeinweisung anl\u00e4sslich der Veranstaltung &#8222;Eisenb\u00fchler Sommerfest&#8220; in Eisenb\u00fchl.<\/p>\n","protected":false},"excerpt":{"rendered":"<div class=\"mh-excerpt\">Nr. 38 | Zeit: 17.34 Uhr | Sportplatzweg, Eisenb\u00fchl | THL<\/p>\n<p>Eingesetzte Fahrzeuge:<br \/>\nMTW<\/p><\/div>\n<p> <a class=\"mh-excerpt-more\" href=\"https:\/\/www.ffw-berg.de\/wordpress\/einsatz-vom-17-08-23-thl-parkplatzeinweisung\/\" title=\"Einsatz vom 17.08.23 &#8211; THL, Parkplatzeinweisung\">[  Mehr &gt;&gt; ]<\/a><\/p>\n","protected":false},"author":2,"featured_media":212207,"comment_status":"closed","ping_status":"open","sticky":false,"template":"","format":"standard","meta":{"footnotes":""},"categories":[1309],"tags":[78,364,147,572,1415],"class_list":{"0":"post-217901","1":"post","2":"type-post","3":"status-publish","4":"format-standard","5":"has-post-thumbnail","7":"category-einsaetze-2023","8":"tag-thl","9":"tag-mtw","10":"tag-kommunikationsmittel","11":"tag-verkehrslenkungsgeraet","12":"tag-sonstige-hilfeleistung"},"_links":{"self":[{"href":"https:\/\/www.ffw-berg.de\/wordpress\/wp-json\/wp\/v2\/posts\/217901","targetHints":{"allow":["GET"]}}],"collection":[{"href":"https:\/\/www.ffw-berg.de\/wordpress\/wp-json\/wp\/v2\/posts"}],"about":[{"href":"https:\/\/www.ffw-berg.de\/wordpress\/wp-json\/wp\/v2\/types\/post"}],"author":[{"embeddable":true,"href":"https:\/\/www.ffw-berg.de\/wordpress\/wp-json\/wp\/v2\/users\/2"}],"replies":[{"embeddable":true,"href":"https:\/\/www.ffw-berg.de\/wordpress\/wp-json\/wp\/v2\/comments?post=217901"}],"version-history":[{"count":0,"href":"https:\/\/www.ffw-berg.de\/wordpress\/wp-json\/wp\/v2\/posts\/217901\/revisions"}],"wp:featuredmedia":[{"embeddable":true,"href":"https:\/\/www.ffw-berg.de\/wordpress\/wp-json\/wp\/v2\/media\/212207"}],"wp:attachment":[{"href":"https:\/\/www.ffw-berg.de\/wordpress\/wp-json\/wp\/v2\/media?parent=217901"}],"wp:term":[{"taxonomy":"category","embeddable":true,"href":"https:\/\/www.ffw-berg.de\/wordpress\/wp-json\/wp\/v2\/categories?post=217901"},{"taxonomy":"post_tag","embeddable":true,"href":"https:\/\/www.ffw-berg.de\/wordpress\/wp-json\/wp\/v2\/tags?post=217901"}],"curies":[{"name":"wp","href":"https:\/\/api.w.org\/{rel}","templated":true}]}}