{"id":217926,"date":"2023-09-19T15:14:01","date_gmt":"2023-09-19T13:14:01","guid":{"rendered":"https:\/\/www.ffw-berg.de\/wordpress\/?p=217926"},"modified":"2023-09-19T15:16:13","modified_gmt":"2023-09-19T13:16:13","slug":"alarmuebung-silobrand-mit-7-vermissten","status":"publish","type":"post","link":"https:\/\/www.ffw-berg.de\/wordpress\/alarmuebung-silobrand-mit-7-vermissten\/","title":{"rendered":"Alarm\u00fcbung &#8211; Silobrand mit 7 Vermissten"},"content":{"rendered":"\n<h2 class=\"wp-block-heading\">Erfolgreiche \u00dcbung der FFw Berg mit Partnerwehren<\/h2>\n\n\n\n<p class=\"has-small-font-size\">Quelle: Amtsblatt &#8222;Wir im Frankenwald&#8220; vom 21.07.23, Seite 37 &#8211; Bericht: Sandra H\u00fcttner<\/p>\n\n\n\n<p>Sirenengeheul zerrei\u00dft die Feierabendstille im Berger Winkel und wenig sp\u00e4ter fahren mit Blaulicht und Signalhorn Einsatzfahrzeuge der Feuerwehr, aber zum Gl\u00fcck ist es nur eine nicht angesagte \u00dcbung, um die realen Anfahrtszeiten zu testen, zudem die L\u00f6schwasserversorgung im Hauptort Berg, die Zusammenarbeit der Wehren einschlie\u00dflich des L\u00f6schzug 5 des Hilfeleistungskontingent Brand des Landkreises Hof, der sich aus dem F\u00fchrungsfahrzeug der Feuerwehr Naila, der Drehleiter Naila sowie je einem L\u00f6schfahrzeug der Wehren aus Selbitz und Schauenstein zusammensetzt und somit 22 Einsatzkr\u00e4fte umfasst. \u201eInsgesamt gibt es sechs L\u00f6schz\u00fcge im Landkreis Hof\u201c, erkl\u00e4rt Kreisbrandmeister Hans M\u00fcnzer, der f\u00fcr die Ausarbeitung und Durchf\u00fchrung der Einsatz\u00fcbung verantwortlich zeichnet und nur den federf\u00fchrenden Kommandanten im Berger Winkel Maximilian Schaller und den Stellvertreter vom L\u00f6schzug 5, Kreisbrandmeister Thomas Popp \u201eeingeweiht\u201c hatte. <\/p>\n\n\n\n<figure class=\"wp-block-gallery has-nested-images columns-default is-cropped wp-block-gallery-1 is-layout-flex wp-block-gallery-is-layout-flex\">\n<figure class=\"wp-block-image size-large\"><a href=\"https:\/\/www.ffw-berg.de\/wordpress\/wp-content\/uploads\/2023\/09\/23-07-13_alarmuebung24.jpg\"><img loading=\"lazy\" decoding=\"async\" width=\"1080\" height=\"608\" data-id=\"217938\" src=\"https:\/\/www.ffw-berg.de\/wordpress\/wp-content\/uploads\/2023\/09\/23-07-13_alarmuebung24-1080x608.jpg\" alt=\"\" class=\"wp-image-217938\" srcset=\"https:\/\/www.ffw-berg.de\/wordpress\/wp-content\/uploads\/2023\/09\/23-07-13_alarmuebung24-1080x608.jpg 1080w, https:\/\/www.ffw-berg.de\/wordpress\/wp-content\/uploads\/2023\/09\/23-07-13_alarmuebung24-300x169.jpg 300w, https:\/\/www.ffw-berg.de\/wordpress\/wp-content\/uploads\/2023\/09\/23-07-13_alarmuebung24-120x68.jpg 120w, https:\/\/www.ffw-berg.de\/wordpress\/wp-content\/uploads\/2023\/09\/23-07-13_alarmuebung24-768x432.jpg 768w, https:\/\/www.ffw-berg.de\/wordpress\/wp-content\/uploads\/2023\/09\/23-07-13_alarmuebung24-1536x864.jpg 1536w, https:\/\/www.ffw-berg.de\/wordpress\/wp-content\/uploads\/2023\/09\/23-07-13_alarmuebung24-678x381.jpg 678w, https:\/\/www.ffw-berg.de\/wordpress\/wp-content\/uploads\/2023\/09\/23-07-13_alarmuebung24.jpg 1920w\" sizes=\"auto, (max-width: 1080px) 100vw, 1080px\" \/><\/a><\/figure>\n\n\n\n<figure class=\"wp-block-image size-large\"><a href=\"https:\/\/www.ffw-berg.de\/wordpress\/wp-content\/uploads\/2023\/09\/23-07-13_alarmuebung15.jpg\"><img loading=\"lazy\" decoding=\"async\" width=\"1080\" height=\"608\" data-id=\"217935\" src=\"https:\/\/www.ffw-berg.de\/wordpress\/wp-content\/uploads\/2023\/09\/23-07-13_alarmuebung15-1080x608.jpg\" alt=\"\" class=\"wp-image-217935\" srcset=\"https:\/\/www.ffw-berg.de\/wordpress\/wp-content\/uploads\/2023\/09\/23-07-13_alarmuebung15-1080x608.jpg 1080w, https:\/\/www.ffw-berg.de\/wordpress\/wp-content\/uploads\/2023\/09\/23-07-13_alarmuebung15-300x169.jpg 300w, https:\/\/www.ffw-berg.de\/wordpress\/wp-content\/uploads\/2023\/09\/23-07-13_alarmuebung15-120x68.jpg 120w, https:\/\/www.ffw-berg.de\/wordpress\/wp-content\/uploads\/2023\/09\/23-07-13_alarmuebung15-768x432.jpg 768w, https:\/\/www.ffw-berg.de\/wordpress\/wp-content\/uploads\/2023\/09\/23-07-13_alarmuebung15-1536x864.jpg 1536w, https:\/\/www.ffw-berg.de\/wordpress\/wp-content\/uploads\/2023\/09\/23-07-13_alarmuebung15-678x381.jpg 678w, https:\/\/www.ffw-berg.de\/wordpress\/wp-content\/uploads\/2023\/09\/23-07-13_alarmuebung15.jpg 1920w\" sizes=\"auto, (max-width: 1080px) 100vw, 1080px\" \/><\/a><\/figure>\n<\/figure>\n\n\n\n<p>Angenommen ist ein ausgedehnter Silobrand mit sieben vermissten Arbeitern im Lagerhaus der Raiffeisen Oberfranken Ost GmbH, der sich bereits auf das Warenhaus und die benachbarte Lagerhalle ausgebreitet hatte. 14 Fahrzeuge, zwei F\u00fchrungsfahrzeuge und insgesamt 90 Einsatzkr\u00e4fte r\u00fccken an, die aus den Wehren Gottsmannsgr\u00fcn, Rudolphstein, Berg mit L\u00f6schgruppe Hadermannsgr\u00fcn, Reitzenstein, Naila, Schauenstein und Selbitz kommen. Die Wehren Eisenb\u00fchl und Schnarchenreuth waren nicht beteiligt. \u201eEs erfolgte die Bildung von drei Abschnitten\u201c, erkl\u00e4rt KBM M\u00fcnzer und auch, dass insgesamt 600 Meter L\u00f6schwasserf\u00f6rderstrecke verlegt werden musste, vom Oberflurhydranten an der Grundschule Berg und eine weitere vom L\u00f6schwasserbeh\u00e4lter mit 80 Kubikmeter in der Ortsmitte. Zum Einsatz kamen 30 B-Schl\u00e4uche, vier C-Strahlrohre, zwei B-Strahlrohre, das Wenderohr der Drehleiter und ein Dachmonitor. \u201eSechs Atemschutzger\u00e4tetr\u00e4gertrupps und Sicherungstrupps agierten bei Menschenrettung und Brandbek\u00e4mpfung.\u201c <\/p>\n\n\n\n<figure class=\"wp-block-gallery has-nested-images columns-2 is-cropped wp-block-gallery-2 is-layout-flex wp-block-gallery-is-layout-flex\">\n<figure class=\"wp-block-image size-large\"><a href=\"https:\/\/www.ffw-berg.de\/wordpress\/wp-content\/uploads\/2023\/09\/23-07-13_alarmuebung9.jpg\"><img loading=\"lazy\" decoding=\"async\" width=\"1080\" height=\"608\" data-id=\"217934\" src=\"https:\/\/www.ffw-berg.de\/wordpress\/wp-content\/uploads\/2023\/09\/23-07-13_alarmuebung9-1080x608.jpg\" alt=\"\" class=\"wp-image-217934\" srcset=\"https:\/\/www.ffw-berg.de\/wordpress\/wp-content\/uploads\/2023\/09\/23-07-13_alarmuebung9-1080x608.jpg 1080w, https:\/\/www.ffw-berg.de\/wordpress\/wp-content\/uploads\/2023\/09\/23-07-13_alarmuebung9-300x169.jpg 300w, https:\/\/www.ffw-berg.de\/wordpress\/wp-content\/uploads\/2023\/09\/23-07-13_alarmuebung9-120x68.jpg 120w, https:\/\/www.ffw-berg.de\/wordpress\/wp-content\/uploads\/2023\/09\/23-07-13_alarmuebung9-768x432.jpg 768w, https:\/\/www.ffw-berg.de\/wordpress\/wp-content\/uploads\/2023\/09\/23-07-13_alarmuebung9-1536x864.jpg 1536w, https:\/\/www.ffw-berg.de\/wordpress\/wp-content\/uploads\/2023\/09\/23-07-13_alarmuebung9-678x381.jpg 678w, https:\/\/www.ffw-berg.de\/wordpress\/wp-content\/uploads\/2023\/09\/23-07-13_alarmuebung9.jpg 1920w\" sizes=\"auto, (max-width: 1080px) 100vw, 1080px\" \/><\/a><\/figure>\n\n\n\n<figure class=\"wp-block-image size-large\"><a href=\"https:\/\/www.ffw-berg.de\/wordpress\/wp-content\/uploads\/2023\/09\/23-07-13_alarmuebung7.jpg\"><img loading=\"lazy\" decoding=\"async\" width=\"1080\" height=\"608\" data-id=\"217933\" src=\"https:\/\/www.ffw-berg.de\/wordpress\/wp-content\/uploads\/2023\/09\/23-07-13_alarmuebung7-1080x608.jpg\" alt=\"\" class=\"wp-image-217933\" srcset=\"https:\/\/www.ffw-berg.de\/wordpress\/wp-content\/uploads\/2023\/09\/23-07-13_alarmuebung7-1080x608.jpg 1080w, https:\/\/www.ffw-berg.de\/wordpress\/wp-content\/uploads\/2023\/09\/23-07-13_alarmuebung7-300x169.jpg 300w, https:\/\/www.ffw-berg.de\/wordpress\/wp-content\/uploads\/2023\/09\/23-07-13_alarmuebung7-120x68.jpg 120w, https:\/\/www.ffw-berg.de\/wordpress\/wp-content\/uploads\/2023\/09\/23-07-13_alarmuebung7-768x432.jpg 768w, https:\/\/www.ffw-berg.de\/wordpress\/wp-content\/uploads\/2023\/09\/23-07-13_alarmuebung7-1536x864.jpg 1536w, https:\/\/www.ffw-berg.de\/wordpress\/wp-content\/uploads\/2023\/09\/23-07-13_alarmuebung7-678x381.jpg 678w, https:\/\/www.ffw-berg.de\/wordpress\/wp-content\/uploads\/2023\/09\/23-07-13_alarmuebung7.jpg 1920w\" sizes=\"auto, (max-width: 1080px) 100vw, 1080px\" \/><\/a><\/figure>\n\n\n\n<figure class=\"wp-block-image size-large\"><a href=\"https:\/\/www.ffw-berg.de\/wordpress\/wp-content\/uploads\/2023\/09\/23-07-13_alarmuebung5.jpg\"><img loading=\"lazy\" decoding=\"async\" width=\"1080\" height=\"608\" data-id=\"217932\" src=\"https:\/\/www.ffw-berg.de\/wordpress\/wp-content\/uploads\/2023\/09\/23-07-13_alarmuebung5-1080x608.jpg\" alt=\"\" class=\"wp-image-217932\" srcset=\"https:\/\/www.ffw-berg.de\/wordpress\/wp-content\/uploads\/2023\/09\/23-07-13_alarmuebung5-1080x608.jpg 1080w, https:\/\/www.ffw-berg.de\/wordpress\/wp-content\/uploads\/2023\/09\/23-07-13_alarmuebung5-300x169.jpg 300w, https:\/\/www.ffw-berg.de\/wordpress\/wp-content\/uploads\/2023\/09\/23-07-13_alarmuebung5-120x68.jpg 120w, https:\/\/www.ffw-berg.de\/wordpress\/wp-content\/uploads\/2023\/09\/23-07-13_alarmuebung5-768x432.jpg 768w, https:\/\/www.ffw-berg.de\/wordpress\/wp-content\/uploads\/2023\/09\/23-07-13_alarmuebung5-1536x864.jpg 1536w, https:\/\/www.ffw-berg.de\/wordpress\/wp-content\/uploads\/2023\/09\/23-07-13_alarmuebung5-678x381.jpg 678w, https:\/\/www.ffw-berg.de\/wordpress\/wp-content\/uploads\/2023\/09\/23-07-13_alarmuebung5.jpg 1920w\" sizes=\"auto, (max-width: 1080px) 100vw, 1080px\" \/><\/a><\/figure>\n<\/figure>\n\n\n\n<p>Als \u201estille Beobachter\u201c agierten Kreisbrandinspektor Rolf Hornfischer und B\u00fcrgermeisterin Patricia Rubner, die sich vom Wissen und K\u00f6nnen der Brandsch\u00fctzer \u00fcberzeugen konnten. Bei der L\u00f6schwasserf\u00f6rderstrecke von der Grundschule zum Brandobjekt kamen Schlauchbr\u00fccken und auch eine Schlauch\u00fcberf\u00fchrung zum Einsatz. Beim Aufbau der Schlauch\u00fcberf\u00fchrung der Staatsstra\u00dfe 2198 kam es zu einem unerfreulichen Zwischenfall mit einem \u201eAutofahrer, der so gar kein Verst\u00e4ndnis f\u00fcr das \u00dcbungsszenario hatte\u201c. Kreisbrandmeister Hans M\u00fcnzer bilanziert dies leider \u201eNormalit\u00e4t\u201c sei und auch, dass die Einsatzkr\u00e4fte bei Verkehrsreglungen bedingt durch Brand, Unfall oder Einsatz\u00fcbungen regelm\u00e4\u00dfig angemotzt und beschimpft werden und auch Drohgeb\u00e4rden keine Seltenheit seien. \u201eDabei erkl\u00e4ren die Einsatzkr\u00e4fte, warum und geben Hinweise zur Umleitung, aber Anp\u00f6beln und Meckern geh\u00f6rt zur Tagesordnung, was \u00e4u\u00dferst kritisch ist\u201c, bilanziert M\u00fcnzer und betont, dass es seitens der Verkehrsteilnehmer meist kein Verst\u00e4ndnis gebe und immer ein \u201eeiliges M\u00fcssen\u201c von A nach B vorgeschoben werden. <\/p>\n\n\n\n<figure class=\"wp-block-gallery has-nested-images columns-default is-cropped wp-block-gallery-3 is-layout-flex wp-block-gallery-is-layout-flex\">\n<figure class=\"wp-block-image size-large\"><a href=\"https:\/\/www.ffw-berg.de\/wordpress\/wp-content\/uploads\/2023\/09\/23-07-13_alarmuebung19.jpg\"><img loading=\"lazy\" decoding=\"async\" width=\"1080\" height=\"608\" data-id=\"217936\" src=\"https:\/\/www.ffw-berg.de\/wordpress\/wp-content\/uploads\/2023\/09\/23-07-13_alarmuebung19-1080x608.jpg\" alt=\"\" class=\"wp-image-217936\" srcset=\"https:\/\/www.ffw-berg.de\/wordpress\/wp-content\/uploads\/2023\/09\/23-07-13_alarmuebung19-1080x608.jpg 1080w, https:\/\/www.ffw-berg.de\/wordpress\/wp-content\/uploads\/2023\/09\/23-07-13_alarmuebung19-300x169.jpg 300w, https:\/\/www.ffw-berg.de\/wordpress\/wp-content\/uploads\/2023\/09\/23-07-13_alarmuebung19-120x68.jpg 120w, https:\/\/www.ffw-berg.de\/wordpress\/wp-content\/uploads\/2023\/09\/23-07-13_alarmuebung19-768x432.jpg 768w, https:\/\/www.ffw-berg.de\/wordpress\/wp-content\/uploads\/2023\/09\/23-07-13_alarmuebung19-1536x864.jpg 1536w, https:\/\/www.ffw-berg.de\/wordpress\/wp-content\/uploads\/2023\/09\/23-07-13_alarmuebung19-678x381.jpg 678w, https:\/\/www.ffw-berg.de\/wordpress\/wp-content\/uploads\/2023\/09\/23-07-13_alarmuebung19.jpg 1920w\" sizes=\"auto, (max-width: 1080px) 100vw, 1080px\" \/><\/a><\/figure>\n\n\n\n<figure class=\"wp-block-image size-large\"><a href=\"https:\/\/www.ffw-berg.de\/wordpress\/wp-content\/uploads\/2023\/09\/23-07-13_alarmuebung23.jpg\"><img loading=\"lazy\" decoding=\"async\" width=\"1080\" height=\"608\" data-id=\"217937\" src=\"https:\/\/www.ffw-berg.de\/wordpress\/wp-content\/uploads\/2023\/09\/23-07-13_alarmuebung23-1080x608.jpg\" alt=\"\" class=\"wp-image-217937\" srcset=\"https:\/\/www.ffw-berg.de\/wordpress\/wp-content\/uploads\/2023\/09\/23-07-13_alarmuebung23-1080x608.jpg 1080w, https:\/\/www.ffw-berg.de\/wordpress\/wp-content\/uploads\/2023\/09\/23-07-13_alarmuebung23-300x169.jpg 300w, https:\/\/www.ffw-berg.de\/wordpress\/wp-content\/uploads\/2023\/09\/23-07-13_alarmuebung23-120x68.jpg 120w, https:\/\/www.ffw-berg.de\/wordpress\/wp-content\/uploads\/2023\/09\/23-07-13_alarmuebung23-768x432.jpg 768w, https:\/\/www.ffw-berg.de\/wordpress\/wp-content\/uploads\/2023\/09\/23-07-13_alarmuebung23-1536x864.jpg 1536w, https:\/\/www.ffw-berg.de\/wordpress\/wp-content\/uploads\/2023\/09\/23-07-13_alarmuebung23-678x381.jpg 678w, https:\/\/www.ffw-berg.de\/wordpress\/wp-content\/uploads\/2023\/09\/23-07-13_alarmuebung23.jpg 1920w\" sizes=\"auto, (max-width: 1080px) 100vw, 1080px\" \/><\/a><\/figure>\n<\/figure>\n\n\n\n<p>Doch zur\u00fcck zum positiven Fazit. \u201eDie Zusammenarbeit zwischen den Wehren und dem L\u00f6schzug 5 klappte bestens\u201c, versichert M\u00fcnzer und spricht von einer ruhigen, sachlichen Arbeitsweise sowie schnell aufgebauten L\u00f6schwasserstrecken. \u201eDie Anfahrtszeiten waren sehr gut und somit k\u00f6nnen die Hilfsfristen eingehalten werden.\u201c Auch das L\u00f6schwasser war ausreichend vorhanden. \u201eAllerdings war die Speisung aus dem Oberflurhydrant gerade ausreichend f\u00fcr das Wenderohr der Drehleiter mit einer Wasserabgabe von 1600 Liter pro Minute\u201c, f\u00fcgt der Kreisbrandmeister an und erg\u00e4nzt, dass bei mehr L\u00f6schwasserbedarf anderweitig reagiert werden m\u00fcsse. \u201eDer Einsatz der zwei Verst\u00e4rkerpumpen aufgrund der Steigung habe sich bew\u00e4hrt.\u201c P\u00fcnktlich um 18.55 Uhr war die Alarmierung gefolgt und nach anderthalb Stunden hie\u00df es \u201eWasser halt\u201c. <\/p>\n\n\n\n<figure class=\"wp-block-image size-large\"><img loading=\"lazy\" decoding=\"async\" width=\"1080\" height=\"608\" src=\"https:\/\/www.ffw-berg.de\/wordpress\/wp-content\/uploads\/2023\/09\/23-07-13_alarmuebung27-1080x608.jpg\" alt=\"\" class=\"wp-image-217939\" srcset=\"https:\/\/www.ffw-berg.de\/wordpress\/wp-content\/uploads\/2023\/09\/23-07-13_alarmuebung27-1080x608.jpg 1080w, https:\/\/www.ffw-berg.de\/wordpress\/wp-content\/uploads\/2023\/09\/23-07-13_alarmuebung27-300x169.jpg 300w, https:\/\/www.ffw-berg.de\/wordpress\/wp-content\/uploads\/2023\/09\/23-07-13_alarmuebung27-120x68.jpg 120w, https:\/\/www.ffw-berg.de\/wordpress\/wp-content\/uploads\/2023\/09\/23-07-13_alarmuebung27-768x432.jpg 768w, https:\/\/www.ffw-berg.de\/wordpress\/wp-content\/uploads\/2023\/09\/23-07-13_alarmuebung27-1536x864.jpg 1536w, https:\/\/www.ffw-berg.de\/wordpress\/wp-content\/uploads\/2023\/09\/23-07-13_alarmuebung27-678x381.jpg 678w, https:\/\/www.ffw-berg.de\/wordpress\/wp-content\/uploads\/2023\/09\/23-07-13_alarmuebung27.jpg 1920w\" sizes=\"auto, (max-width: 1080px) 100vw, 1080px\" \/><\/figure>\n\n\n\n<p>Bei der \u00dcbungsbesprechung gab es Lob f\u00fcr das ehrenamtliche Engagement und das professionelle Arbeiten. Bis zu drei Wochen Planung stehen hinter der \u00dcbung, eine Anmeldung bei der Integrierten Leitstelle und beim Kreisbrandinspektor Rolf Hornfischer, da durch den Einsatz des L\u00f6schzug 5 weitere Kreismeisterbereiche betroffen waren. Dank geht an den Leiter des Lagerhaus in Berg Rainer Rauhut, der das \u00dcbungsobjekt erm\u00f6glichte und auch Getr\u00e4nke f\u00fcr die Einsatzkr\u00e4fte zur Verf\u00fcgung stellte.<\/p>\n","protected":false},"excerpt":{"rendered":"<div class=\"mh-excerpt\">Sirenengeheul zerrei\u00dft die Feierabendstille im Berger Winkel und wenig sp\u00e4ter fahren mit Blaulicht und Signalhorn Einsatzfahrzeuge der Feuerwehr, aber zum Gl\u00fcck ist es nur eine nicht angesagte \u00dcbung, um die realen Anfahrtszeiten zu testen, zudem die L\u00f6schwasserversorgung im Hauptort Berg, die Zusammenarbeit der Wehren einschlie\u00dflich des L\u00f6schzug 5 des Hilfeleistungskontingent Brand des Landkreises Hof.<\/div>\n<p> <a class=\"mh-excerpt-more\" href=\"https:\/\/www.ffw-berg.de\/wordpress\/alarmuebung-silobrand-mit-7-vermissten\/\" title=\"Alarm\u00fcbung &#8211; Silobrand mit 7 Vermissten\">[  Mehr &gt;&gt; ]<\/a><\/p>\n","protected":false},"author":2,"featured_media":217935,"comment_status":"closed","ping_status":"open","sticky":false,"template":"","format":"standard","meta":{"footnotes":""},"categories":[1],"tags":[1416,1417,82,1418,364,1419,178,1420,263,1421,272,1422,385,449,602,717,792,845,894,973,1004],"class_list":{"0":"post-217926","1":"post","2":"type-post","3":"status-publish","4":"format-standard","5":"has-post-thumbnail","7":"category-allgemein","8":"tag-alarmuebung","9":"tag-silobrand","10":"tag-lf86","11":"tag-ff-schauenstein","12":"tag-mtw","13":"tag-loeschzug","14":"tag-berg","15":"tag-loeschgruppe-loeschgrupppe-hadermannsgruen","16":"tag-ff-berg","17":"tag-hydranten","18":"tag-kbm","19":"tag-alarm23","20":"tag-ff-naila","21":"tag-loeschwasserbehaelter","22":"tag-ff-gottsmannsgruen","23":"tag-ff-selbitz","24":"tag-drehleiter","25":"tag-ff-rudolphstein","26":"tag-hlf20","27":"tag-hilfeleistungskontingent","28":"tag-vermisste-personen"},"_links":{"self":[{"href":"https:\/\/www.ffw-berg.de\/wordpress\/wp-json\/wp\/v2\/posts\/217926","targetHints":{"allow":["GET"]}}],"collection":[{"href":"https:\/\/www.ffw-berg.de\/wordpress\/wp-json\/wp\/v2\/posts"}],"about":[{"href":"https:\/\/www.ffw-berg.de\/wordpress\/wp-json\/wp\/v2\/types\/post"}],"author":[{"embeddable":true,"href":"https:\/\/www.ffw-berg.de\/wordpress\/wp-json\/wp\/v2\/users\/2"}],"replies":[{"embeddable":true,"href":"https:\/\/www.ffw-berg.de\/wordpress\/wp-json\/wp\/v2\/comments?post=217926"}],"version-history":[{"count":0,"href":"https:\/\/www.ffw-berg.de\/wordpress\/wp-json\/wp\/v2\/posts\/217926\/revisions"}],"wp:featuredmedia":[{"embeddable":true,"href":"https:\/\/www.ffw-berg.de\/wordpress\/wp-json\/wp\/v2\/media\/217935"}],"wp:attachment":[{"href":"https:\/\/www.ffw-berg.de\/wordpress\/wp-json\/wp\/v2\/media?parent=217926"}],"wp:term":[{"taxonomy":"category","embeddable":true,"href":"https:\/\/www.ffw-berg.de\/wordpress\/wp-json\/wp\/v2\/categories?post=217926"},{"taxonomy":"post_tag","embeddable":true,"href":"https:\/\/www.ffw-berg.de\/wordpress\/wp-json\/wp\/v2\/tags?post=217926"}],"curies":[{"name":"wp","href":"https:\/\/api.w.org\/{rel}","templated":true}]}}