{"id":217953,"date":"2023-09-11T11:24:00","date_gmt":"2023-09-11T09:24:00","guid":{"rendered":"https:\/\/www.ffw-berg.de\/wordpress\/?p=217953"},"modified":"2024-01-01T17:58:23","modified_gmt":"2024-01-01T16:58:23","slug":"einsatz-vom-11-09-23-abc-gasaustritt","status":"publish","type":"post","link":"https:\/\/www.ffw-berg.de\/wordpress\/einsatz-vom-11-09-23-abc-gasaustritt\/","title":{"rendered":"Einsatz vom 11.09.23 &#8211; ABC Gasaustritt"},"content":{"rendered":"\n<div class=\"wp-block-columns has-2-columns is-layout-flex wp-container-core-columns-is-layout-9d6595d7 wp-block-columns-is-layout-flex\">\n<div class=\"wp-block-column is-layout-flow wp-block-column-is-layout-flow\">\n<p class=\"has-text-color\" style=\"color:#800000\"><strong>Nr.<\/strong><\/p>\n\n\n\n<p class=\"has-text-color\" style=\"color:#800000\"><strong>Alarmzeit<\/strong><\/p>\n\n\n\n<p class=\"has-text-color\" style=\"color:#800000\"><strong>Einsatzdauer<\/strong><\/p>\n\n\n\n<p class=\"has-text-color\" style=\"color:#800000\"><strong>Einsatzort<\/strong><\/p>\n\n\n\n<p class=\"has-text-color\" style=\"color:#800000\"><strong>Einsatzart&nbsp;<\/strong><\/p>\n\n\n\n<p class=\"has-text-color\" style=\"color:#800000\"><strong>Eingesetzte Fahrzeuge&nbsp;<\/strong><\/p>\n\n\n\n<p class=\"has-text-color\" style=\"color:#800000\"><strong>Einsatzmittel<\/strong><\/p>\n<\/div>\n\n\n\n<div class=\"wp-block-column is-layout-flow wp-block-column-is-layout-flow\">\n<p>43<\/p>\n\n\n\n<p>11.24 Uhr<\/p>\n\n\n\n<p>1,23 Std.<\/p>\n\n\n\n<p>Sieggrubenweg, Berg<\/p>\n\n\n\n<p>ABC 3 | Gasaustritt<\/p>\n\n\n\n<p>HLF20, LF 8\/6<\/p>\n\n\n\n<p>Kommunikationsmittel, ABC-Schutzausr\u00fcstung, Bel\u00fcftungsger\u00e4t, Ausr\u00fcstung f\u00fcr gef\u00e4hrliche Stoffe<\/p>\n<\/div>\n<\/div>\n\n\n\n<hr class=\"wp-block-separator has-css-opacity is-style-wide\"\/>\n\n\n\n<h4 class=\"wp-block-heading\">Einsatzbericht<\/h4>\n\n\n\n<p>Beim \u00d6ffnen eines Bodenschachtes bemerkte ein LKW-Fahrer, welcher die Tankstelle mit Gas beliefern wollte, einen Gasgeruch und ein Flimmern im Schacht.<\/p>\n\n\n\n<p>Durch die ersteintreffenden Kr\u00e4fte wurde der Autohof ger\u00e4umt und der Gefahrenbereich um den betroffenen Schacht abgesperrt. Erste Messungen am Schachtdeckel verliefen negativ, im Schacht selber wurde eine explosionsf\u00e4hige Atmosph\u00e4re festgestellt. Mittels wasserbetriebenen L\u00fcfter wurde anschlie\u00dfend der Domschacht bel\u00fcftet, und der Schacht freigemessen.<\/p>\n\n\n\n<p>Bei der abschlie\u00dfenden Kontrolle verliefen die Messergebnisse weiterhin negativ, ein weiterer Gasaustritt konnte nicht festgestellt werden und die Anlage wurde an den Betreiber \u00fcbergeben.<\/p>\n","protected":false},"excerpt":{"rendered":"<div class=\"mh-excerpt\">Nr. 43 | Zeit: 11.24 Uhr | Sieggrubenstra\u00dfe, Berg | ABC<\/p>\n<p>Eingesetzte Fahrzeuge:<br \/>\nHLF20, LF 8\/6<\/p><\/div>\n<p> <a class=\"mh-excerpt-more\" href=\"https:\/\/www.ffw-berg.de\/wordpress\/einsatz-vom-11-09-23-abc-gasaustritt\/\" title=\"Einsatz vom 11.09.23 &#8211; ABC Gasaustritt\">[  Mehr &gt;&gt; ]<\/a><\/p>\n","protected":false},"author":2,"featured_media":212207,"comment_status":"closed","ping_status":"open","sticky":false,"template":"","format":"standard","meta":{"footnotes":""},"categories":[1309],"tags":[82,352,878,894,1146,1147,1423],"class_list":{"0":"post-217953","1":"post","2":"type-post","3":"status-publish","4":"format-standard","5":"has-post-thumbnail","7":"category-einsaetze-2023","8":"tag-lf86","9":"tag-abc-koerperschutz","10":"tag-abc","11":"tag-hlf20","12":"tag-gasgeruch","13":"tag-freimessen","14":"tag-gastankstelle"},"_links":{"self":[{"href":"https:\/\/www.ffw-berg.de\/wordpress\/wp-json\/wp\/v2\/posts\/217953","targetHints":{"allow":["GET"]}}],"collection":[{"href":"https:\/\/www.ffw-berg.de\/wordpress\/wp-json\/wp\/v2\/posts"}],"about":[{"href":"https:\/\/www.ffw-berg.de\/wordpress\/wp-json\/wp\/v2\/types\/post"}],"author":[{"embeddable":true,"href":"https:\/\/www.ffw-berg.de\/wordpress\/wp-json\/wp\/v2\/users\/2"}],"replies":[{"embeddable":true,"href":"https:\/\/www.ffw-berg.de\/wordpress\/wp-json\/wp\/v2\/comments?post=217953"}],"version-history":[{"count":0,"href":"https:\/\/www.ffw-berg.de\/wordpress\/wp-json\/wp\/v2\/posts\/217953\/revisions"}],"wp:featuredmedia":[{"embeddable":true,"href":"https:\/\/www.ffw-berg.de\/wordpress\/wp-json\/wp\/v2\/media\/212207"}],"wp:attachment":[{"href":"https:\/\/www.ffw-berg.de\/wordpress\/wp-json\/wp\/v2\/media?parent=217953"}],"wp:term":[{"taxonomy":"category","embeddable":true,"href":"https:\/\/www.ffw-berg.de\/wordpress\/wp-json\/wp\/v2\/categories?post=217953"},{"taxonomy":"post_tag","embeddable":true,"href":"https:\/\/www.ffw-berg.de\/wordpress\/wp-json\/wp\/v2\/tags?post=217953"}],"curies":[{"name":"wp","href":"https:\/\/api.w.org\/{rel}","templated":true}]}}