{"id":217972,"date":"2023-09-25T23:00:00","date_gmt":"2023-09-25T21:00:00","guid":{"rendered":"https:\/\/www.ffw-berg.de\/wordpress\/?p=217972"},"modified":"2026-02-24T12:05:19","modified_gmt":"2026-02-24T11:05:19","slug":"lange-nacht-der-feuerwehr-2023","status":"publish","type":"post","link":"https:\/\/www.ffw-berg.de\/wordpress\/lange-nacht-der-feuerwehr-2023\/","title":{"rendered":"Lange Nacht der Feuerwehr 2023"},"content":{"rendered":"\n<h2 class=\"wp-block-heading\">Erfolgreiche Kampagne des Landesfeuerwehrverband Bayern auch in Berg<\/h2>\n\n\n\n<p>Am 25. September waren auch wir, die Freiwillige Feuerwehr Berg, Teil der vom Landesfeuerwehrverband Bayern gestarteten Kampagne <strong>\u201eLange Nacht der Feuerwehr\u201c<\/strong>.&nbsp;<\/p>\n\n\n\n<p>Den Auftakt bildete eine gro\u00dfe Jugend-Schau\u00fcbung am LKW-Zubeh\u00f6r-Shop, bei der mit Hilfe eines L\u00f6schangriffs und der Unterst\u00fctzung der Jugendfeuerwehren Selbitz und K\u00f6ditz eine Au\u00dfenbrandbek\u00e4mpfung simuliert wurde.&nbsp;<\/p>\n\n\n\n<figure class=\"wp-block-gallery aligncenter has-nested-images columns-default is-cropped wp-block-gallery-1 is-layout-flex wp-block-gallery-is-layout-flex\">\n<figure class=\"wp-block-image size-large\"><a href=\"https:\/\/www.ffw-berg.de\/wordpress\/wp-content\/uploads\/2023\/10\/lange_nacht_Fw23_3.jpg\"><img loading=\"lazy\" decoding=\"async\" width=\"1080\" height=\"608\" data-id=\"217978\" src=\"https:\/\/www.ffw-berg.de\/wordpress\/wp-content\/uploads\/2023\/10\/lange_nacht_Fw23_3-1080x608.jpg\" alt=\"\" class=\"wp-image-217978\" srcset=\"https:\/\/www.ffw-berg.de\/wordpress\/wp-content\/uploads\/2023\/10\/lange_nacht_Fw23_3-1080x608.jpg 1080w, https:\/\/www.ffw-berg.de\/wordpress\/wp-content\/uploads\/2023\/10\/lange_nacht_Fw23_3-300x169.jpg 300w, https:\/\/www.ffw-berg.de\/wordpress\/wp-content\/uploads\/2023\/10\/lange_nacht_Fw23_3-120x68.jpg 120w, https:\/\/www.ffw-berg.de\/wordpress\/wp-content\/uploads\/2023\/10\/lange_nacht_Fw23_3-768x432.jpg 768w, https:\/\/www.ffw-berg.de\/wordpress\/wp-content\/uploads\/2023\/10\/lange_nacht_Fw23_3-678x381.jpg 678w, https:\/\/www.ffw-berg.de\/wordpress\/wp-content\/uploads\/2023\/10\/lange_nacht_Fw23_3.jpg 1533w\" sizes=\"auto, (max-width: 1080px) 100vw, 1080px\" \/><\/a><\/figure>\n\n\n\n<figure class=\"wp-block-image size-large\"><a href=\"https:\/\/www.ffw-berg.de\/wordpress\/wp-content\/uploads\/2023\/10\/lange_nacht_Fw23_4.jpg\"><img loading=\"lazy\" decoding=\"async\" width=\"1080\" height=\"608\" data-id=\"217979\" src=\"https:\/\/www.ffw-berg.de\/wordpress\/wp-content\/uploads\/2023\/10\/lange_nacht_Fw23_4-1080x608.jpg\" alt=\"\" class=\"wp-image-217979\" srcset=\"https:\/\/www.ffw-berg.de\/wordpress\/wp-content\/uploads\/2023\/10\/lange_nacht_Fw23_4-1080x608.jpg 1080w, https:\/\/www.ffw-berg.de\/wordpress\/wp-content\/uploads\/2023\/10\/lange_nacht_Fw23_4-300x169.jpg 300w, https:\/\/www.ffw-berg.de\/wordpress\/wp-content\/uploads\/2023\/10\/lange_nacht_Fw23_4-120x68.jpg 120w, https:\/\/www.ffw-berg.de\/wordpress\/wp-content\/uploads\/2023\/10\/lange_nacht_Fw23_4-768x432.jpg 768w, https:\/\/www.ffw-berg.de\/wordpress\/wp-content\/uploads\/2023\/10\/lange_nacht_Fw23_4-678x381.jpg 678w, https:\/\/www.ffw-berg.de\/wordpress\/wp-content\/uploads\/2023\/10\/lange_nacht_Fw23_4.jpg 1533w\" sizes=\"auto, (max-width: 1080px) 100vw, 1080px\" \/><\/a><\/figure>\n<\/figure>\n\n\n\n<div style=\"height:35px\" aria-hidden=\"true\" class=\"wp-block-spacer\"><\/div>\n\n\n\n<div class=\"wp-block-media-text has-media-on-the-right is-stacked-on-mobile is-vertically-aligned-top\"><div class=\"wp-block-media-text__content\">\n<p>Im Anschluss startete an unserem Feuerwehrger\u00e4tehaus das Rahmenprogramm, um das Ehrenamt Feuerwehr f\u00fcr die Bev\u00f6lkerung greifbarer zu machen. Verschiedene Informationsst\u00e4nde luden dazu ein, sich die Funktionalit\u00e4ten unserer Ausr\u00fcstungsgegenst\u00e4nde anzusehen und auszuprobieren. So konnten beispielsweise die zur Absturzsicherung notwendigen Knoten erlernt oder die Handhabung eines Spreizers ge\u00fcbt werden. Auch die umfangreiche und schwere Ausr\u00fcstung eines Atemschutzger\u00e4tetr\u00e4gers konnte bestaunt werden, w\u00e4hrend man die W\u00e4rmebildkamera in den eigenen H\u00e4nden halten durfte. <\/p>\n<\/div><figure class=\"wp-block-media-text__media\"><img loading=\"lazy\" decoding=\"async\" width=\"576\" height=\"768\" src=\"https:\/\/www.ffw-berg.de\/wordpress\/wp-content\/uploads\/2023\/10\/lange_nacht_Fw23_1-576x768.jpg\" alt=\"\" class=\"wp-image-217976 size-full\" srcset=\"https:\/\/www.ffw-berg.de\/wordpress\/wp-content\/uploads\/2023\/10\/lange_nacht_Fw23_1-576x768.jpg 576w, https:\/\/www.ffw-berg.de\/wordpress\/wp-content\/uploads\/2023\/10\/lange_nacht_Fw23_1-188x250.jpg 188w, https:\/\/www.ffw-berg.de\/wordpress\/wp-content\/uploads\/2023\/10\/lange_nacht_Fw23_1-90x120.jpg 90w, https:\/\/www.ffw-berg.de\/wordpress\/wp-content\/uploads\/2023\/10\/lange_nacht_Fw23_1-768x1024.jpg 768w, https:\/\/www.ffw-berg.de\/wordpress\/wp-content\/uploads\/2023\/10\/lange_nacht_Fw23_1-1152x1536.jpg 1152w, https:\/\/www.ffw-berg.de\/wordpress\/wp-content\/uploads\/2023\/10\/lange_nacht_Fw23_1.jpg 1440w\" sizes=\"auto, (max-width: 576px) 100vw, 576px\" \/><\/figure><\/div>\n\n\n\n<p>Weitere Einblicke waren in unsere Feuerwehrfahrzeuge m\u00f6glich, um Fragen jeglicher Art stellen zu k\u00f6nnen. Highlight des Abends waren zwei moderierte Schau\u00fcbungen, bei denen Opfer gerettet werden mussten, wobei uns die BRK Bereitschaft Berg zur Versorgung der Verletzten unterst\u00fctze. In der Abendd\u00e4mmerung wurde zuerst ein Verkehrsunfall nachgestellt, bei dem das \u201eeingeklemmte\u201c Opfer patientenschonend mit Hilfe unserer hydraulischen Rettungsger\u00e4te aus dem Auto-Wrack befreit wurde.<\/p>\n\n\n\n<figure class=\"wp-block-gallery aligncenter has-nested-images columns-4 is-cropped wp-block-gallery-2 is-layout-flex wp-block-gallery-is-layout-flex\">\n<figure class=\"wp-block-image size-large\"><a href=\"https:\/\/www.ffw-berg.de\/wordpress\/wp-content\/uploads\/2023\/10\/lange_nacht_Fw23_8.jpeg\"><img loading=\"lazy\" decoding=\"async\" width=\"1080\" height=\"608\" data-id=\"217982\" src=\"https:\/\/www.ffw-berg.de\/wordpress\/wp-content\/uploads\/2023\/10\/lange_nacht_Fw23_8-1080x608.jpeg\" alt=\"\" class=\"wp-image-217982\" srcset=\"https:\/\/www.ffw-berg.de\/wordpress\/wp-content\/uploads\/2023\/10\/lange_nacht_Fw23_8-1080x608.jpeg 1080w, https:\/\/www.ffw-berg.de\/wordpress\/wp-content\/uploads\/2023\/10\/lange_nacht_Fw23_8-300x169.jpeg 300w, https:\/\/www.ffw-berg.de\/wordpress\/wp-content\/uploads\/2023\/10\/lange_nacht_Fw23_8-120x68.jpeg 120w, https:\/\/www.ffw-berg.de\/wordpress\/wp-content\/uploads\/2023\/10\/lange_nacht_Fw23_8-768x432.jpeg 768w, https:\/\/www.ffw-berg.de\/wordpress\/wp-content\/uploads\/2023\/10\/lange_nacht_Fw23_8-678x381.jpeg 678w, https:\/\/www.ffw-berg.de\/wordpress\/wp-content\/uploads\/2023\/10\/lange_nacht_Fw23_8.jpeg 1280w\" sizes=\"auto, (max-width: 1080px) 100vw, 1080px\" \/><\/a><\/figure>\n\n\n\n<figure class=\"wp-block-image size-large\"><a href=\"https:\/\/www.ffw-berg.de\/wordpress\/wp-content\/uploads\/2023\/10\/lange_nacht_Fw23_10.jpeg\"><img loading=\"lazy\" decoding=\"async\" width=\"1080\" height=\"608\" data-id=\"217983\" src=\"https:\/\/www.ffw-berg.de\/wordpress\/wp-content\/uploads\/2023\/10\/lange_nacht_Fw23_10-1080x608.jpeg\" alt=\"\" class=\"wp-image-217983\" srcset=\"https:\/\/www.ffw-berg.de\/wordpress\/wp-content\/uploads\/2023\/10\/lange_nacht_Fw23_10-1080x608.jpeg 1080w, https:\/\/www.ffw-berg.de\/wordpress\/wp-content\/uploads\/2023\/10\/lange_nacht_Fw23_10-300x169.jpeg 300w, https:\/\/www.ffw-berg.de\/wordpress\/wp-content\/uploads\/2023\/10\/lange_nacht_Fw23_10-120x68.jpeg 120w, https:\/\/www.ffw-berg.de\/wordpress\/wp-content\/uploads\/2023\/10\/lange_nacht_Fw23_10-768x432.jpeg 768w, https:\/\/www.ffw-berg.de\/wordpress\/wp-content\/uploads\/2023\/10\/lange_nacht_Fw23_10-678x381.jpeg 678w, https:\/\/www.ffw-berg.de\/wordpress\/wp-content\/uploads\/2023\/10\/lange_nacht_Fw23_10.jpeg 1280w\" sizes=\"auto, (max-width: 1080px) 100vw, 1080px\" \/><\/a><\/figure>\n\n\n\n<figure class=\"wp-block-image size-large\"><a href=\"https:\/\/www.ffw-berg.de\/wordpress\/wp-content\/uploads\/2023\/10\/lange_nacht_Fw23_11.jpeg\"><img loading=\"lazy\" decoding=\"async\" width=\"1080\" height=\"608\" data-id=\"217984\" src=\"https:\/\/www.ffw-berg.de\/wordpress\/wp-content\/uploads\/2023\/10\/lange_nacht_Fw23_11-1080x608.jpeg\" alt=\"\" class=\"wp-image-217984\" srcset=\"https:\/\/www.ffw-berg.de\/wordpress\/wp-content\/uploads\/2023\/10\/lange_nacht_Fw23_11-1080x608.jpeg 1080w, https:\/\/www.ffw-berg.de\/wordpress\/wp-content\/uploads\/2023\/10\/lange_nacht_Fw23_11-300x169.jpeg 300w, https:\/\/www.ffw-berg.de\/wordpress\/wp-content\/uploads\/2023\/10\/lange_nacht_Fw23_11-120x68.jpeg 120w, https:\/\/www.ffw-berg.de\/wordpress\/wp-content\/uploads\/2023\/10\/lange_nacht_Fw23_11-768x432.jpeg 768w, https:\/\/www.ffw-berg.de\/wordpress\/wp-content\/uploads\/2023\/10\/lange_nacht_Fw23_11-678x381.jpeg 678w, https:\/\/www.ffw-berg.de\/wordpress\/wp-content\/uploads\/2023\/10\/lange_nacht_Fw23_11.jpeg 1280w\" sizes=\"auto, (max-width: 1080px) 100vw, 1080px\" \/><\/a><\/figure>\n\n\n\n<figure class=\"wp-block-image size-large\"><a href=\"https:\/\/www.ffw-berg.de\/wordpress\/wp-content\/uploads\/2023\/10\/lange_nacht_Fw23_14.jpeg\"><img loading=\"lazy\" decoding=\"async\" width=\"1080\" height=\"608\" data-id=\"217985\" src=\"https:\/\/www.ffw-berg.de\/wordpress\/wp-content\/uploads\/2023\/10\/lange_nacht_Fw23_14-1080x608.jpeg\" alt=\"\" class=\"wp-image-217985\" srcset=\"https:\/\/www.ffw-berg.de\/wordpress\/wp-content\/uploads\/2023\/10\/lange_nacht_Fw23_14-1080x608.jpeg 1080w, https:\/\/www.ffw-berg.de\/wordpress\/wp-content\/uploads\/2023\/10\/lange_nacht_Fw23_14-300x169.jpeg 300w, https:\/\/www.ffw-berg.de\/wordpress\/wp-content\/uploads\/2023\/10\/lange_nacht_Fw23_14-120x68.jpeg 120w, https:\/\/www.ffw-berg.de\/wordpress\/wp-content\/uploads\/2023\/10\/lange_nacht_Fw23_14-768x432.jpeg 768w, https:\/\/www.ffw-berg.de\/wordpress\/wp-content\/uploads\/2023\/10\/lange_nacht_Fw23_14-678x381.jpeg 678w, https:\/\/www.ffw-berg.de\/wordpress\/wp-content\/uploads\/2023\/10\/lange_nacht_Fw23_14.jpeg 1280w\" sizes=\"auto, (max-width: 1080px) 100vw, 1080px\" \/><\/a><\/figure>\n\n\n\n<figure class=\"wp-block-image size-large\"><a href=\"https:\/\/www.ffw-berg.de\/wordpress\/wp-content\/uploads\/2023\/10\/lange_nacht_Fw23_7.jpeg\"><img loading=\"lazy\" decoding=\"async\" width=\"1080\" height=\"608\" data-id=\"217981\" src=\"https:\/\/www.ffw-berg.de\/wordpress\/wp-content\/uploads\/2023\/10\/lange_nacht_Fw23_7-1080x608.jpeg\" alt=\"\" class=\"wp-image-217981\" srcset=\"https:\/\/www.ffw-berg.de\/wordpress\/wp-content\/uploads\/2023\/10\/lange_nacht_Fw23_7-1080x608.jpeg 1080w, https:\/\/www.ffw-berg.de\/wordpress\/wp-content\/uploads\/2023\/10\/lange_nacht_Fw23_7-300x169.jpeg 300w, https:\/\/www.ffw-berg.de\/wordpress\/wp-content\/uploads\/2023\/10\/lange_nacht_Fw23_7-120x68.jpeg 120w, https:\/\/www.ffw-berg.de\/wordpress\/wp-content\/uploads\/2023\/10\/lange_nacht_Fw23_7-768x432.jpeg 768w, https:\/\/www.ffw-berg.de\/wordpress\/wp-content\/uploads\/2023\/10\/lange_nacht_Fw23_7-678x381.jpeg 678w, https:\/\/www.ffw-berg.de\/wordpress\/wp-content\/uploads\/2023\/10\/lange_nacht_Fw23_7.jpeg 1280w\" sizes=\"auto, (max-width: 1080px) 100vw, 1080px\" \/><\/a><\/figure>\n<\/figure>\n\n\n\n<p>Danach folgte ein angenommener Wohnungsbrand im Mehrzweckgeb\u00e4ude, bei dem sich zwei Atemschutz-Trupps im vernebelten ersten Obergeschoss auf die Suche nach vier Vermissten machten.<br \/>Der Applaus der vielen Besucher zeigte, dass das Ehrenamt Feuerwehr immer noch gro\u00dfes Interesse erf\u00e4hrt. Wir freuen uns \u00fcber jeden, dem wir unsere Arbeit n\u00e4her bringen und vielleicht begeistern konnten, sich uns anzuschlie\u00dfen &#8211; egal ob aktiv, passiv oder f\u00f6rdernd. Gemeinsam mit den Besuchern lie\u00dfen wir den Abend bei Bratw\u00fcrsten, Steaks und Pommes sowie k\u00fchlen Getr\u00e4nken gem\u00fctlich ausklingen.<\/p>\n\n\n\n<figure class=\"wp-block-gallery aligncenter has-nested-images columns-default is-cropped wp-block-gallery-3 is-layout-flex wp-block-gallery-is-layout-flex\">\n<figure class=\"wp-block-image size-large\"><a href=\"https:\/\/www.ffw-berg.de\/wordpress\/wp-content\/uploads\/2023\/10\/lange_nacht_Fw23_6.jpg\"><img loading=\"lazy\" decoding=\"async\" width=\"1080\" height=\"608\" data-id=\"217980\" src=\"https:\/\/www.ffw-berg.de\/wordpress\/wp-content\/uploads\/2023\/10\/lange_nacht_Fw23_6-1080x608.jpg\" alt=\"\" class=\"wp-image-217980\" srcset=\"https:\/\/www.ffw-berg.de\/wordpress\/wp-content\/uploads\/2023\/10\/lange_nacht_Fw23_6-1080x608.jpg 1080w, https:\/\/www.ffw-berg.de\/wordpress\/wp-content\/uploads\/2023\/10\/lange_nacht_Fw23_6-300x169.jpg 300w, https:\/\/www.ffw-berg.de\/wordpress\/wp-content\/uploads\/2023\/10\/lange_nacht_Fw23_6-120x68.jpg 120w, https:\/\/www.ffw-berg.de\/wordpress\/wp-content\/uploads\/2023\/10\/lange_nacht_Fw23_6-768x432.jpg 768w, https:\/\/www.ffw-berg.de\/wordpress\/wp-content\/uploads\/2023\/10\/lange_nacht_Fw23_6-1536x864.jpg 1536w, https:\/\/www.ffw-berg.de\/wordpress\/wp-content\/uploads\/2023\/10\/lange_nacht_Fw23_6-678x381.jpg 678w, https:\/\/www.ffw-berg.de\/wordpress\/wp-content\/uploads\/2023\/10\/lange_nacht_Fw23_6.jpg 1920w\" sizes=\"auto, (max-width: 1080px) 100vw, 1080px\" \/><\/a><\/figure>\n\n\n\n<figure class=\"wp-block-image size-large\"><a href=\"https:\/\/www.ffw-berg.de\/wordpress\/wp-content\/uploads\/2023\/10\/lange_nacht_Fw23_2.jpg\"><img loading=\"lazy\" decoding=\"async\" width=\"576\" height=\"768\" data-id=\"217977\" src=\"https:\/\/www.ffw-berg.de\/wordpress\/wp-content\/uploads\/2023\/10\/lange_nacht_Fw23_2-576x768.jpg\" alt=\"\" class=\"wp-image-217977\" srcset=\"https:\/\/www.ffw-berg.de\/wordpress\/wp-content\/uploads\/2023\/10\/lange_nacht_Fw23_2-576x768.jpg 576w, https:\/\/www.ffw-berg.de\/wordpress\/wp-content\/uploads\/2023\/10\/lange_nacht_Fw23_2-188x250.jpg 188w, https:\/\/www.ffw-berg.de\/wordpress\/wp-content\/uploads\/2023\/10\/lange_nacht_Fw23_2-90x120.jpg 90w, https:\/\/www.ffw-berg.de\/wordpress\/wp-content\/uploads\/2023\/10\/lange_nacht_Fw23_2-768x1024.jpg 768w, https:\/\/www.ffw-berg.de\/wordpress\/wp-content\/uploads\/2023\/10\/lange_nacht_Fw23_2-1152x1536.jpg 1152w, https:\/\/www.ffw-berg.de\/wordpress\/wp-content\/uploads\/2023\/10\/lange_nacht_Fw23_2.jpg 1440w\" sizes=\"auto, (max-width: 576px) 100vw, 576px\" \/><\/a><\/figure>\n<\/figure>\n\n\n\n<p>Ein herzlicher Dank gilt allen Mitwirkenden und Helfern, insbesondere dem LKW-Zubeh\u00f6r-Shop, der Firma Kelpin und der Gemeinde f\u00fcr die zur Verf\u00fcgung gestellten \u00dcbungsobjekte und der BRK Bereitschaft Berg, den Feuerwehren Selbitz, K\u00f6ditz und nat\u00fcrlich allen Besuchern, die diesen Abend erst erm\u00f6glicht haben.<\/p>\n\n\n\n<h3 class=\"wp-block-heading\">Hast auch Du Lust auf mehr bekommen? <\/h3>\n\n\n\n<p>Dann schau ganz unverbindlich bei unserem Monatsabend (jeden 1. Freitag im Monat) vorbei. Falls du zwischen 12-18 Jahre alt bist kannst du einfach bei unserem Jugendabend (jeden letzten Donnerstag im Monat) vorbei kommen. Gerne kannst du uns auch auf Facebook oder Instagram kontaktieren. <\/p>\n\n\n\n<p class=\"has-text-align-center\"><strong>Wir freuen uns auf <\/strong>DICH<strong>!&nbsp;<\/strong><\/p>\n\n\n\n<p class=\"has-small-font-size\">Bericht: Stefanie Dick<\/p>\n","protected":false},"excerpt":{"rendered":"<div class=\"mh-excerpt\">Am 25. September waren auch wir Teil der vom LFV-Bayern gestarteten Kampagne \u201eLange Nacht der Feuerwehr\u201c.\u00a0<\/p>\n<p>Interessierte B\u00fcrger(innen) konnten sich bei einer gro\u00dfen Jugend-Schau\u00fcbung, einer Fahrzeugrettung, einem simulierten Wohnungsbrand sowie weiteren Info-St\u00e4nden \u00fcber die Feuerwehrarbeit informieren.<\/p><\/div>\n<p> <a class=\"mh-excerpt-more\" href=\"https:\/\/www.ffw-berg.de\/wordpress\/lange-nacht-der-feuerwehr-2023\/\" title=\"Lange Nacht der Feuerwehr 2023\">[  Mehr &gt;&gt; ]<\/a><\/p>\n","protected":false},"author":2,"featured_media":217981,"comment_status":"closed","ping_status":"open","sticky":false,"template":"","format":"standard","meta":{"footnotes":""},"categories":[896,748,46,747,29],"tags":[1429,1430,72,1431,78,1432,178,318,378,437,471,597,717,1224,1234,1426,1427,1428],"class_list":{"0":"post-217972","1":"post","2":"type-post","3":"status-publish","4":"format-standard","5":"has-post-thumbnail","7":"category-pressearchiv","8":"category-schauuebung","9":"category-wir-ueber-uns","10":"category-wir-ueber-uns-2","11":"category-jf-activities","12":"tag-uebungsobjekte","13":"tag-besucher","14":"tag-brand","15":"tag-atemschutztrupp","16":"tag-thl","17":"tag-lnfw23","18":"tag-berg","19":"tag-spreizer","20":"tag-brk","21":"tag-schauuebung","22":"tag-brk-bereitschaft-berg","23":"tag-ff-koeditz","24":"tag-ff-selbitz","25":"tag-ffw-berg","26":"tag-ausruestung","27":"tag-lange-nacht-der-feuerwehr","28":"tag-langenacht-der-feuerwehr-2023","29":"tag-wohnungsbrand"},"_links":{"self":[{"href":"https:\/\/www.ffw-berg.de\/wordpress\/wp-json\/wp\/v2\/posts\/217972","targetHints":{"allow":["GET"]}}],"collection":[{"href":"https:\/\/www.ffw-berg.de\/wordpress\/wp-json\/wp\/v2\/posts"}],"about":[{"href":"https:\/\/www.ffw-berg.de\/wordpress\/wp-json\/wp\/v2\/types\/post"}],"author":[{"embeddable":true,"href":"https:\/\/www.ffw-berg.de\/wordpress\/wp-json\/wp\/v2\/users\/2"}],"replies":[{"embeddable":true,"href":"https:\/\/www.ffw-berg.de\/wordpress\/wp-json\/wp\/v2\/comments?post=217972"}],"version-history":[{"count":0,"href":"https:\/\/www.ffw-berg.de\/wordpress\/wp-json\/wp\/v2\/posts\/217972\/revisions"}],"wp:featuredmedia":[{"embeddable":true,"href":"https:\/\/www.ffw-berg.de\/wordpress\/wp-json\/wp\/v2\/media\/217981"}],"wp:attachment":[{"href":"https:\/\/www.ffw-berg.de\/wordpress\/wp-json\/wp\/v2\/media?parent=217972"}],"wp:term":[{"taxonomy":"category","embeddable":true,"href":"https:\/\/www.ffw-berg.de\/wordpress\/wp-json\/wp\/v2\/categories?post=217972"},{"taxonomy":"post_tag","embeddable":true,"href":"https:\/\/www.ffw-berg.de\/wordpress\/wp-json\/wp\/v2\/tags?post=217972"}],"curies":[{"name":"wp","href":"https:\/\/api.w.org\/{rel}","templated":true}]}}