{"id":217994,"date":"2023-11-05T10:42:57","date_gmt":"2023-11-05T09:42:57","guid":{"rendered":"https:\/\/www.ffw-berg.de\/wordpress\/?p=217994"},"modified":"2026-02-24T12:05:05","modified_gmt":"2026-02-24T11:05:05","slug":"spendenuebergabe-truckerfest-berg-ruft","status":"publish","type":"post","link":"https:\/\/www.ffw-berg.de\/wordpress\/spendenuebergabe-truckerfest-berg-ruft\/","title":{"rendered":"Spenden\u00fcbergabe &#8211; Truckerfest &#8222;Berg ruft!&#8220;"},"content":{"rendered":"\n<h2 class=\"wp-block-heading\">Spende anl\u00e4sslich der Unterst\u00fctzung des Truckerfestes 2023 durch die FFw Berg<\/h2>\n\n\n\n<p>Vielen Dank, dass wir wieder ein Teil dieser gro\u00dfartigen Veranstaltung sein durften!<\/p>\n\n\n\n<figure class=\"wp-block-image size-full\"><img loading=\"lazy\" decoding=\"async\" width=\"1018\" height=\"571\" src=\"https:\/\/www.ffw-berg.de\/wordpress\/wp-content\/uploads\/2023\/10\/spendenuebergabe2023-e1697015937642.jpg\" alt=\"\" class=\"wp-image-217986\" srcset=\"https:\/\/www.ffw-berg.de\/wordpress\/wp-content\/uploads\/2023\/10\/spendenuebergabe2023-e1697015937642.jpg 1018w, https:\/\/www.ffw-berg.de\/wordpress\/wp-content\/uploads\/2023\/10\/spendenuebergabe2023-e1697015937642-300x168.jpg 300w, https:\/\/www.ffw-berg.de\/wordpress\/wp-content\/uploads\/2023\/10\/spendenuebergabe2023-e1697015937642-120x67.jpg 120w, https:\/\/www.ffw-berg.de\/wordpress\/wp-content\/uploads\/2023\/10\/spendenuebergabe2023-e1697015937642-768x431.jpg 768w, https:\/\/www.ffw-berg.de\/wordpress\/wp-content\/uploads\/2023\/10\/spendenuebergabe2023-e1697015937642-678x381.jpg 678w\" sizes=\"auto, (max-width: 1018px) 100vw, 1018px\" \/><figcaption class=\"wp-element-caption\">Spenden\u00fcbergabe &#8211; Ein herzllicher Dank geht an die Feuerwehr Berg f\u00fcr ihre gro\u00dfartige Unterst\u00fctzung anl\u00e4sslich unseres diesj\u00e4hrigen Truckerfests \u201eBerg Ruft\u201c.<\/figcaption><\/figure>\n\n\n\n<p>Nur durch ihren Einsatz konnten wir gratis Parkpl\u00e4tze f\u00fcr unsere zahlreichen Besucher mit PKW anbieten Durch ihren Einsatz haben sie einen gro\u00dfen Teil zu einem unvergesslichen Wochenende beigetragen, so Sabine Kniebaum. Die Feuerwehr Berg ist nat\u00fcrlich auch dar\u00fcber hinaus st\u00e4ndig im Einsatz und eine tatkr\u00e4ftige Truppe, die stets zur Stelle ist. <\/p>\n\n\n\n<p>Um die tolle Arbeit weiterhin zu unterst\u00fctzen \u00fcbergaben wir gestern eine Spende in H\u00f6he von 2.000 Euro.<\/p>\n\n\n\n<p class=\"has-text-align-center\"><strong>Ein herzliches Dankesch\u00f6n im Namen aller Kameradinnen und Kameraden geht an Sabine &amp; Ernst, sowie das komplette Team f\u00fcr die gro\u00dfz\u00fcgige Spende!<\/strong><\/p>\n","protected":false},"excerpt":{"rendered":"<div class=\"mh-excerpt\">Spenden\u00fcbergabe &#8211; Ein herzllicher Dank geht an die Feuerwehr Berg f\u00fcr ihre gro\u00dfartige Unterst\u00fctzung anl\u00e4sslich unseres diesj\u00e4hrigen Truckerfests \u201eBerg Ruft\u201c.<\/div>\n<p> <a class=\"mh-excerpt-more\" href=\"https:\/\/www.ffw-berg.de\/wordpress\/spendenuebergabe-truckerfest-berg-ruft\/\" title=\"Spenden\u00fcbergabe &#8211; Truckerfest &#8222;Berg ruft!&#8220;\">[  Mehr &gt;&gt; ]<\/a><\/p>\n","protected":false},"author":2,"featured_media":217986,"comment_status":"closed","ping_status":"open","sticky":false,"template":"","format":"standard","meta":{"footnotes":""},"categories":[747],"tags":[178,544,656,1298,1415,1433,1434,1435,1436,1438],"class_list":{"0":"post-217994","1":"post","2":"type-post","3":"status-publish","4":"format-standard","5":"has-post-thumbnail","7":"category-wir-ueber-uns-2","8":"tag-berg","9":"tag-autohof-berg","10":"tag-bergofr","11":"tag-ffw-berg-ofr","12":"tag-sonstige-hilfeleistung","13":"tag-truckerfest","14":"tag-berg-ruft","15":"tag-truckertest-berg","16":"tag-berghuette","17":"tag-spende23"},"_links":{"self":[{"href":"https:\/\/www.ffw-berg.de\/wordpress\/wp-json\/wp\/v2\/posts\/217994","targetHints":{"allow":["GET"]}}],"collection":[{"href":"https:\/\/www.ffw-berg.de\/wordpress\/wp-json\/wp\/v2\/posts"}],"about":[{"href":"https:\/\/www.ffw-berg.de\/wordpress\/wp-json\/wp\/v2\/types\/post"}],"author":[{"embeddable":true,"href":"https:\/\/www.ffw-berg.de\/wordpress\/wp-json\/wp\/v2\/users\/2"}],"replies":[{"embeddable":true,"href":"https:\/\/www.ffw-berg.de\/wordpress\/wp-json\/wp\/v2\/comments?post=217994"}],"version-history":[{"count":0,"href":"https:\/\/www.ffw-berg.de\/wordpress\/wp-json\/wp\/v2\/posts\/217994\/revisions"}],"wp:featuredmedia":[{"embeddable":true,"href":"https:\/\/www.ffw-berg.de\/wordpress\/wp-json\/wp\/v2\/media\/217986"}],"wp:attachment":[{"href":"https:\/\/www.ffw-berg.de\/wordpress\/wp-json\/wp\/v2\/media?parent=217994"}],"wp:term":[{"taxonomy":"category","embeddable":true,"href":"https:\/\/www.ffw-berg.de\/wordpress\/wp-json\/wp\/v2\/categories?post=217994"},{"taxonomy":"post_tag","embeddable":true,"href":"https:\/\/www.ffw-berg.de\/wordpress\/wp-json\/wp\/v2\/tags?post=217994"}],"curies":[{"name":"wp","href":"https:\/\/api.w.org\/{rel}","templated":true}]}}