{"id":218008,"date":"2023-10-28T11:27:00","date_gmt":"2023-10-28T09:27:00","guid":{"rendered":"https:\/\/www.ffw-berg.de\/wordpress\/?p=218008"},"modified":"2024-01-01T17:57:05","modified_gmt":"2024-01-01T16:57:05","slug":"einsatz-vom-30-07-23-thl-vu-pkw-2","status":"publish","type":"post","link":"https:\/\/www.ffw-berg.de\/wordpress\/einsatz-vom-30-07-23-thl-vu-pkw-2\/","title":{"rendered":"Einsatz vom 28.10.23 &#8211; THL VU PKW"},"content":{"rendered":"\n<div class=\"wp-block-columns has-2-columns is-layout-flex wp-container-core-columns-is-layout-9d6595d7 wp-block-columns-is-layout-flex\">\n<div class=\"wp-block-column is-layout-flow wp-block-column-is-layout-flow\">\n<p class=\"has-text-color\" style=\"color:#800000\"><strong>Nr.<\/strong><\/p>\n\n\n\n<p class=\"has-text-color\" style=\"color:#800000\"><strong>Alarmzeit<\/strong><\/p>\n\n\n\n<p class=\"has-text-color\" style=\"color:#800000\"><strong>Einsatzdauer<\/strong><\/p>\n\n\n\n<p class=\"has-text-color\" style=\"color:#800000\"><strong>Einsatzort<\/strong><\/p>\n\n\n\n<p class=\"has-text-color\" style=\"color:#800000\"><strong>Einsatzart&nbsp;<\/strong><\/p>\n\n\n\n<p class=\"has-text-color\" style=\"color:#800000\"><strong>Eingesetzte Fahrzeuge&nbsp;<\/strong><\/p>\n\n\n\n<p class=\"has-text-color\" style=\"color:#800000\"><strong>Einsatzmittel<\/strong><\/p>\n<\/div>\n\n\n\n<div class=\"wp-block-column is-layout-flow wp-block-column-is-layout-flow\">\n<p>51<\/p>\n\n\n\n<p>12.27 Uhr<\/p>\n\n\n\n<p>1,43 Std.<\/p>\n\n\n\n<p>BAB A9 Fahrtrichtung Norden, km 247<\/p>\n\n\n\n<p>THL 1 | VU mit PKW<\/p>\n\n\n\n<p>HLF20, LF 8\/6, MTW, VSA<\/p>\n\n\n\n<p>Feuerl\u00f6scher, Verkehrslenkungsger\u00e4t, Kommunikationsmittel<\/p>\n<\/div>\n<\/div>\n\n\n\n<hr class=\"wp-block-separator has-css-opacity is-style-wide\"\/>\n\n\n\n<h4 class=\"wp-block-heading\">Einsatzbericht<\/h4>\n\n\n\n<p>Die FF Berg wurde wegen eines gemeldeten VU mit PKW alarmiert. <\/p>\n\n\n\n<p>Nachdem ein PKW mit der Mittelleitplanke kollidierte, kam dieser rechts von der Fahrbahn ab, \u00fcberschlug sich im B\u00f6schungsbereich und kam hinter der Leitplanke zum Stehen. Die beiden Insassen konnten sich eigenst\u00e4ndig aus dem Fahrzeug befreien und wurden bei Eintreffen durch den HvO Berg bereits betreut.<\/p>\n\n\n\n<p>Durch FL Berg 40\/1 wurde am Unfall-Fahrzeug die Batterie abgeklemmt und der Brandschutz sichergestellt. Des Weiteren wurde nach Abschluss der Unfallaufnahme die Fahrbahn von Tr\u00fcmmerteilen und Erdreich befreit.<\/p>\n\n\n\n<p>Mittels FL Berg 42\/1 und VSA wurde die rechte Fahrspur weggenommen und bis zum Verladen des PKW und Freigabe der Einsatzstelle durch die VPI gesperrt.<\/p>\n\n\n\n<hr class=\"wp-block-separator has-css-opacity is-style-wide\"\/>\n\n\n\n<h4 class=\"wp-block-heading has-text-align-center\">Einsatzfoto<\/h4>\n\n\n<div class=\"wp-block-image\">\n<figure class=\"aligncenter size-large\"><img loading=\"lazy\" decoding=\"async\" width=\"1080\" height=\"608\" src=\"https:\/\/www.ffw-berg.de\/wordpress\/wp-content\/uploads\/2023\/11\/2023_10_28_vu-1080x608.jpg\" alt=\"\" class=\"wp-image-218009\" srcset=\"https:\/\/www.ffw-berg.de\/wordpress\/wp-content\/uploads\/2023\/11\/2023_10_28_vu-1080x608.jpg 1080w, https:\/\/www.ffw-berg.de\/wordpress\/wp-content\/uploads\/2023\/11\/2023_10_28_vu-300x169.jpg 300w, https:\/\/www.ffw-berg.de\/wordpress\/wp-content\/uploads\/2023\/11\/2023_10_28_vu-120x68.jpg 120w, https:\/\/www.ffw-berg.de\/wordpress\/wp-content\/uploads\/2023\/11\/2023_10_28_vu-768x432.jpg 768w, https:\/\/www.ffw-berg.de\/wordpress\/wp-content\/uploads\/2023\/11\/2023_10_28_vu-1536x864.jpg 1536w, https:\/\/www.ffw-berg.de\/wordpress\/wp-content\/uploads\/2023\/11\/2023_10_28_vu-678x381.jpg 678w, https:\/\/www.ffw-berg.de\/wordpress\/wp-content\/uploads\/2023\/11\/2023_10_28_vu.jpg 1920w\" sizes=\"auto, (max-width: 1080px) 100vw, 1080px\" \/><\/figure>\n<\/div>\n\n\n<p><\/p>\n","protected":false},"excerpt":{"rendered":"<div class=\"mh-excerpt\">Nr. 51  | Zeit: 12.27 Uhr | BAB A9 Fahrtrichtung Norden | THL<\/p>\n<p>Eingesetzte Fahrzeuge:<br \/>\nHLF20, LF 8\/6, MTW, VSA<\/p><\/div>\n<p> <a class=\"mh-excerpt-more\" href=\"https:\/\/www.ffw-berg.de\/wordpress\/einsatz-vom-30-07-23-thl-vu-pkw-2\/\" title=\"Einsatz vom 28.10.23 &#8211; THL VU PKW\">[  Mehr &gt;&gt; ]<\/a><\/p>\n","protected":false},"author":2,"featured_media":218009,"comment_status":"closed","ping_status":"open","sticky":false,"template":"","format":"standard","meta":{"footnotes":""},"categories":[1309],"tags":[77,78,82,362,109,364,147,572,894],"class_list":{"0":"post-218008","1":"post","2":"type-post","3":"status-publish","4":"format-standard","5":"has-post-thumbnail","7":"category-einsaetze-2023","8":"tag-vu","9":"tag-thl","10":"tag-lf86","11":"tag-vsa","12":"tag-wetterwarnung","13":"tag-mtw","14":"tag-kommunikationsmittel","15":"tag-verkehrslenkungsgeraet","16":"tag-hlf20"},"_links":{"self":[{"href":"https:\/\/www.ffw-berg.de\/wordpress\/wp-json\/wp\/v2\/posts\/218008","targetHints":{"allow":["GET"]}}],"collection":[{"href":"https:\/\/www.ffw-berg.de\/wordpress\/wp-json\/wp\/v2\/posts"}],"about":[{"href":"https:\/\/www.ffw-berg.de\/wordpress\/wp-json\/wp\/v2\/types\/post"}],"author":[{"embeddable":true,"href":"https:\/\/www.ffw-berg.de\/wordpress\/wp-json\/wp\/v2\/users\/2"}],"replies":[{"embeddable":true,"href":"https:\/\/www.ffw-berg.de\/wordpress\/wp-json\/wp\/v2\/comments?post=218008"}],"version-history":[{"count":0,"href":"https:\/\/www.ffw-berg.de\/wordpress\/wp-json\/wp\/v2\/posts\/218008\/revisions"}],"wp:featuredmedia":[{"embeddable":true,"href":"https:\/\/www.ffw-berg.de\/wordpress\/wp-json\/wp\/v2\/media\/218009"}],"wp:attachment":[{"href":"https:\/\/www.ffw-berg.de\/wordpress\/wp-json\/wp\/v2\/media?parent=218008"}],"wp:term":[{"taxonomy":"category","embeddable":true,"href":"https:\/\/www.ffw-berg.de\/wordpress\/wp-json\/wp\/v2\/categories?post=218008"},{"taxonomy":"post_tag","embeddable":true,"href":"https:\/\/www.ffw-berg.de\/wordpress\/wp-json\/wp\/v2\/tags?post=218008"}],"curies":[{"name":"wp","href":"https:\/\/api.w.org\/{rel}","templated":true}]}}