{"id":218031,"date":"2023-11-11T20:00:00","date_gmt":"2023-11-11T19:00:00","guid":{"rendered":"https:\/\/www.ffw-berg.de\/wordpress\/?p=218031"},"modified":"2026-02-24T12:08:39","modified_gmt":"2026-02-24T11:08:39","slug":"zwischenpruefung-basismodul-mta-in-berger-wehr","status":"publish","type":"post","link":"https:\/\/www.ffw-berg.de\/wordpress\/zwischenpruefung-basismodul-mta-in-berger-wehr\/","title":{"rendered":"Zwischenpr\u00fcfung Basismodul MTA in Berger Wehr"},"content":{"rendered":"\n<h2 class=\"wp-block-heading\">6 Kameradinnen und Kameraden mit erfolgreichem Abschlu\u00df<\/h2>\n\n\n\n<p>Am Samstag, den 11.11.23, legten sechs Kameradinnen und Kameraden mit der Zwischenpr\u00fcfung das Basismoduls der Modularen Truppausbildung im Ger\u00e4tehaus der Freiwilligen Feuerwehr Berg erfolgreich ab. Mit dieser Grundausbildung d\u00fcrfen sich die Teilnehmer nun ausgebildete Feuerwehrm\u00e4nner und -Frauen nennen. <\/p>\n\n\n\n<p>Neben drei Kameraden aus den Feuerwehren der Stadt Naila und Stra\u00dfdorf, nahmen auch aus dem Gemeindegebiet Berg eine Jugendliche der St\u00fctzpunktwehr und zwei Kameraden der L\u00f6schgruppe Hadermannsgr\u00fcn teil. Die letzten Monate erlernten die Teilnehmer in verschiedenen Theorie- und Praxisbl\u00f6cken alle Grundt\u00e4tigkeiten und Kenntnisse, um f\u00fcr den Einsatzdienst bestens gewappnet zu sein. <\/p>\n\n\n\n<figure class=\"wp-block-gallery has-nested-images columns-2 is-cropped wp-block-gallery-1 is-layout-flex wp-block-gallery-is-layout-flex\">\n<figure class=\"wp-block-image size-large\"><img loading=\"lazy\" decoding=\"async\" width=\"1080\" height=\"608\" data-id=\"218034\" src=\"https:\/\/www.ffw-berg.de\/wordpress\/wp-content\/uploads\/2023\/12\/mta2023_0-1080x608.jpg\" alt=\"\" class=\"wp-image-218034\" srcset=\"https:\/\/www.ffw-berg.de\/wordpress\/wp-content\/uploads\/2023\/12\/mta2023_0-1080x608.jpg 1080w, https:\/\/www.ffw-berg.de\/wordpress\/wp-content\/uploads\/2023\/12\/mta2023_0-300x169.jpg 300w, https:\/\/www.ffw-berg.de\/wordpress\/wp-content\/uploads\/2023\/12\/mta2023_0-120x68.jpg 120w, https:\/\/www.ffw-berg.de\/wordpress\/wp-content\/uploads\/2023\/12\/mta2023_0-768x432.jpg 768w, https:\/\/www.ffw-berg.de\/wordpress\/wp-content\/uploads\/2023\/12\/mta2023_0-678x381.jpg 678w, https:\/\/www.ffw-berg.de\/wordpress\/wp-content\/uploads\/2023\/12\/mta2023_0.jpg 1511w\" sizes=\"auto, (max-width: 1080px) 100vw, 1080px\" \/><\/figure>\n\n\n\n<figure class=\"wp-block-image size-large\"><img loading=\"lazy\" decoding=\"async\" width=\"1080\" height=\"608\" data-id=\"218035\" src=\"https:\/\/www.ffw-berg.de\/wordpress\/wp-content\/uploads\/2023\/12\/mta2023_1-1080x608.jpg\" alt=\"\" class=\"wp-image-218035\" srcset=\"https:\/\/www.ffw-berg.de\/wordpress\/wp-content\/uploads\/2023\/12\/mta2023_1-1080x608.jpg 1080w, https:\/\/www.ffw-berg.de\/wordpress\/wp-content\/uploads\/2023\/12\/mta2023_1-300x169.jpg 300w, https:\/\/www.ffw-berg.de\/wordpress\/wp-content\/uploads\/2023\/12\/mta2023_1-120x68.jpg 120w, https:\/\/www.ffw-berg.de\/wordpress\/wp-content\/uploads\/2023\/12\/mta2023_1-768x432.jpg 768w, https:\/\/www.ffw-berg.de\/wordpress\/wp-content\/uploads\/2023\/12\/mta2023_1-678x381.jpg 678w, https:\/\/www.ffw-berg.de\/wordpress\/wp-content\/uploads\/2023\/12\/mta2023_1.jpg 1511w\" sizes=\"auto, (max-width: 1080px) 100vw, 1080px\" \/><\/figure>\n\n\n\n<figure class=\"wp-block-image size-large\"><img loading=\"lazy\" decoding=\"async\" width=\"1080\" height=\"608\" data-id=\"218036\" src=\"https:\/\/www.ffw-berg.de\/wordpress\/wp-content\/uploads\/2023\/12\/mta2023_2-1080x608.jpg\" alt=\"\" class=\"wp-image-218036\" srcset=\"https:\/\/www.ffw-berg.de\/wordpress\/wp-content\/uploads\/2023\/12\/mta2023_2-1080x608.jpg 1080w, https:\/\/www.ffw-berg.de\/wordpress\/wp-content\/uploads\/2023\/12\/mta2023_2-300x169.jpg 300w, https:\/\/www.ffw-berg.de\/wordpress\/wp-content\/uploads\/2023\/12\/mta2023_2-120x68.jpg 120w, https:\/\/www.ffw-berg.de\/wordpress\/wp-content\/uploads\/2023\/12\/mta2023_2-768x432.jpg 768w, https:\/\/www.ffw-berg.de\/wordpress\/wp-content\/uploads\/2023\/12\/mta2023_2-1536x864.jpg 1536w, https:\/\/www.ffw-berg.de\/wordpress\/wp-content\/uploads\/2023\/12\/mta2023_2-678x381.jpg 678w, https:\/\/www.ffw-berg.de\/wordpress\/wp-content\/uploads\/2023\/12\/mta2023_2.jpg 1920w\" sizes=\"auto, (max-width: 1080px) 100vw, 1080px\" \/><\/figure>\n<\/figure>\n\n\n\n<p>Das Erlernte durften die Teilnehmer am Pr\u00fcfungstag dann in einem schriftlichen Pr\u00fcfungsteil und bei vier praktischen Stationen unter Beweis stellen. Im Einzelnen ging es dabei um Knoten &amp; Stiche, Armaturen und Funkger\u00e4te. <\/p>\n\n\n\n<figure class=\"wp-block-image size-large\"><a href=\"https:\/\/www.ffw-berg.de\/wordpress\/wp-content\/uploads\/2023\/12\/mta2023_3.jpg\"><img loading=\"lazy\" decoding=\"async\" width=\"1080\" height=\"607\" src=\"https:\/\/www.ffw-berg.de\/wordpress\/wp-content\/uploads\/2023\/12\/mta2023_3-1080x607.jpg\" alt=\"\" class=\"wp-image-218037\" srcset=\"https:\/\/www.ffw-berg.de\/wordpress\/wp-content\/uploads\/2023\/12\/mta2023_3-1080x607.jpg 1080w, https:\/\/www.ffw-berg.de\/wordpress\/wp-content\/uploads\/2023\/12\/mta2023_3-300x169.jpg 300w, https:\/\/www.ffw-berg.de\/wordpress\/wp-content\/uploads\/2023\/12\/mta2023_3-120x67.jpg 120w, https:\/\/www.ffw-berg.de\/wordpress\/wp-content\/uploads\/2023\/12\/mta2023_3-768x432.jpg 768w, https:\/\/www.ffw-berg.de\/wordpress\/wp-content\/uploads\/2023\/12\/mta2023_3-1536x863.jpg 1536w, https:\/\/www.ffw-berg.de\/wordpress\/wp-content\/uploads\/2023\/12\/mta2023_3-678x381.jpg 678w, https:\/\/www.ffw-berg.de\/wordpress\/wp-content\/uploads\/2023\/12\/mta2023_3.jpg 1920w\" sizes=\"auto, (max-width: 1080px) 100vw, 1080px\" \/><\/a><\/figure>\n\n\n\n<p>Die Feuerwehr Berg gratuliert allen Teilnehmern zur bestandenen Pr\u00fcfung und w\u00fcnscht weiterhin viel Erfolg im Feuerwehrdienst, wof\u00fcr hiermit ein wichtiger Grundstein gelegt wurde.<\/p>\n\n\n\n<p class=\"has-small-font-size\">Bericht: Maximilian Schaller, Kdt.<\/p>\n","protected":false},"excerpt":{"rendered":"<div class=\"mh-excerpt\">Am Samstag, den 11.11.23, legten sechs Kameradinnen und Kameraden mit der Zwischenpr\u00fcfung das Basismoduls der Modularen Truppausbildung im Ger\u00e4tehaus der Freiwilligen Feuerwehr Berg erfolgreich ab. <\/div>\n<p> <a class=\"mh-excerpt-more\" href=\"https:\/\/www.ffw-berg.de\/wordpress\/zwischenpruefung-basismodul-mta-in-berger-wehr\/\" title=\"Zwischenpr\u00fcfung Basismodul MTA in Berger Wehr\">[  Mehr &gt;&gt; ]<\/a><\/p>\n","protected":false},"author":2,"featured_media":218037,"comment_status":"closed","ping_status":"open","sticky":false,"template":"","format":"standard","meta":{"footnotes":""},"categories":[659,747],"tags":[189,298,1182,1439,1440],"class_list":{"0":"post-218031","1":"post","2":"type-post","3":"status-publish","4":"format-standard","5":"has-post-thumbnail","7":"category-mta","8":"category-wir-ueber-uns-2","9":"tag-funkgeraete","10":"tag-feuerwehr-bergofr","11":"tag-konten-und-stiche","12":"tag-mta2023","13":"tag-armaturen"},"_links":{"self":[{"href":"https:\/\/www.ffw-berg.de\/wordpress\/wp-json\/wp\/v2\/posts\/218031","targetHints":{"allow":["GET"]}}],"collection":[{"href":"https:\/\/www.ffw-berg.de\/wordpress\/wp-json\/wp\/v2\/posts"}],"about":[{"href":"https:\/\/www.ffw-berg.de\/wordpress\/wp-json\/wp\/v2\/types\/post"}],"author":[{"embeddable":true,"href":"https:\/\/www.ffw-berg.de\/wordpress\/wp-json\/wp\/v2\/users\/2"}],"replies":[{"embeddable":true,"href":"https:\/\/www.ffw-berg.de\/wordpress\/wp-json\/wp\/v2\/comments?post=218031"}],"version-history":[{"count":0,"href":"https:\/\/www.ffw-berg.de\/wordpress\/wp-json\/wp\/v2\/posts\/218031\/revisions"}],"wp:featuredmedia":[{"embeddable":true,"href":"https:\/\/www.ffw-berg.de\/wordpress\/wp-json\/wp\/v2\/media\/218037"}],"wp:attachment":[{"href":"https:\/\/www.ffw-berg.de\/wordpress\/wp-json\/wp\/v2\/media?parent=218031"}],"wp:term":[{"taxonomy":"category","embeddable":true,"href":"https:\/\/www.ffw-berg.de\/wordpress\/wp-json\/wp\/v2\/categories?post=218031"},{"taxonomy":"post_tag","embeddable":true,"href":"https:\/\/www.ffw-berg.de\/wordpress\/wp-json\/wp\/v2\/tags?post=218031"}],"curies":[{"name":"wp","href":"https:\/\/api.w.org\/{rel}","templated":true}]}}