{"id":218047,"date":"2023-11-13T17:03:00","date_gmt":"2023-11-13T16:03:00","guid":{"rendered":"https:\/\/www.ffw-berg.de\/wordpress\/?p=218047"},"modified":"2024-01-01T17:56:03","modified_gmt":"2024-01-01T16:56:03","slug":"einsatz-vom-13-11-23-thl-ol-auf-fahrbahn","status":"publish","type":"post","link":"https:\/\/www.ffw-berg.de\/wordpress\/einsatz-vom-13-11-23-thl-ol-auf-fahrbahn\/","title":{"rendered":"Einsatz vom 13.11.23 &#8211; THL, \u00d6l auf Fahrbahn"},"content":{"rendered":"\n<div class=\"wp-block-columns has-2-columns is-layout-flex wp-container-core-columns-is-layout-9d6595d7 wp-block-columns-is-layout-flex\">\n<div class=\"wp-block-column is-layout-flow wp-block-column-is-layout-flow\">\n<p class=\"has-text-color\" style=\"color:#800000\"><strong>Nr.:<\/strong><\/p>\n\n\n\n<p class=\"has-text-color\" style=\"color:#800000\"><strong>Alarmzeit:<\/strong><\/p>\n\n\n\n<p class=\"has-text-color\" style=\"color:#800000\"><strong>Einsatzdauer:<\/strong><\/p>\n\n\n\n<p class=\"has-text-color\" style=\"color:#800000\"><strong>Einsatzort:<\/strong><\/p>\n\n\n\n<p class=\"has-text-color\" style=\"color:#800000\"><strong>Einsatzart:<\/strong><\/p>\n\n\n\n<p class=\"has-text-color\" style=\"color:#800000\"><strong>Eingesetzte Fahrzeuge:<\/strong><\/p>\n\n\n\n<p class=\"has-text-color\" style=\"color:#800000\"><strong>Einsatzmittel:<\/strong><br \/><\/p>\n<\/div>\n\n\n\n<div class=\"wp-block-column is-layout-flow wp-block-column-is-layout-flow\">\n<p>55<\/p>\n\n\n\n<p>17.03 Uhr<\/p>\n\n\n\n<p>0,70 Std.<\/p>\n\n\n\n<p>Rothleitener Weg, Berg<\/p>\n\n\n\n<p>THL 1 | \u00d6l auf Fahrbahn<\/p>\n\n\n\n<p>HLF20, MZF, A-\u00d6SA<\/p>\n\n\n\n<p>Chem. \u00d6lbindemittel, sonstiges Ger\u00e4t<\/p>\n<\/div>\n<\/div>\n\n\n\n<hr class=\"wp-block-separator has-css-opacity is-style-wide\"\/>\n\n\n\n<h4 class=\"wp-block-heading\"><strong>Einsatzbericht<\/strong><\/h4>\n\n\n\n<p>Anforderung Feuerwehr zum Abstreuen einer \u00d6lspur im Ortsgebiet Berg durch die Gemeinde.<\/p>\n\n\n\n<p>Aus einem abgestellten Traktor auf einem Feldweg nahe der Ortsverbindungsstra\u00dfe Berg Richtung  Rothleiten lief eine gr\u00f6\u00dfere Menge Hydraulik\u00f6l aus. Aufgrund des starken Regens lief das auslaufende \u00d6l breit, kontaminierte eine gr\u00f6\u00dfere Fl\u00e4che und drohte in den angrenzenden Issigbach zu laufen.<\/p>\n\n\n\n<p>Mittels Schuttmulden wurde das auslaufende \u00d6l aufgefangen, und die kontaminierte Fl\u00e4che mittels \u00d6lbindemittel gro\u00dffl\u00e4chig abgestreut. Im angrenzenden Issigbach konnten keine Feststellungen gemacht werden.<\/p>\n\n\n\n<p>Durch die Gemeinde erfolgt eine Kontrolle der Einsatzstelle am n\u00e4chsten Morgen.<\/p>\n\n\n\n<hr class=\"wp-block-separator has-alpha-channel-opacity is-style-wide\"\/>\n\n\n\n<h4 class=\"wp-block-heading has-text-align-center\">Einsatzbilder<\/h4>\n\n\n\n<figure class=\"wp-block-gallery has-nested-images columns-default is-cropped wp-block-gallery-1 is-layout-flex wp-block-gallery-is-layout-flex\">\n<figure class=\"wp-block-image size-large\"><a href=\"https:\/\/www.ffw-berg.de\/wordpress\/wp-content\/uploads\/2023\/12\/2023-12-13_thl_0.jpg\"><img loading=\"lazy\" decoding=\"async\" width=\"1080\" height=\"608\" data-id=\"218062\" src=\"https:\/\/www.ffw-berg.de\/wordpress\/wp-content\/uploads\/2023\/12\/2023-12-13_thl_0-1080x608.jpg\" alt=\"\" class=\"wp-image-218062\" srcset=\"https:\/\/www.ffw-berg.de\/wordpress\/wp-content\/uploads\/2023\/12\/2023-12-13_thl_0-1080x608.jpg 1080w, https:\/\/www.ffw-berg.de\/wordpress\/wp-content\/uploads\/2023\/12\/2023-12-13_thl_0-300x169.jpg 300w, https:\/\/www.ffw-berg.de\/wordpress\/wp-content\/uploads\/2023\/12\/2023-12-13_thl_0-120x68.jpg 120w, https:\/\/www.ffw-berg.de\/wordpress\/wp-content\/uploads\/2023\/12\/2023-12-13_thl_0-768x432.jpg 768w, https:\/\/www.ffw-berg.de\/wordpress\/wp-content\/uploads\/2023\/12\/2023-12-13_thl_0-1536x864.jpg 1536w, https:\/\/www.ffw-berg.de\/wordpress\/wp-content\/uploads\/2023\/12\/2023-12-13_thl_0-678x381.jpg 678w, https:\/\/www.ffw-berg.de\/wordpress\/wp-content\/uploads\/2023\/12\/2023-12-13_thl_0.jpg 1920w\" sizes=\"auto, (max-width: 1080px) 100vw, 1080px\" \/><\/a><\/figure>\n\n\n\n<figure class=\"wp-block-image size-large\"><a href=\"https:\/\/www.ffw-berg.de\/wordpress\/wp-content\/uploads\/2023\/12\/2023-12-13_thl_1.jpg\"><img loading=\"lazy\" decoding=\"async\" width=\"1080\" height=\"608\" data-id=\"218063\" src=\"https:\/\/www.ffw-berg.de\/wordpress\/wp-content\/uploads\/2023\/12\/2023-12-13_thl_1-1080x608.jpg\" alt=\"\" class=\"wp-image-218063\" srcset=\"https:\/\/www.ffw-berg.de\/wordpress\/wp-content\/uploads\/2023\/12\/2023-12-13_thl_1-1080x608.jpg 1080w, https:\/\/www.ffw-berg.de\/wordpress\/wp-content\/uploads\/2023\/12\/2023-12-13_thl_1-300x169.jpg 300w, https:\/\/www.ffw-berg.de\/wordpress\/wp-content\/uploads\/2023\/12\/2023-12-13_thl_1-120x68.jpg 120w, https:\/\/www.ffw-berg.de\/wordpress\/wp-content\/uploads\/2023\/12\/2023-12-13_thl_1-768x432.jpg 768w, https:\/\/www.ffw-berg.de\/wordpress\/wp-content\/uploads\/2023\/12\/2023-12-13_thl_1-1536x864.jpg 1536w, https:\/\/www.ffw-berg.de\/wordpress\/wp-content\/uploads\/2023\/12\/2023-12-13_thl_1-678x381.jpg 678w, https:\/\/www.ffw-berg.de\/wordpress\/wp-content\/uploads\/2023\/12\/2023-12-13_thl_1.jpg 1920w\" sizes=\"auto, (max-width: 1080px) 100vw, 1080px\" \/><\/a><\/figure>\n<\/figure>\n","protected":false},"excerpt":{"rendered":"<div class=\"mh-excerpt\">Nr. 55 | Zeit: 17.03 Uhr | Rothleitener Weg, Berg | THL<\/p>\n<p>Eingesetzte Fahrzeuge:<br \/>\nHLF20, MZF, A-\u00d6SA<\/p><\/div>\n<p> <a class=\"mh-excerpt-more\" href=\"https:\/\/www.ffw-berg.de\/wordpress\/einsatz-vom-13-11-23-thl-ol-auf-fahrbahn\/\" title=\"Einsatz vom 13.11.23 &#8211; THL, \u00d6l auf Fahrbahn\">[  Mehr &gt;&gt; ]<\/a><\/p>\n","protected":false},"author":2,"featured_media":218062,"comment_status":"closed","ping_status":"open","sticky":false,"template":"","format":"standard","meta":{"footnotes":""},"categories":[1309],"tags":[73,363,147,173,202,203,390,894],"class_list":{"0":"post-218047","1":"post","2":"type-post","3":"status-publish","4":"format-standard","5":"has-post-thumbnail","7":"category-einsaetze-2023","8":"tag-einsatz","9":"tag-mzf","10":"tag-kommunikationsmittel","11":"tag-oelspur","12":"tag-a-oesa","13":"tag-chemische-oelbindemittel","14":"tag-sonstiges-materialgeraet","15":"tag-hlf20"},"_links":{"self":[{"href":"https:\/\/www.ffw-berg.de\/wordpress\/wp-json\/wp\/v2\/posts\/218047","targetHints":{"allow":["GET"]}}],"collection":[{"href":"https:\/\/www.ffw-berg.de\/wordpress\/wp-json\/wp\/v2\/posts"}],"about":[{"href":"https:\/\/www.ffw-berg.de\/wordpress\/wp-json\/wp\/v2\/types\/post"}],"author":[{"embeddable":true,"href":"https:\/\/www.ffw-berg.de\/wordpress\/wp-json\/wp\/v2\/users\/2"}],"replies":[{"embeddable":true,"href":"https:\/\/www.ffw-berg.de\/wordpress\/wp-json\/wp\/v2\/comments?post=218047"}],"version-history":[{"count":0,"href":"https:\/\/www.ffw-berg.de\/wordpress\/wp-json\/wp\/v2\/posts\/218047\/revisions"}],"wp:featuredmedia":[{"embeddable":true,"href":"https:\/\/www.ffw-berg.de\/wordpress\/wp-json\/wp\/v2\/media\/218062"}],"wp:attachment":[{"href":"https:\/\/www.ffw-berg.de\/wordpress\/wp-json\/wp\/v2\/media?parent=218047"}],"wp:term":[{"taxonomy":"category","embeddable":true,"href":"https:\/\/www.ffw-berg.de\/wordpress\/wp-json\/wp\/v2\/categories?post=218047"},{"taxonomy":"post_tag","embeddable":true,"href":"https:\/\/www.ffw-berg.de\/wordpress\/wp-json\/wp\/v2\/tags?post=218047"}],"curies":[{"name":"wp","href":"https:\/\/api.w.org\/{rel}","templated":true}]}}