{"id":218049,"date":"2023-11-20T20:11:00","date_gmt":"2023-11-20T19:11:00","guid":{"rendered":"https:\/\/www.ffw-berg.de\/wordpress\/?p=218049"},"modified":"2024-01-01T17:56:03","modified_gmt":"2024-01-01T16:56:03","slug":"einsatz-vom-20-11-23-thl-vu-pkw","status":"publish","type":"post","link":"https:\/\/www.ffw-berg.de\/wordpress\/einsatz-vom-20-11-23-thl-vu-pkw\/","title":{"rendered":"Einsatz vom 20.11.23 &#8211; THL, VU PKW"},"content":{"rendered":"\n<div class=\"wp-block-columns has-2-columns is-layout-flex wp-container-core-columns-is-layout-9d6595d7 wp-block-columns-is-layout-flex\">\n<div class=\"wp-block-column is-layout-flow wp-block-column-is-layout-flow\">\n<p class=\"has-text-color\" style=\"color:#800000\"><strong>Nr.<\/strong><\/p>\n\n\n\n<p class=\"has-text-color\" style=\"color:#800000\"><strong>Alarmzeit<\/strong><\/p>\n\n\n\n<p class=\"has-text-color\" style=\"color:#800000\"><strong>Einsatzdauer<\/strong><\/p>\n\n\n\n<p class=\"has-text-color\" style=\"color:#800000\"><strong>Einsatzort<\/strong><\/p>\n\n\n\n<p class=\"has-text-color\" style=\"color:#800000\"><strong>Einsatzart&nbsp;<\/strong><\/p>\n\n\n\n<p class=\"has-text-color\" style=\"color:#800000\"><strong>Eingesetzte Fahrzeuge&nbsp;<\/strong><\/p>\n\n\n\n<p class=\"has-text-color\" style=\"color:#800000\"><strong>Einsatzmittel<\/strong><\/p>\n<\/div>\n\n\n\n<div class=\"wp-block-column is-layout-flow wp-block-column-is-layout-flow\">\n<p>56<\/p>\n\n\n\n<p>20.11 Uhr<\/p>\n\n\n\n<p>1,62 Std.<\/p>\n\n\n\n<p>BAB A9 Fahrtrichtung S\u00fcden, Km 248<\/p>\n\n\n\n<p>THL 1 | VU mit PKW<\/p>\n\n\n\n<p>HLF20, LF 8\/6, MZF, VSA<\/p>\n\n\n\n<p>C\/D-Rohre, Beleuchtungsger\u00e4t, Feuerl\u00f6sch-Kreiselpumpen, Verkehrslenkungsger\u00e4t, Kommunikationsmittel, sonstiges Ger\u00e4t<\/p>\n<\/div>\n<\/div>\n\n\n\n<hr class=\"wp-block-separator has-css-opacity is-style-wide\"\/>\n\n\n\n<h4 class=\"wp-block-heading\">Einsatzbericht<\/h4>\n\n\n\n<p>Die FF Berg wurde wegen eines gemeldeten VU mit PKW alarmiert. <\/p>\n\n\n\n<p>Ein Mercedes Kleintransporter kollidierte mehrfach mit der Mittelleitplanke und kam auf der linken und mittleren Fahrspur quer zur Fahrbahn zum Stehen. Der Fahrer konnte das Fahrzeug selbstst\u00e4ndig verlassen und wurde durch HvO und Feuerwehrsanit\u00e4ter betreut und erstversorgt.<\/p>\n\n\n\n<p>Mittels FL Berg 42\/1 und VSA wurde der linke und mittlere Fahrstreifen gesperrt und die Vorabsicherung gestellt. Nach Freigabe der Einsatzstelle durch die Polizei wurde der linke Fahrstreifen, welcher auf ca. 100 m L\u00e4nge mit Erdreich und Tr\u00fcmmerteilen verschmutzt war, durch FL Berg 40\/1 mit Schnellangriff und Besen gereinigt.<\/p>\n\n\n\n<p>Bis zum Verladen des Unfall-PKW wurde die Fahrstreifensperrung auf Weisung der VPI aufrecht erhalten.<\/p>\n\n\n\n<hr class=\"wp-block-separator has-css-opacity is-style-wide\"\/>\n\n\n\n<h4 class=\"wp-block-heading has-text-align-center\">Einsatzfoto<\/h4>\n\n\n\n<figure class=\"wp-block-gallery has-nested-images columns-default is-cropped wp-block-gallery-1 is-layout-flex wp-block-gallery-is-layout-flex\">\n<figure class=\"wp-block-image size-large\"><a href=\"https:\/\/www.ffw-berg.de\/wordpress\/wp-content\/uploads\/2023\/12\/20112023_vupkw2.jpg\"><img loading=\"lazy\" decoding=\"async\" width=\"1080\" height=\"607\" data-id=\"218066\" src=\"https:\/\/www.ffw-berg.de\/wordpress\/wp-content\/uploads\/2023\/12\/20112023_vupkw2-1080x607.jpg\" alt=\"\" class=\"wp-image-218066\" srcset=\"https:\/\/www.ffw-berg.de\/wordpress\/wp-content\/uploads\/2023\/12\/20112023_vupkw2-1080x607.jpg 1080w, https:\/\/www.ffw-berg.de\/wordpress\/wp-content\/uploads\/2023\/12\/20112023_vupkw2-300x169.jpg 300w, https:\/\/www.ffw-berg.de\/wordpress\/wp-content\/uploads\/2023\/12\/20112023_vupkw2-120x67.jpg 120w, https:\/\/www.ffw-berg.de\/wordpress\/wp-content\/uploads\/2023\/12\/20112023_vupkw2-768x432.jpg 768w, https:\/\/www.ffw-berg.de\/wordpress\/wp-content\/uploads\/2023\/12\/20112023_vupkw2-1536x863.jpg 1536w, https:\/\/www.ffw-berg.de\/wordpress\/wp-content\/uploads\/2023\/12\/20112023_vupkw2-678x381.jpg 678w, https:\/\/www.ffw-berg.de\/wordpress\/wp-content\/uploads\/2023\/12\/20112023_vupkw2.jpg 1920w\" sizes=\"auto, (max-width: 1080px) 100vw, 1080px\" \/><\/a><\/figure>\n<\/figure>\n","protected":false},"excerpt":{"rendered":"<div class=\"mh-excerpt\">Nr. 56  | Zeit: 20.11 Uhr | BAB A9 Fahrtrichtung S\u00fcden| THL<\/p>\n<p>Eingesetzte Fahrzeuge:<br \/>\nHLF20, LF 8\/6, MZF, VSA<\/p><\/div>\n<p> <a class=\"mh-excerpt-more\" href=\"https:\/\/www.ffw-berg.de\/wordpress\/einsatz-vom-20-11-23-thl-vu-pkw\/\" title=\"Einsatz vom 20.11.23 &#8211; THL, VU PKW\">[  Mehr &gt;&gt; ]<\/a><\/p>\n","protected":false},"author":2,"featured_media":218066,"comment_status":"closed","ping_status":"open","sticky":false,"template":"","format":"standard","meta":{"footnotes":""},"categories":[1309],"tags":[77,78,82,362,364,147,314,572,855,894,1437],"class_list":{"0":"post-218049","1":"post","2":"type-post","3":"status-publish","4":"format-standard","5":"has-post-thumbnail","7":"category-einsaetze-2023","8":"tag-vu","9":"tag-thl","10":"tag-lf86","11":"tag-vsa","12":"tag-mtw","13":"tag-kommunikationsmittel","14":"tag-c-d-rohr","15":"tag-verkehrslenkungsgeraet","16":"tag-sonstiges-geraet","17":"tag-hlf20","18":"tag-feuerloesch-kreiselpumpen"},"_links":{"self":[{"href":"https:\/\/www.ffw-berg.de\/wordpress\/wp-json\/wp\/v2\/posts\/218049","targetHints":{"allow":["GET"]}}],"collection":[{"href":"https:\/\/www.ffw-berg.de\/wordpress\/wp-json\/wp\/v2\/posts"}],"about":[{"href":"https:\/\/www.ffw-berg.de\/wordpress\/wp-json\/wp\/v2\/types\/post"}],"author":[{"embeddable":true,"href":"https:\/\/www.ffw-berg.de\/wordpress\/wp-json\/wp\/v2\/users\/2"}],"replies":[{"embeddable":true,"href":"https:\/\/www.ffw-berg.de\/wordpress\/wp-json\/wp\/v2\/comments?post=218049"}],"version-history":[{"count":0,"href":"https:\/\/www.ffw-berg.de\/wordpress\/wp-json\/wp\/v2\/posts\/218049\/revisions"}],"wp:featuredmedia":[{"embeddable":true,"href":"https:\/\/www.ffw-berg.de\/wordpress\/wp-json\/wp\/v2\/media\/218066"}],"wp:attachment":[{"href":"https:\/\/www.ffw-berg.de\/wordpress\/wp-json\/wp\/v2\/media?parent=218049"}],"wp:term":[{"taxonomy":"category","embeddable":true,"href":"https:\/\/www.ffw-berg.de\/wordpress\/wp-json\/wp\/v2\/categories?post=218049"},{"taxonomy":"post_tag","embeddable":true,"href":"https:\/\/www.ffw-berg.de\/wordpress\/wp-json\/wp\/v2\/tags?post=218049"}],"curies":[{"name":"wp","href":"https:\/\/api.w.org\/{rel}","templated":true}]}}