{"id":218053,"date":"2023-12-07T17:37:00","date_gmt":"2023-12-07T16:37:00","guid":{"rendered":"https:\/\/www.ffw-berg.de\/wordpress\/?p=218053"},"modified":"2025-03-02T21:23:42","modified_gmt":"2025-03-02T20:23:42","slug":"einsatz-vom-07-12-23-kaminbrand","status":"publish","type":"post","link":"https:\/\/www.ffw-berg.de\/wordpress\/einsatz-vom-07-12-23-kaminbrand\/","title":{"rendered":"Einsatz vom 07.12.23 &#8211; Kaminbrand"},"content":{"rendered":"\n<p><span style=\"font-family: arial, helvetica, sans-serif\"><\/span><\/p>\n\n\n\n<div class=\"wp-block-columns has-2-columns is-layout-flex wp-container-core-columns-is-layout-9d6595d7 wp-block-columns-is-layout-flex\">\n<div class=\"wp-block-column is-layout-flow wp-block-column-is-layout-flow\">\n<p class=\"has-text-color\" style=\"color:#800000\"><strong>Nr.:<\/strong><\/p>\n\n\n\n<p class=\"has-text-color\" style=\"color:#800000\"><strong>Alarmzeit:<\/strong><\/p>\n\n\n\n<p class=\"has-text-color\" style=\"color:#800000\"><strong>Einsatzdauer:<\/strong><\/p>\n\n\n\n<p class=\"has-text-color\" style=\"color:#800000\"><strong>Einsatzort:<\/strong><\/p>\n\n\n\n<p class=\"has-text-color\" style=\"color:#800000\"><strong>Einsatzart:<\/strong><\/p>\n\n\n\n<p class=\"has-text-color\" style=\"color:#800000\"><strong>Eingesetzte Fahrzeuge:<\/strong><\/p>\n\n\n\n<p class=\"has-text-color\" style=\"color:#800000\"><strong>Einsatzmittel:<\/strong><br \/><\/p>\n<\/div>\n\n\n\n<div class=\"wp-block-column is-layout-flow wp-block-column-is-layout-flow\">\n<p>58<\/p>\n\n\n\n<p>17.37 Uhr<\/p>\n\n\n\n<p>1,05 Std.<\/p>\n\n\n\n<p>Untertiefengr\u00fcner Str., Berg<\/p>\n\n\n\n<p>B2 | Kleinbrand , Kaminbrand<\/p>\n\n\n\n<p>HLF 20, MTW, MZF<\/p>\n\n\n\n<p>Feuerl\u00f6scher, Kleinl\u00f6schger\u00e4t, PA, Kommunikationsger\u00e4t, WBK, <br \/><\/p>\n<\/div>\n<\/div>\n\n\n\n<hr class=\"wp-block-separator has-css-opacity is-style-wide\"\/>\n\n\n\n<h4 class=\"wp-block-heading\"><strong>Einsatzbericht\ufeff<\/strong><br \/><\/h4>\n\n\n\n<p>Die Feuerwehr Berg wurde zu einem Kaminbrand alarmiert aufgrund von Funkenflug aus Kamin.<\/p>\n\n\n\n<p>Mittels WBK wurde der Kamin und Zwischendecken im Geb\u00e4udeinneren kontrolliert und mit Kleinl\u00f6schger\u00e4t der Brandschutz sichergestellt, parallel dazu wurde der Kamin von au\u00dfen \u00fcber die Drehleiter der FF Bad Steben kontrolliert. Nachdem weder im Geb\u00e4udeinneren noch Au\u00dfen erh\u00f6hte Temperaturen festgestellt werden konnten, wurde die Einsatzstelle an den Bezirkskaminkehrer \u00fcbergeben.<\/p>\n\n\n\n<h4 class=\"wp-block-heading has-text-align-center\">Einsatzbilder:<\/h4>\n\n\n\n<figure class=\"wp-block-image size-large\"><a href=\"https:\/\/www.ffw-berg.de\/wordpress\/wp-content\/uploads\/2023\/12\/kaminbrand.jpg\"><img loading=\"lazy\" decoding=\"async\" width=\"1080\" height=\"608\" src=\"https:\/\/www.ffw-berg.de\/wordpress\/wp-content\/uploads\/2023\/12\/kaminbrand-1080x608.jpg\" alt=\"\" class=\"wp-image-218060\" srcset=\"https:\/\/www.ffw-berg.de\/wordpress\/wp-content\/uploads\/2023\/12\/kaminbrand-1080x608.jpg 1080w, https:\/\/www.ffw-berg.de\/wordpress\/wp-content\/uploads\/2023\/12\/kaminbrand-300x169.jpg 300w, https:\/\/www.ffw-berg.de\/wordpress\/wp-content\/uploads\/2023\/12\/kaminbrand-120x68.jpg 120w, https:\/\/www.ffw-berg.de\/wordpress\/wp-content\/uploads\/2023\/12\/kaminbrand-768x432.jpg 768w, https:\/\/www.ffw-berg.de\/wordpress\/wp-content\/uploads\/2023\/12\/kaminbrand-1536x864.jpg 1536w, https:\/\/www.ffw-berg.de\/wordpress\/wp-content\/uploads\/2023\/12\/kaminbrand-678x381.jpg 678w, https:\/\/www.ffw-berg.de\/wordpress\/wp-content\/uploads\/2023\/12\/kaminbrand.jpg 1920w\" sizes=\"auto, (max-width: 1080px) 100vw, 1080px\" \/><\/a><\/figure>\n","protected":false},"excerpt":{"rendered":"<div class=\"mh-excerpt\">Nr. 58 | Zeit: 17.37 Uhr | Untertiefengr\u00fcner Str., Berg | B<\/p>\n<p>Eingesetzte Fahrzeuge:<br \/>\nHLF 20, MTW, MZF<\/p><\/div>\n<p> <a class=\"mh-excerpt-more\" href=\"https:\/\/www.ffw-berg.de\/wordpress\/einsatz-vom-07-12-23-kaminbrand\/\" title=\"Einsatz vom 07.12.23 &#8211; Kaminbrand\">[  Mehr &gt;&gt; ]<\/a><\/p>\n","protected":false},"author":2,"featured_media":218060,"comment_status":"closed","ping_status":"open","sticky":false,"template":"","format":"standard","meta":{"footnotes":""},"categories":[1309],"tags":[71,72,363,95,364,398,562,680,706,828,932],"class_list":{"0":"post-218053","1":"post","2":"type-post","3":"status-publish","4":"format-standard","5":"has-post-thumbnail","7":"category-einsaetze-2023","8":"tag-wbk","9":"tag-brand","10":"tag-mzf","11":"tag-pa","12":"tag-mtw","13":"tag-kaminbrand","14":"tag-kommunikationsgeraete","15":"tag-kleinloeschgeraet","16":"tag-hlf-20","17":"tag-hitzeschutzbekleidung","18":"tag-arbeitsgeraete"},"_links":{"self":[{"href":"https:\/\/www.ffw-berg.de\/wordpress\/wp-json\/wp\/v2\/posts\/218053","targetHints":{"allow":["GET"]}}],"collection":[{"href":"https:\/\/www.ffw-berg.de\/wordpress\/wp-json\/wp\/v2\/posts"}],"about":[{"href":"https:\/\/www.ffw-berg.de\/wordpress\/wp-json\/wp\/v2\/types\/post"}],"author":[{"embeddable":true,"href":"https:\/\/www.ffw-berg.de\/wordpress\/wp-json\/wp\/v2\/users\/2"}],"replies":[{"embeddable":true,"href":"https:\/\/www.ffw-berg.de\/wordpress\/wp-json\/wp\/v2\/comments?post=218053"}],"version-history":[{"count":0,"href":"https:\/\/www.ffw-berg.de\/wordpress\/wp-json\/wp\/v2\/posts\/218053\/revisions"}],"wp:featuredmedia":[{"embeddable":true,"href":"https:\/\/www.ffw-berg.de\/wordpress\/wp-json\/wp\/v2\/media\/218060"}],"wp:attachment":[{"href":"https:\/\/www.ffw-berg.de\/wordpress\/wp-json\/wp\/v2\/media?parent=218053"}],"wp:term":[{"taxonomy":"category","embeddable":true,"href":"https:\/\/www.ffw-berg.de\/wordpress\/wp-json\/wp\/v2\/categories?post=218053"},{"taxonomy":"post_tag","embeddable":true,"href":"https:\/\/www.ffw-berg.de\/wordpress\/wp-json\/wp\/v2\/tags?post=218053"}],"curies":[{"name":"wp","href":"https:\/\/api.w.org\/{rel}","templated":true}]}}