{"id":218057,"date":"2023-10-21T18:00:00","date_gmt":"2023-10-21T16:00:00","guid":{"rendered":"https:\/\/www.ffw-berg.de\/wordpress\/?p=218057"},"modified":"2024-01-18T19:07:19","modified_gmt":"2024-01-18T18:07:19","slug":"maschinisten-lehrgang-2023","status":"publish","type":"post","link":"https:\/\/www.ffw-berg.de\/wordpress\/maschinisten-lehrgang-2023\/","title":{"rendered":"Maschinisten-Lehrgang 2023"},"content":{"rendered":"\n<h2 class=\"wp-block-heading\">Lehrgang erfolgreich abgelegt &#8211; <em>Wasser marsch!<\/em><\/h2>\n\n\n\n<p>Diesen Befehl werden die sechs neuen Maschinisten aus dem Berger Winkel in Zukunft \u00f6fters zu h\u00f6ren bekommen. Es freut uns sehr, dass neben einer Kameradin aus der Berger Wehr auch zwei Kameraden unserer L\u00f6schgruppe Hadermannsgr\u00fcn und drei Kamerad*innen der Ortsteilwehr Eisenb\u00fchl den Maschinisten-Lehrgang erfolgreich absolviert haben. Dass der Posten des Maschinisten l\u00e4ngst kein M\u00e4nner-Job mehr ist, zeigen die drei engagierten Feuerwehrfrauen mit Stolz. <\/p>\n\n\n\n<p>Wir gratulieren den sechs Lehrgangs-Absolventen herzlich zur bestandenen Pr\u00fcfung und bedanken uns f\u00fcr die Bereitschaft zur Teilnahme am Lehrgang!<\/p>\n\n\n\n<figure class=\"wp-block-image size-large\"><img loading=\"lazy\" decoding=\"async\" width=\"1080\" height=\"608\" src=\"https:\/\/www.ffw-berg.de\/wordpress\/wp-content\/uploads\/2023\/12\/maschinisten2023-1080x608.jpg\" alt=\"\" class=\"wp-image-218058\" srcset=\"https:\/\/www.ffw-berg.de\/wordpress\/wp-content\/uploads\/2023\/12\/maschinisten2023-1080x608.jpg 1080w, https:\/\/www.ffw-berg.de\/wordpress\/wp-content\/uploads\/2023\/12\/maschinisten2023-300x169.jpg 300w, https:\/\/www.ffw-berg.de\/wordpress\/wp-content\/uploads\/2023\/12\/maschinisten2023-120x68.jpg 120w, https:\/\/www.ffw-berg.de\/wordpress\/wp-content\/uploads\/2023\/12\/maschinisten2023-768x432.jpg 768w, https:\/\/www.ffw-berg.de\/wordpress\/wp-content\/uploads\/2023\/12\/maschinisten2023-1536x864.jpg 1536w, https:\/\/www.ffw-berg.de\/wordpress\/wp-content\/uploads\/2023\/12\/maschinisten2023-678x381.jpg 678w, https:\/\/www.ffw-berg.de\/wordpress\/wp-content\/uploads\/2023\/12\/maschinisten2023.jpg 1840w\" sizes=\"auto, (max-width: 1080px) 100vw, 1080px\" \/><\/figure>\n","protected":false},"excerpt":{"rendered":"<div class=\"mh-excerpt\">Wasser marsch!<\/p>\n<p>Diesen Befehl werden die sechs neuen Maschinisten aus dem Berger Winkel in Zukunft \u00f6fters zu h\u00f6ren bekommen.<\/p><\/div>\n<p> <a class=\"mh-excerpt-more\" href=\"https:\/\/www.ffw-berg.de\/wordpress\/maschinisten-lehrgang-2023\/\" title=\"Maschinisten-Lehrgang 2023\">[  Mehr &gt;&gt; ]<\/a><\/p>\n","protected":false},"author":2,"featured_media":218192,"comment_status":"closed","ping_status":"open","sticky":false,"template":"","format":"standard","meta":{"footnotes":""},"categories":[747],"tags":[1211,1298,1442,1443,1444,1445],"class_list":{"0":"post-218057","1":"post","2":"type-post","3":"status-publish","4":"format-standard","5":"has-post-thumbnail","7":"category-wir-ueber-uns-2","8":"tag-lg-hadermannsgruen","9":"tag-ffw-berg-ofr","10":"tag-maschinisten","11":"tag-maschinisten-lehrgang","12":"tag-ot-wehr-eisenbuehl","13":"tag-malhg2023"},"_links":{"self":[{"href":"https:\/\/www.ffw-berg.de\/wordpress\/wp-json\/wp\/v2\/posts\/218057","targetHints":{"allow":["GET"]}}],"collection":[{"href":"https:\/\/www.ffw-berg.de\/wordpress\/wp-json\/wp\/v2\/posts"}],"about":[{"href":"https:\/\/www.ffw-berg.de\/wordpress\/wp-json\/wp\/v2\/types\/post"}],"author":[{"embeddable":true,"href":"https:\/\/www.ffw-berg.de\/wordpress\/wp-json\/wp\/v2\/users\/2"}],"replies":[{"embeddable":true,"href":"https:\/\/www.ffw-berg.de\/wordpress\/wp-json\/wp\/v2\/comments?post=218057"}],"version-history":[{"count":0,"href":"https:\/\/www.ffw-berg.de\/wordpress\/wp-json\/wp\/v2\/posts\/218057\/revisions"}],"wp:featuredmedia":[{"embeddable":true,"href":"https:\/\/www.ffw-berg.de\/wordpress\/wp-json\/wp\/v2\/media\/218192"}],"wp:attachment":[{"href":"https:\/\/www.ffw-berg.de\/wordpress\/wp-json\/wp\/v2\/media?parent=218057"}],"wp:term":[{"taxonomy":"category","embeddable":true,"href":"https:\/\/www.ffw-berg.de\/wordpress\/wp-json\/wp\/v2\/categories?post=218057"},{"taxonomy":"post_tag","embeddable":true,"href":"https:\/\/www.ffw-berg.de\/wordpress\/wp-json\/wp\/v2\/tags?post=218057"}],"curies":[{"name":"wp","href":"https:\/\/api.w.org\/{rel}","templated":true}]}}