{"id":218212,"date":"2024-01-26T23:00:00","date_gmt":"2024-01-26T22:00:00","guid":{"rendered":"https:\/\/www.ffw-berg.de\/wordpress\/?p=218212"},"modified":"2024-02-09T16:41:14","modified_gmt":"2024-02-09T15:41:14","slug":"jhv-der-jugendgruppe-2024","status":"publish","type":"post","link":"https:\/\/www.ffw-berg.de\/wordpress\/jhv-der-jugendgruppe-2024\/","title":{"rendered":"JHV der Jugendgruppe 2024"},"content":{"rendered":"\n<h2 class=\"wp-block-heading\">900 Stunden ehrenamtlicher Feuerwehrdienst geleistet | Viele Wettbewerbe und Abzeichen bestritten<\/h2>\n\n\n\n<p>Am 26.01.2024 fand die ordentliche Jahreshauptversammlung der Jugendgruppe der Freiwilligen Feuerwehr Berg statt. P\u00fcnktlich um 19 Uhr konnte Jugendwart Felix Korn im Ger\u00e4tehaus in Berg die Teilnehmer begr\u00fc\u00dfen, darunter 12 Feuerwehranw\u00e4rter, das Jugendbetreuerteam, Kommandant Maximilian Schaller, Kreisbrandmeister Heiko R\u00f6del, stellvertretender Vereinsvorsitzender Alexander Egelkraut, dritter B\u00fcrgermeister der Gemeinde Berg Moritz von K\u00fcnsberg sowie einige neugierige Kameraden aus der aktiven Wehr. <\/p>\n\n\n<div class=\"wp-block-image\">\n<figure class=\"aligncenter size-large\"><img loading=\"lazy\" decoding=\"async\" width=\"1080\" height=\"608\" src=\"https:\/\/www.ffw-berg.de\/wordpress\/wp-content\/uploads\/2024\/02\/ffberg_jhv_jg_2024-1080x608.jpeg\" alt=\"\" class=\"wp-image-218215\" srcset=\"https:\/\/www.ffw-berg.de\/wordpress\/wp-content\/uploads\/2024\/02\/ffberg_jhv_jg_2024-1080x608.jpeg 1080w, https:\/\/www.ffw-berg.de\/wordpress\/wp-content\/uploads\/2024\/02\/ffberg_jhv_jg_2024-300x169.jpeg 300w, https:\/\/www.ffw-berg.de\/wordpress\/wp-content\/uploads\/2024\/02\/ffberg_jhv_jg_2024-120x68.jpeg 120w, https:\/\/www.ffw-berg.de\/wordpress\/wp-content\/uploads\/2024\/02\/ffberg_jhv_jg_2024-768x432.jpeg 768w, https:\/\/www.ffw-berg.de\/wordpress\/wp-content\/uploads\/2024\/02\/ffberg_jhv_jg_2024-1536x864.jpeg 1536w, https:\/\/www.ffw-berg.de\/wordpress\/wp-content\/uploads\/2024\/02\/ffberg_jhv_jg_2024-678x381.jpeg 678w, https:\/\/www.ffw-berg.de\/wordpress\/wp-content\/uploads\/2024\/02\/ffberg_jhv_jg_2024.jpeg 1920w\" sizes=\"auto, (max-width: 1080px) 100vw, 1080px\" \/><figcaption class=\"wp-element-caption\">Unsere Jugendgruppe 2024<\/figcaption><\/figure>\n<\/div>\n\n\n<p>Los ging es mit dem Bericht des Jugendsprechers Lukas Herrmann, der aus der Sicht der Jugendgruppe das Jahr Revue passieren lie\u00df. Freudig berichtete er von zahlreichen abgeleisteten Diensten wie z.B. dem gemeinsamen 24-Stunden-Berufsfeuerwehrtag Ende Mai mit der Feuerwehr Selbitz, dem Kreisjugendzeltlager im Juli in Helmbrechts und der &#8222;Langen Nacht der Feuerwehr&#8220; inklusive \u00dcbernachtung im Feuerwehrger\u00e4tehaus Ende September, um nur einige Highlights zu nennen.<\/p>\n\n\n\n<p class=\"has-text-align-left\">Jugendwart Korn folgte ihm sodann und f\u00fctterte die vorangegangen Informationen mit einigen Zahlen. So wurden im Jahr 2023 \u00fcber 900 Stunden ehrenamtlicher Feuerwehrdienst geleistet, ebenso wurden wieder viele Wettbewerbe und Abzeichen bestritten wie zum Beispiel die Jugendflamme, der Wissenstest oder die Teilnahme am Kuppelcup im Juni. <\/p>\n\n\n\n<div class=\"wp-block-columns is-layout-flex wp-container-core-columns-is-layout-9d6595d7 wp-block-columns-is-layout-flex\">\n<div class=\"wp-block-column is-vertically-aligned-center is-layout-flow wp-block-column-is-layout-flow\">\n<p class=\"has-text-align-left\">Kassiererin Zoe Schmidt trug sodann den Kassenbericht f\u00fcr das vergangene Jahr vor, wobei 1. Kassenpr\u00fcfer Tim Weitermann der Versammlung im Anschluss die einwandfreie F\u00fchrung best\u00e4tigte und um Entlastung per Handzeichen bat. <\/p>\n\n\n\n<p>Wie in jedem Jahr wurde auch diesmal eine Wahl durchgef\u00fchrt. So wurden Leonie R\u00f6del als Jugendsprecherin und Tim Weitermann als ihr Vertreter neu gew\u00e4hlt. Neuer Kassier ist Lennox H\u00f6hne mit den Kassenpr\u00fcfern Leon Fickenscher und Hannes Laumer. <\/p>\n<\/div>\n\n\n\n<div class=\"wp-block-column is-layout-flow wp-block-column-is-layout-flow\"><div class=\"wp-block-image\">\n<figure class=\"aligncenter size-large is-resized\"><a href=\"https:\/\/www.ffw-berg.de\/wordpress\/wp-content\/uploads\/2024\/02\/ffberg_jhv_jg_2024_1.jpeg\"><img loading=\"lazy\" decoding=\"async\" width=\"432\" height=\"768\" src=\"https:\/\/www.ffw-berg.de\/wordpress\/wp-content\/uploads\/2024\/02\/ffberg_jhv_jg_2024_1-432x768.jpeg\" alt=\"\" class=\"wp-image-218216\" style=\"width:167px;height:auto\" srcset=\"https:\/\/www.ffw-berg.de\/wordpress\/wp-content\/uploads\/2024\/02\/ffberg_jhv_jg_2024_1-432x768.jpeg 432w, https:\/\/www.ffw-berg.de\/wordpress\/wp-content\/uploads\/2024\/02\/ffberg_jhv_jg_2024_1-141x250.jpeg 141w, https:\/\/www.ffw-berg.de\/wordpress\/wp-content\/uploads\/2024\/02\/ffberg_jhv_jg_2024_1-68x120.jpeg 68w, https:\/\/www.ffw-berg.de\/wordpress\/wp-content\/uploads\/2024\/02\/ffberg_jhv_jg_2024_1-768x1365.jpeg 768w, https:\/\/www.ffw-berg.de\/wordpress\/wp-content\/uploads\/2024\/02\/ffberg_jhv_jg_2024_1-864x1536.jpeg 864w, https:\/\/www.ffw-berg.de\/wordpress\/wp-content\/uploads\/2024\/02\/ffberg_jhv_jg_2024_1.jpeg 974w\" sizes=\"auto, (max-width: 432px) 100vw, 432px\" \/><\/a><figcaption class=\"wp-element-caption\">Zum Vergr\u00f6\u00dfern anklicken! Bild v.l.n.r.: Kassier Lennox H\u00f6hne, Jugendsprecherin Leonie R\u00f6del, Kassenpr\u00fcfer Leon Fickenscher, stellvertretender Jugendsprecher Tim Weitermann, Kassenpr\u00fcfer Hannes Laumer<\/figcaption><\/figure>\n<\/div><\/div>\n<\/div>\n\n\n\n<p>Im Anschluss an die Wahlen hielt 1. Kommandant Maximilian Schaller ein Gru\u00dfwort und dankte den Jugendlichen f\u00fcr ihr Engagement und die Unterst\u00fctzung der aktiven Wehr und des Vereins. Er machte deutlich, dass die Jugendarbeit der Feuerwehren in der Gemeinde Berg vorbildlich verlaufe, dies spiegelt die Zahl von 28 Feuerwehranw\u00e4rtern im Gemeindegebiet wieder. Ziel der Feuerwehren in der Gemeinde wird es deshalb im kommenden Jahr sein, die Zusammenarbeit bei der Ausbildung der Jugendlichten weiter auszubauen und die Jugendlichen gemeinsam auf den aktiven Wehrdienst vorzubereiten.<\/p>\n\n\n\n<p>Kreisbrandmeister Heiko R\u00f6del dankte den Jugendlichen ebenfalls f\u00fcr ihren Einsatz und \u00fcbergab, getreu dem Motto &#8222;Einer f\u00fcr alle &#8211; alle f\u00fcr einen!&#8220; drei Leitf\u00e4den der Jugendfeuerwehr mit motivierenden Worten, die die Jugendlichen stetig an die wichtigsten Grunds\u00e4tze im Zusammenhang mit dem Feuerwehrdienst erinnern sollen. Die Leitf\u00e4den werden zeitnah gerahmt und im Jugendraum aufgeh\u00e4ngt.<\/p>\n\n\n\n<p>Dritter B\u00fcrgermeister Moritz von K\u00fcnsberg schloss sich seinen Vorrednern an und sicherte den Jugendlichen stetige Unterst\u00fctzung seitens der Gemeinde Berg zu. Es sei wichtig, das Gemeinschaftsgef\u00fchl innerhalb der Feuerwehren und besonders zwischen den Jugendlichen im kommenden Jahr weiter zu st\u00e4rken. Jugendwart Felix Korn schloss anschlie\u00dfend die Versammlung, wobei der Abend mit vielen guten Gespr\u00e4chen und dem ein oder anderen Kickerturnier ausklang.<\/p>\n\n\n\n<p class=\"has-small-font-size\">Bericht: Cosima Rubner<\/p>\n","protected":false},"excerpt":{"rendered":"<div class=\"mh-excerpt\">Am 26.01.2024 fand die ordentliche Jahreshauptversammlung der Jugendgruppe der Freiwilligen Feuerwehr Berg statt. Viele Wettbewerbe, Abzeichen, Pr\u00fcfungen und Veranstaltungen wurden bestritten<\/div>\n<p> <a class=\"mh-excerpt-more\" href=\"https:\/\/www.ffw-berg.de\/wordpress\/jhv-der-jugendgruppe-2024\/\" title=\"JHV der Jugendgruppe 2024\">[  Mehr &gt;&gt; ]<\/a><\/p>\n","protected":false},"author":2,"featured_media":218215,"comment_status":"closed","ping_status":"open","sticky":false,"template":"","format":"standard","meta":{"footnotes":""},"categories":[6,66],"tags":[101,266,297,1453,1455],"class_list":{"0":"post-218212","1":"post","2":"type-post","3":"status-publish","4":"format-standard","5":"has-post-thumbnail","7":"category-jugend","8":"category-jf-jhv","9":"tag-jugendgruppe","10":"tag-jhv","11":"tag-ff-bergofr","12":"tag-jf-jahreshauptversammlung","13":"tag-jfjhv24"},"_links":{"self":[{"href":"https:\/\/www.ffw-berg.de\/wordpress\/wp-json\/wp\/v2\/posts\/218212","targetHints":{"allow":["GET"]}}],"collection":[{"href":"https:\/\/www.ffw-berg.de\/wordpress\/wp-json\/wp\/v2\/posts"}],"about":[{"href":"https:\/\/www.ffw-berg.de\/wordpress\/wp-json\/wp\/v2\/types\/post"}],"author":[{"embeddable":true,"href":"https:\/\/www.ffw-berg.de\/wordpress\/wp-json\/wp\/v2\/users\/2"}],"replies":[{"embeddable":true,"href":"https:\/\/www.ffw-berg.de\/wordpress\/wp-json\/wp\/v2\/comments?post=218212"}],"version-history":[{"count":0,"href":"https:\/\/www.ffw-berg.de\/wordpress\/wp-json\/wp\/v2\/posts\/218212\/revisions"}],"wp:featuredmedia":[{"embeddable":true,"href":"https:\/\/www.ffw-berg.de\/wordpress\/wp-json\/wp\/v2\/media\/218215"}],"wp:attachment":[{"href":"https:\/\/www.ffw-berg.de\/wordpress\/wp-json\/wp\/v2\/media?parent=218212"}],"wp:term":[{"taxonomy":"category","embeddable":true,"href":"https:\/\/www.ffw-berg.de\/wordpress\/wp-json\/wp\/v2\/categories?post=218212"},{"taxonomy":"post_tag","embeddable":true,"href":"https:\/\/www.ffw-berg.de\/wordpress\/wp-json\/wp\/v2\/tags?post=218212"}],"curies":[{"name":"wp","href":"https:\/\/api.w.org\/{rel}","templated":true}]}}