{"id":218321,"date":"2025-05-11T22:24:04","date_gmt":"2025-05-11T20:24:04","guid":{"rendered":"https:\/\/www.ffw-berg.de\/wordpress\/?p=218321"},"modified":"2026-02-24T12:30:40","modified_gmt":"2026-02-24T11:30:40","slug":"150-jahre","status":"publish","type":"post","link":"https:\/\/www.ffw-berg.de\/wordpress\/150-jahre\/","title":{"rendered":"150 Jahre Freiw. Feuerwehr Berg\/Ofr."},"content":{"rendered":"\n<h2 class=\"wp-block-heading\">22. Erwachsenen Leistungsmarsch Bezirk Oberfranken 2025<\/h2>\n\n\n<div class=\"wp-block-image\">\n<figure class=\"aligncenter size-large\"><img loading=\"lazy\" decoding=\"async\" width=\"1080\" height=\"765\" src=\"https:\/\/www.ffw-berg.de\/wordpress\/wp-content\/uploads\/2024\/04\/FW-Berg-ELM-Flyer-2025-1080x765.jpg\" alt=\"\" class=\"wp-image-218340\" srcset=\"https:\/\/www.ffw-berg.de\/wordpress\/wp-content\/uploads\/2024\/04\/FW-Berg-ELM-Flyer-2025-1080x765.jpg 1080w, https:\/\/www.ffw-berg.de\/wordpress\/wp-content\/uploads\/2024\/04\/FW-Berg-ELM-Flyer-2025-300x213.jpg 300w, https:\/\/www.ffw-berg.de\/wordpress\/wp-content\/uploads\/2024\/04\/FW-Berg-ELM-Flyer-2025-120x85.jpg 120w, https:\/\/www.ffw-berg.de\/wordpress\/wp-content\/uploads\/2024\/04\/FW-Berg-ELM-Flyer-2025-768x544.jpg 768w, https:\/\/www.ffw-berg.de\/wordpress\/wp-content\/uploads\/2024\/04\/FW-Berg-ELM-Flyer-2025-1536x1088.jpg 1536w, https:\/\/www.ffw-berg.de\/wordpress\/wp-content\/uploads\/2024\/04\/FW-Berg-ELM-Flyer-2025.jpg 1826w\" sizes=\"auto, (max-width: 1080px) 100vw, 1080px\" \/><\/figure>\n<\/div>\n\n\n<div style=\"height:50px\" aria-hidden=\"true\" class=\"wp-block-spacer\"><\/div>\n\n\n\n<h3 class=\"wp-block-heading\">1) Teilnahmebedingungen<\/h3>\n\n\n\n<p>Eine Gruppe besteht aus 4 Feuerwehrdienstleistenden. Jede\/r aktive Feuerwehrangeh\u00f6rige \u00fcber 18 Jahre kann an diesem Wettbewerb teilnehmen, um Ausbildungsstand und Geschicklichkeit zu messen.<\/p>\n\n\n\n<p>Die Aufgaben pr\u00fcfen Grundwissen der Feuerwehrdienstleistenden gem\u00e4\u00df den Wettbewerbsvorgaben ab und k\u00f6nnen mit der Ausr\u00fcstung jeder Feuerwehr in Bayern ge\u00fcbt werden.<\/p>\n\n\n\n<p>Grundlage ist die Wettbewerbsverordnung f\u00fcr den Leistungsmarsch in Bayern (aktuelle Version 3.0 vom 01.01.2017 unter&nbsp;<strong><a href=\"https:\/\/www.leistungsmarsch.eu\/download\/richtlinien\/\" data-type=\"link\" data-id=\"https:\/\/www.leistungsmarsch.eu\/download\/richtlinien\/\" target=\"_blank\" rel=\"noreferrer noopener\">leistungsmarsch.eu<\/a><\/strong>).<\/p>\n\n\n\n<p>F\u00fcr die Teilnahme am Leistungsmarsch wird eine Startgeb\u00fchr pro Teilnehmer\/in erhoben. Diese beinhaltet ein warmes Essen und zwei Getr\u00e4nke, sowie ein Teilnehmerabzeichen zum Anstecken und eine Urkunde f\u00fcr die Gruppe.<\/p>\n\n\n\n<div style=\"height:40px\" aria-hidden=\"true\" class=\"wp-block-spacer\"><\/div>\n\n\n\n<h3 class=\"wp-block-heading\">2) Geplantes Programm: <\/h3>\n\n\n\n<ul class=\"wp-block-list has-medium-font-size\">\n<li><strong><mark style=\"background-color:rgba(0, 0, 0, 0)\" class=\"has-inline-color has-vivid-red-color\">UPDATE <\/mark>&#8211; Programm 31.05.25:<\/strong>\n<ul class=\"wp-block-list\">\n<li class=\"has-medium-font-size\">6:30-7:30 Uhr: Anreise der Wettkampfgruppen und Schiedsrichter<\/li>\n\n\n\n<li class=\"has-medium-font-size\">7:30 Uhr: Besprechung Wertungsrichter<\/li>\n\n\n\n<li class=\"has-medium-font-size\">8:00 Uhr: Aufstellung zum Einmarsch<\/li>\n\n\n\n<li class=\"has-medium-font-size\">8:15 Uhr: Begr\u00fc\u00dfung<\/li>\n\n\n\n<li class=\"has-medium-font-size\">8:45 Uhr: Beginn Erwachsenenleistungsmarsch<\/li>\n\n\n\n<li class=\"has-medium-font-size\">10:00 Uhr: Beginn Fachausstellung<\/li>\n\n\n\n<li class=\"has-medium-font-size\">16:30 Uhr: Siegerehrung<\/li>\n<\/ul>\n<\/li>\n<\/ul>\n\n\n\n<div style=\"height:40px\" aria-hidden=\"true\" class=\"wp-block-spacer\"><\/div>\n\n\n\n<h3 class=\"wp-block-heading\">3) Anmeldung &amp; Ausschreibung:<\/h3>\n\n\n\n<ul class=\"wp-block-list\">\n<li>Informationen unter <strong><a href=\"https:\/\/Leistungsmarsch.eu\" data-type=\"link\" data-id=\"https:\/\/Leistungsmarsch.eu\" target=\"_blank\" rel=\"noreferrer noopener\">Leistungsmarsch.eu<\/a> <\/strong><\/li>\n\n\n\n<li><strong><mark style=\"background-color:rgba(0, 0, 0, 0)\" class=\"has-inline-color has-vivid-red-color\">Anmeldefrist ist abgelaufen!<\/mark><\/strong><\/li>\n<\/ul>\n\n\n\n<div class=\"wp-block-buttons is-content-justification-center is-layout-flex wp-container-core-buttons-is-layout-16018d1d wp-block-buttons-is-layout-flex\">\n<div class=\"wp-block-button is-style-outline is-style-outline--1\"><a class=\"wp-block-button__link has-white-color has-vivid-red-background-color has-text-color has-background has-link-color wp-element-button\" href=\"https:\/\/www.ffw-berg.de\/wordpress\/wp-content\/uploads\/2024\/11\/Ausschreibung_Berg_2025.pdf\" style=\"border-radius:10px\" target=\"_blank\" rel=\"noreferrer noopener\"><strong>Download Ausschreibung 22. ELM 2025<\/strong><\/a><\/div>\n<\/div>\n\n\n\n<div style=\"height:40px\" aria-hidden=\"true\" class=\"wp-block-spacer\"><\/div>\n\n\n\n<h3 class=\"wp-block-heading\">4) Ansprechpartner:<\/h3>\n\n\n\n<ul class=\"wp-block-list\">\n<li><strong>Fachbereichsleiter Wettbewerbe Ofr: <\/strong>Gerold Schneiderbanger (<a href=\"mailto:fb11@bfv-oberfranken.eu\" target=\"_blank\" rel=\"noreferrer noopener nofollow\">fb11@bfv-oberfranken.eu<\/a>)<\/li>\n\n\n\n<li><strong>Kommandant Freiwillige Feuerwehr Berg:<\/strong> Maximilian Schaller (<a href=\"mailto:kommandant@ffw-berg.de\" target=\"_blank\" rel=\"noreferrer noopener nofollow\">kommandant@ffw-berg.de<\/a>)<\/li>\n<\/ul>\n\n\n\n<div class=\"wp-block-buttons is-content-justification-center is-layout-flex wp-container-core-buttons-is-layout-16018d1d wp-block-buttons-is-layout-flex\">\n<div class=\"wp-block-button is-style-outline is-style-outline--2\"><a class=\"wp-block-button__link has-white-color has-vivid-red-background-color has-text-color has-background has-link-color wp-element-button\" href=\"https:\/\/www.ffw-berg.de\/wordpress\/wp-content\/uploads\/2024\/04\/FW-Berg-22.ELM-2025-Flyer-A5.pdf\" style=\"border-radius:10px\" target=\"_blank\" rel=\"noreferrer noopener nofollow\"><strong>Download 22. ELM 2025 I<\/strong>nfo-<strong>Flyer <\/strong><\/a><\/div>\n<\/div>\n\n\n\n<div style=\"height:40px\" aria-hidden=\"true\" class=\"wp-block-spacer\"><\/div>\n\n\n<div class=\"wp-block-image\">\n<figure class=\"aligncenter size-large is-resized\"><img loading=\"lazy\" decoding=\"async\" width=\"1080\" height=\"308\" src=\"https:\/\/www.ffw-berg.de\/wordpress\/wp-content\/uploads\/2024\/04\/FW-Berg-Flyer-A_150_Banner-1080x308.jpg\" alt=\"\" class=\"wp-image-218341\" style=\"width:840px;height:auto\" srcset=\"https:\/\/www.ffw-berg.de\/wordpress\/wp-content\/uploads\/2024\/04\/FW-Berg-Flyer-A_150_Banner-1080x308.jpg 1080w, https:\/\/www.ffw-berg.de\/wordpress\/wp-content\/uploads\/2024\/04\/FW-Berg-Flyer-A_150_Banner-300x85.jpg 300w, https:\/\/www.ffw-berg.de\/wordpress\/wp-content\/uploads\/2024\/04\/FW-Berg-Flyer-A_150_Banner-120x34.jpg 120w, https:\/\/www.ffw-berg.de\/wordpress\/wp-content\/uploads\/2024\/04\/FW-Berg-Flyer-A_150_Banner-768x219.jpg 768w, https:\/\/www.ffw-berg.de\/wordpress\/wp-content\/uploads\/2024\/04\/FW-Berg-Flyer-A_150_Banner-1536x437.jpg 1536w, https:\/\/www.ffw-berg.de\/wordpress\/wp-content\/uploads\/2024\/04\/FW-Berg-Flyer-A_150_Banner.jpg 1826w\" sizes=\"auto, (max-width: 1080px) 100vw, 1080px\" \/><\/figure>\n<\/div>","protected":false},"excerpt":{"rendered":"<div class=\"mh-excerpt\">Unser 150-J\u00e4hriges Jubil\u00e4um wirft seine Schatten voraus und damit auch die Vorbereitungen f\u00fcr den 22. ELM 2025 mit uns als Ausrichter.<br \/>\nKontinuierliche Infos hier<\/div>\n<p> <a class=\"mh-excerpt-more\" href=\"https:\/\/www.ffw-berg.de\/wordpress\/150-jahre\/\" title=\"150 Jahre Freiw. Feuerwehr Berg\/Ofr.\">[  Mehr &gt;&gt; ]<\/a><\/p>\n","protected":false},"author":2,"featured_media":218340,"comment_status":"closed","ping_status":"open","sticky":false,"template":"template-full.php","format":"standard","meta":{"footnotes":""},"categories":[780,658],"tags":[106,297,506,941,1407,1459,1460,1461],"class_list":{"0":"post-218321","1":"post","2":"type-post","3":"status-publish","4":"format-standard","5":"has-post-thumbnail","7":"category-aktuelles","8":"category-elm","9":"tag-wettbewerbe","10":"tag-ff-bergofr","11":"tag-erwachsenenleistungsmarsch","12":"tag-elm","13":"tag-bezirk-oberfranken","14":"tag-150-jahre-ffw-berg","15":"tag-150j","16":"tag-elm2025"},"_links":{"self":[{"href":"https:\/\/www.ffw-berg.de\/wordpress\/wp-json\/wp\/v2\/posts\/218321","targetHints":{"allow":["GET"]}}],"collection":[{"href":"https:\/\/www.ffw-berg.de\/wordpress\/wp-json\/wp\/v2\/posts"}],"about":[{"href":"https:\/\/www.ffw-berg.de\/wordpress\/wp-json\/wp\/v2\/types\/post"}],"author":[{"embeddable":true,"href":"https:\/\/www.ffw-berg.de\/wordpress\/wp-json\/wp\/v2\/users\/2"}],"replies":[{"embeddable":true,"href":"https:\/\/www.ffw-berg.de\/wordpress\/wp-json\/wp\/v2\/comments?post=218321"}],"version-history":[{"count":0,"href":"https:\/\/www.ffw-berg.de\/wordpress\/wp-json\/wp\/v2\/posts\/218321\/revisions"}],"wp:featuredmedia":[{"embeddable":true,"href":"https:\/\/www.ffw-berg.de\/wordpress\/wp-json\/wp\/v2\/media\/218340"}],"wp:attachment":[{"href":"https:\/\/www.ffw-berg.de\/wordpress\/wp-json\/wp\/v2\/media?parent=218321"}],"wp:term":[{"taxonomy":"category","embeddable":true,"href":"https:\/\/www.ffw-berg.de\/wordpress\/wp-json\/wp\/v2\/categories?post=218321"},{"taxonomy":"post_tag","embeddable":true,"href":"https:\/\/www.ffw-berg.de\/wordpress\/wp-json\/wp\/v2\/tags?post=218321"}],"curies":[{"name":"wp","href":"https:\/\/api.w.org\/{rel}","templated":true}]}}