{"id":218388,"date":"2024-03-16T18:11:21","date_gmt":"2024-03-16T17:11:21","guid":{"rendered":"https:\/\/www.ffw-berg.de\/wordpress\/?p=218388"},"modified":"2025-03-02T21:21:44","modified_gmt":"2025-03-02T20:21:44","slug":"einsatz-vom-15-03-24-kaminbrand-2","status":"publish","type":"post","link":"https:\/\/www.ffw-berg.de\/wordpress\/einsatz-vom-15-03-24-kaminbrand-2\/","title":{"rendered":"Einsatz vom 16.03.24 &#8211; Kellerbrand, P in Gefahr"},"content":{"rendered":"\n<div class=\"wp-block-columns has-2-columns is-layout-flex wp-container-core-columns-is-layout-9d6595d7 wp-block-columns-is-layout-flex\">\n<div class=\"wp-block-column is-layout-flow wp-block-column-is-layout-flow\">\n<p class=\"has-text-color\" style=\"color:#800000\"><strong>Nr.<\/strong><\/p>\n\n\n\n<p class=\"has-text-color\" style=\"color:#800000\"><strong>Alarmzeit<\/strong><\/p>\n\n\n\n<p class=\"has-text-color\" style=\"color:#800000\"><strong>Einsatzdauer<\/strong><\/p>\n\n\n\n<p class=\"has-text-color\" style=\"color:#800000\"><strong>Einsatzort<\/strong><\/p>\n\n\n\n<p class=\"has-text-color\" style=\"color:#800000\"><strong>Einsatzart&nbsp;<\/strong><\/p>\n\n\n\n<p class=\"has-text-color\" style=\"color:#800000\"><strong>Eingesetzte Fahrzeuge&nbsp;<\/strong><\/p>\n\n\n\n<p class=\"has-text-color\" style=\"color:#800000\"><strong>Einsatzmittel<\/strong><\/p>\n<\/div>\n\n\n\n<div class=\"wp-block-column is-layout-flow wp-block-column-is-layout-flow\">\n<p>12<\/p>\n\n\n\n<p>16.35 Uhr<\/p>\n\n\n\n<p>1,57 Std.<\/p>\n\n\n\n<p>Untere Berggasse, Hirschberg<\/p>\n\n\n\n<p>B3 Person | Brand <\/p>\n\n\n\n<p>HLF 20, LF 8\/6, MTW<\/p>\n\n\n\n<p>WBK, PA, Be- und Entl\u00fcftungsger\u00e4t, Verkehrslenkungsger\u00e4t, Kommunikationsger\u00e4te,<\/p>\n<\/div>\n<\/div>\n\n\n\n<hr class=\"wp-block-separator has-css-opacity is-style-wide\"\/>\n\n\n\n<h4 class=\"wp-block-heading\">Einsatzbericht<\/h4>\n\n\n\n<p>\u00dcber\u00f6rtliche Anforderung durch die Leitstelle Gera zu einem gemeldeten Kellerbrand in Hirschberg.<\/p>\n\n\n\n<p>Im Erdgeschoss eines Wohnhauses kam es zu einem Brand in einem Heizungsraum. Die Feuerwehr Berg unterst\u00fctzte die Einsatzkr\u00e4fte vor Ort durch einen Trupp unter Atemschutz bei den Nachl\u00f6scharbeiten, und einen weiteren Sicherungstrupp. Im weiteren Einsatzverlauf kam der \u00dcberdruckl\u00fcfter von FL Berg 40\/1 zum Einsatz, um die betroffenen R\u00e4umlichkeiten zu bel\u00fcften.<\/p>\n\n\n\n<p>Weiter wurde die Elisenstra\u00dfe f\u00fcr die Einsatzdauer komplett gesperrt und eine Vorabsicherung gestellt.<\/p>\n","protected":false},"excerpt":{"rendered":"<div class=\"mh-excerpt\">Nr. 12 | Zeit: 16.35 Uhr | Untere Berggasse, Hirschberg | B<\/p>\n<p>Eingesetzte Fahrzeuge:<br \/>\nHLF20, LF 8\/6, MTW<\/p><\/div>\n<p> <a class=\"mh-excerpt-more\" href=\"https:\/\/www.ffw-berg.de\/wordpress\/einsatz-vom-15-03-24-kaminbrand-2\/\" title=\"Einsatz vom 16.03.24 &#8211; Kellerbrand, P in Gefahr\">[  Mehr &gt;&gt; ]<\/a><\/p>\n","protected":false},"author":2,"featured_media":212207,"comment_status":"closed","ping_status":"open","sticky":false,"template":"","format":"standard","meta":{"footnotes":""},"categories":[1380],"tags":[71,95,364,149,572,894,1462,1463],"class_list":{"0":"post-218388","1":"post","2":"type-post","3":"status-publish","4":"format-standard","5":"has-post-thumbnail","7":"category-einsaetze-2024","8":"tag-wbk","9":"tag-pa","10":"tag-mtw","11":"tag-lf-86","12":"tag-verkehrslenkungsgeraet","13":"tag-hlf20","14":"tag-komunikationsgeraet","15":"tag-belueftungsgeraet"},"_links":{"self":[{"href":"https:\/\/www.ffw-berg.de\/wordpress\/wp-json\/wp\/v2\/posts\/218388","targetHints":{"allow":["GET"]}}],"collection":[{"href":"https:\/\/www.ffw-berg.de\/wordpress\/wp-json\/wp\/v2\/posts"}],"about":[{"href":"https:\/\/www.ffw-berg.de\/wordpress\/wp-json\/wp\/v2\/types\/post"}],"author":[{"embeddable":true,"href":"https:\/\/www.ffw-berg.de\/wordpress\/wp-json\/wp\/v2\/users\/2"}],"replies":[{"embeddable":true,"href":"https:\/\/www.ffw-berg.de\/wordpress\/wp-json\/wp\/v2\/comments?post=218388"}],"version-history":[{"count":0,"href":"https:\/\/www.ffw-berg.de\/wordpress\/wp-json\/wp\/v2\/posts\/218388\/revisions"}],"wp:featuredmedia":[{"embeddable":true,"href":"https:\/\/www.ffw-berg.de\/wordpress\/wp-json\/wp\/v2\/media\/212207"}],"wp:attachment":[{"href":"https:\/\/www.ffw-berg.de\/wordpress\/wp-json\/wp\/v2\/media?parent=218388"}],"wp:term":[{"taxonomy":"category","embeddable":true,"href":"https:\/\/www.ffw-berg.de\/wordpress\/wp-json\/wp\/v2\/categories?post=218388"},{"taxonomy":"post_tag","embeddable":true,"href":"https:\/\/www.ffw-berg.de\/wordpress\/wp-json\/wp\/v2\/tags?post=218388"}],"curies":[{"name":"wp","href":"https:\/\/api.w.org\/{rel}","templated":true}]}}