{"id":218431,"date":"2024-04-29T08:51:00","date_gmt":"2024-04-29T06:51:00","guid":{"rendered":"https:\/\/www.ffw-berg.de\/wordpress\/?p=218431"},"modified":"2025-03-02T21:21:10","modified_gmt":"2025-03-02T20:21:10","slug":"einsatz-vom-29-04-24-thl-vu-mit-pkw","status":"publish","type":"post","link":"https:\/\/www.ffw-berg.de\/wordpress\/einsatz-vom-29-04-24-thl-vu-mit-pkw\/","title":{"rendered":"Einsatz vom 29.04.24 &#8211; THL &#8211; VU mit PKW"},"content":{"rendered":"\n<div class=\"wp-block-columns has-2-columns is-layout-flex wp-container-core-columns-is-layout-9d6595d7 wp-block-columns-is-layout-flex\">\n<div class=\"wp-block-column is-layout-flow wp-block-column-is-layout-flow\">\n<p class=\"has-text-color\" style=\"color:#800000\"><strong>Nr.<\/strong><\/p>\n\n\n\n<p class=\"has-text-color\" style=\"color:#800000\"><strong>Alarmzeit<\/strong><\/p>\n\n\n\n<p class=\"has-text-color\" style=\"color:#800000\"><strong>Einsatzdauer<\/strong><\/p>\n\n\n\n<p class=\"has-text-color\" style=\"color:#800000\"><strong>Einsatzort<\/strong><\/p>\n\n\n\n<p class=\"has-text-color\" style=\"color:#800000\"><strong>Einsatzart&nbsp;<\/strong><\/p>\n\n\n\n<p class=\"has-text-color\" style=\"color:#800000\"><strong>Eingesetzte Fahrzeuge&nbsp;<\/strong><\/p>\n\n\n\n<p class=\"has-text-color\" style=\"color:#800000\"><strong>Einsatzmittel<\/strong><\/p>\n<\/div>\n\n\n\n<div class=\"wp-block-column is-layout-flow wp-block-column-is-layout-flow\">\n<p>20<\/p>\n\n\n\n<p>08.51 Uhr<\/p>\n\n\n\n<p>0,63 Std.<\/p>\n\n\n\n<p>BAB A9 Fahrtrichtung Norden, AS Berg<\/p>\n\n\n\n<p>THL 1 | VU mit PKW, <\/p>\n\n\n\n<p>HLF20, LF8\/6, VSA<\/p>\n\n\n\n<p>Verkehrslenkungsger\u00e4t, Kommunikationsmittel, sonstiges Ger\u00e4t\/Material<\/p>\n<\/div>\n<\/div>\n\n\n\n<hr class=\"wp-block-separator has-css-opacity is-style-wide\"\/>\n\n\n\n<h4 class=\"wp-block-heading\">Einsatzbericht<\/h4>\n\n\n\n<p>Bei einem Ausweichmann\u00f6ver touchierte ein PKW-Fahrer die Au\u00dfenleitplanke und blieb besch\u00e4digt auf dem Beschleunigungsstreifen der AS Berg\/Bad Steben liegen. Bis zum Eintreffen der Streife der VPI Hof wurde die Einsatzstelle mittels VSA abgesichert. Nachdem am Unfall-PKW keine Betriebsstoffe ausgelaufen sind, waren keine weiteren Ma\u00dfnahmen seitens der Feuerwehr notwendig.<\/p>\n","protected":false},"excerpt":{"rendered":"<div class=\"mh-excerpt\">Nr. 20 | Zeit: 08.51 Uhr | BAB A9 Fahrtrichtung Norden | THL<\/p>\n<p>Eingesetzte Fahrzeuge:<br \/>\nHLF 20, LF8\/6, VSA<\/p><\/div>\n<p> <a class=\"mh-excerpt-more\" href=\"https:\/\/www.ffw-berg.de\/wordpress\/einsatz-vom-29-04-24-thl-vu-mit-pkw\/\" title=\"Einsatz vom 29.04.24 &#8211; THL &#8211; VU mit PKW\">[  Mehr &gt;&gt; ]<\/a><\/p>\n","protected":false},"author":2,"featured_media":212207,"comment_status":"closed","ping_status":"open","sticky":false,"template":"","format":"standard","meta":{"footnotes":""},"categories":[1380],"tags":[82,362,147,706,1063,1135],"class_list":{"0":"post-218431","1":"post","2":"type-post","3":"status-publish","4":"format-standard","5":"has-post-thumbnail","7":"category-einsaetze-2024","8":"tag-lf86","9":"tag-vsa","10":"tag-kommunikationsmittel","11":"tag-hlf-20","12":"tag-verkehrslenkungmittel","13":"tag-vu-pkw"},"_links":{"self":[{"href":"https:\/\/www.ffw-berg.de\/wordpress\/wp-json\/wp\/v2\/posts\/218431","targetHints":{"allow":["GET"]}}],"collection":[{"href":"https:\/\/www.ffw-berg.de\/wordpress\/wp-json\/wp\/v2\/posts"}],"about":[{"href":"https:\/\/www.ffw-berg.de\/wordpress\/wp-json\/wp\/v2\/types\/post"}],"author":[{"embeddable":true,"href":"https:\/\/www.ffw-berg.de\/wordpress\/wp-json\/wp\/v2\/users\/2"}],"replies":[{"embeddable":true,"href":"https:\/\/www.ffw-berg.de\/wordpress\/wp-json\/wp\/v2\/comments?post=218431"}],"version-history":[{"count":0,"href":"https:\/\/www.ffw-berg.de\/wordpress\/wp-json\/wp\/v2\/posts\/218431\/revisions"}],"wp:featuredmedia":[{"embeddable":true,"href":"https:\/\/www.ffw-berg.de\/wordpress\/wp-json\/wp\/v2\/media\/212207"}],"wp:attachment":[{"href":"https:\/\/www.ffw-berg.de\/wordpress\/wp-json\/wp\/v2\/media?parent=218431"}],"wp:term":[{"taxonomy":"category","embeddable":true,"href":"https:\/\/www.ffw-berg.de\/wordpress\/wp-json\/wp\/v2\/categories?post=218431"},{"taxonomy":"post_tag","embeddable":true,"href":"https:\/\/www.ffw-berg.de\/wordpress\/wp-json\/wp\/v2\/tags?post=218431"}],"curies":[{"name":"wp","href":"https:\/\/api.w.org\/{rel}","templated":true}]}}