{"id":218434,"date":"2024-05-12T13:09:00","date_gmt":"2024-05-12T11:09:00","guid":{"rendered":"https:\/\/www.ffw-berg.de\/wordpress\/?p=218434"},"modified":"2025-03-02T21:21:10","modified_gmt":"2025-03-02T20:21:10","slug":"einsatz-vom-12-05-24-thl-vu-mit-pkw","status":"publish","type":"post","link":"https:\/\/www.ffw-berg.de\/wordpress\/einsatz-vom-12-05-24-thl-vu-mit-pkw\/","title":{"rendered":"Einsatz vom 12.05.24 &#8211; THL &#8211; VU mit PKW"},"content":{"rendered":"\n<div class=\"wp-block-columns has-2-columns is-layout-flex wp-container-core-columns-is-layout-9d6595d7 wp-block-columns-is-layout-flex\">\n<div class=\"wp-block-column is-layout-flow wp-block-column-is-layout-flow\">\n<p class=\"has-text-color\" style=\"color:#800000\"><strong>Nr.<\/strong><\/p>\n\n\n\n<p class=\"has-text-color\" style=\"color:#800000\"><strong>Alarmzeit<\/strong><\/p>\n\n\n\n<p class=\"has-text-color\" style=\"color:#800000\"><strong>Einsatzdauer<\/strong><\/p>\n\n\n\n<p class=\"has-text-color\" style=\"color:#800000\"><strong>Einsatzort<\/strong><\/p>\n\n\n\n<p class=\"has-text-color\" style=\"color:#800000\"><strong>Einsatzart&nbsp;<\/strong><\/p>\n\n\n\n<p class=\"has-text-color\" style=\"color:#800000\"><strong>Eingesetzte Fahrzeuge&nbsp;<\/strong><\/p>\n\n\n\n<p class=\"has-text-color\" style=\"color:#800000\"><strong>Einsatzmittel<\/strong><\/p>\n<\/div>\n\n\n\n<div class=\"wp-block-column is-layout-flow wp-block-column-is-layout-flow\">\n<p>21<\/p>\n\n\n\n<p>13.09 Uhr<\/p>\n\n\n\n<p>2,33 Std.<\/p>\n\n\n\n<p>St2692 &#8211; AS Berg \/ Bad Steben<\/p>\n\n\n\n<p>THL 1 | VU mit PKW<\/p>\n\n\n\n<p>HLF20, LF8\/6, VSA<\/p>\n\n\n\n<p>Verkehrslenkungsger\u00e4t, Kommunikationsmittel, \u00d6lbindemittel, sonstiges Ger\u00e4t\/Material<\/p>\n<\/div>\n<\/div>\n\n\n\n<hr class=\"wp-block-separator has-css-opacity is-style-wide\"\/>\n\n\n\n<h4 class=\"wp-block-heading\">Einsatzbericht<\/h4>\n\n\n\n<p>VU mit 3 beteiligten PKW auf der St2692 im Kreuzungsbereich der AS Berg\/Bad Steben.<\/p>\n\n\n\n<p>Durch mehrere Feuerwehrsanit\u00e4ter wurde gemeinsam mit dem RD die Erstversorgung der Verletzten durchgef\u00fchrt. Durch FL Berg 40\/1 wurde der Brandschutz mittels Pulverl\u00f6scher und Schnellangriff sichergestellt, und auslaufende Betriebsstoffe mit Bindemittel abgebunden.<\/p>\n\n\n\n<p>Nachdem die Fahrbahn durch die Unfallfahrzeuge und Tr\u00fcmmerteile blockiert war, wurde die St2692 komplett gesperrt. Durch FL Berg 42\/1 mit VSA wurde der Verkehr auf die BAB in Fahrtrichtung M\u00fcnchen umgeleitet. F\u00fcr die Dauer der Unfallaufnahme und Bergung der Fahrzeuge blieb nach R\u00fccksprache mit der Polizei die Fahrbahn komplett gesperrt.<\/p>\n\n\n\n<h4 class=\"wp-block-heading has-text-align-center\">Einsatzfotos<\/h4>\n\n\n\n<figure class=\"wp-block-gallery aligncenter has-nested-images columns-default is-cropped wp-block-gallery-1 is-layout-flex wp-block-gallery-is-layout-flex\">\n<figure class=\"wp-block-image size-large\"><a href=\"https:\/\/www.ffw-berg.de\/wordpress\/wp-content\/uploads\/2024\/07\/2024_05_12_vu.jpg\"><img loading=\"lazy\" decoding=\"async\" width=\"1080\" height=\"608\" data-id=\"218488\" src=\"https:\/\/www.ffw-berg.de\/wordpress\/wp-content\/uploads\/2024\/07\/2024_05_12_vu-1080x608.jpg\" alt=\"\" class=\"wp-image-218488\" srcset=\"https:\/\/www.ffw-berg.de\/wordpress\/wp-content\/uploads\/2024\/07\/2024_05_12_vu-1080x608.jpg 1080w, https:\/\/www.ffw-berg.de\/wordpress\/wp-content\/uploads\/2024\/07\/2024_05_12_vu-300x169.jpg 300w, https:\/\/www.ffw-berg.de\/wordpress\/wp-content\/uploads\/2024\/07\/2024_05_12_vu-120x68.jpg 120w, https:\/\/www.ffw-berg.de\/wordpress\/wp-content\/uploads\/2024\/07\/2024_05_12_vu-768x432.jpg 768w, https:\/\/www.ffw-berg.de\/wordpress\/wp-content\/uploads\/2024\/07\/2024_05_12_vu-1536x865.jpg 1536w, https:\/\/www.ffw-berg.de\/wordpress\/wp-content\/uploads\/2024\/07\/2024_05_12_vu-678x381.jpg 678w, https:\/\/www.ffw-berg.de\/wordpress\/wp-content\/uploads\/2024\/07\/2024_05_12_vu.jpg 1652w\" sizes=\"auto, (max-width: 1080px) 100vw, 1080px\" \/><\/a><\/figure>\n\n\n\n<figure class=\"wp-block-image size-large\"><a href=\"https:\/\/www.ffw-berg.de\/wordpress\/wp-content\/uploads\/2024\/07\/2024_05_12_vu1.jpg\"><img loading=\"lazy\" decoding=\"async\" width=\"1080\" height=\"607\" data-id=\"218489\" src=\"https:\/\/www.ffw-berg.de\/wordpress\/wp-content\/uploads\/2024\/07\/2024_05_12_vu1-1080x607.jpg\" alt=\"\" class=\"wp-image-218489\" srcset=\"https:\/\/www.ffw-berg.de\/wordpress\/wp-content\/uploads\/2024\/07\/2024_05_12_vu1-1080x607.jpg 1080w, https:\/\/www.ffw-berg.de\/wordpress\/wp-content\/uploads\/2024\/07\/2024_05_12_vu1-300x169.jpg 300w, https:\/\/www.ffw-berg.de\/wordpress\/wp-content\/uploads\/2024\/07\/2024_05_12_vu1-120x67.jpg 120w, https:\/\/www.ffw-berg.de\/wordpress\/wp-content\/uploads\/2024\/07\/2024_05_12_vu1-768x432.jpg 768w, https:\/\/www.ffw-berg.de\/wordpress\/wp-content\/uploads\/2024\/07\/2024_05_12_vu1-1536x864.jpg 1536w, https:\/\/www.ffw-berg.de\/wordpress\/wp-content\/uploads\/2024\/07\/2024_05_12_vu1-678x381.jpg 678w, https:\/\/www.ffw-berg.de\/wordpress\/wp-content\/uploads\/2024\/07\/2024_05_12_vu1.jpg 1928w\" sizes=\"auto, (max-width: 1080px) 100vw, 1080px\" \/><\/a><\/figure>\n<\/figure>\n","protected":false},"excerpt":{"rendered":"<div class=\"mh-excerpt\">Nr. 21 | Zeit: 13.09 Uhr | AS A9 Berg und ST2692 | THL<\/p>\n<p>Eingesetzte Fahrzeuge:<br \/>\nHLF 20, LF8\/6, VSA<\/p><\/div>\n<p> <a class=\"mh-excerpt-more\" href=\"https:\/\/www.ffw-berg.de\/wordpress\/einsatz-vom-12-05-24-thl-vu-mit-pkw\/\" title=\"Einsatz vom 12.05.24 &#8211; THL &#8211; VU mit PKW\">[  Mehr &gt;&gt; ]<\/a><\/p>\n","protected":false},"author":2,"featured_media":218488,"comment_status":"closed","ping_status":"open","sticky":false,"template":"","format":"standard","meta":{"footnotes":""},"categories":[1380],"tags":[82,362,147,173,706,1063,1135,1246],"class_list":{"0":"post-218434","1":"post","2":"type-post","3":"status-publish","4":"format-standard","5":"has-post-thumbnail","7":"category-einsaetze-2024","8":"tag-lf86","9":"tag-vsa","10":"tag-kommunikationsmittel","11":"tag-oelspur","12":"tag-hlf-20","13":"tag-verkehrslenkungmittel","14":"tag-vu-pkw","15":"tag-rth"},"_links":{"self":[{"href":"https:\/\/www.ffw-berg.de\/wordpress\/wp-json\/wp\/v2\/posts\/218434","targetHints":{"allow":["GET"]}}],"collection":[{"href":"https:\/\/www.ffw-berg.de\/wordpress\/wp-json\/wp\/v2\/posts"}],"about":[{"href":"https:\/\/www.ffw-berg.de\/wordpress\/wp-json\/wp\/v2\/types\/post"}],"author":[{"embeddable":true,"href":"https:\/\/www.ffw-berg.de\/wordpress\/wp-json\/wp\/v2\/users\/2"}],"replies":[{"embeddable":true,"href":"https:\/\/www.ffw-berg.de\/wordpress\/wp-json\/wp\/v2\/comments?post=218434"}],"version-history":[{"count":0,"href":"https:\/\/www.ffw-berg.de\/wordpress\/wp-json\/wp\/v2\/posts\/218434\/revisions"}],"wp:featuredmedia":[{"embeddable":true,"href":"https:\/\/www.ffw-berg.de\/wordpress\/wp-json\/wp\/v2\/media\/218488"}],"wp:attachment":[{"href":"https:\/\/www.ffw-berg.de\/wordpress\/wp-json\/wp\/v2\/media?parent=218434"}],"wp:term":[{"taxonomy":"category","embeddable":true,"href":"https:\/\/www.ffw-berg.de\/wordpress\/wp-json\/wp\/v2\/categories?post=218434"},{"taxonomy":"post_tag","embeddable":true,"href":"https:\/\/www.ffw-berg.de\/wordpress\/wp-json\/wp\/v2\/tags?post=218434"}],"curies":[{"name":"wp","href":"https:\/\/api.w.org\/{rel}","templated":true}]}}