{"id":218440,"date":"2024-05-02T15:00:00","date_gmt":"2024-05-02T13:00:00","guid":{"rendered":"https:\/\/www.ffw-berg.de\/wordpress\/?p=218440"},"modified":"2024-10-14T21:16:22","modified_gmt":"2024-10-14T19:16:22","slug":"evakuierungsubung","status":"publish","type":"post","link":"https:\/\/www.ffw-berg.de\/wordpress\/evakuierungsubung\/","title":{"rendered":"Evakuierungs\u00fcbung Freie Montessori Schule"},"content":{"rendered":"\n<h2 class=\"wp-block-heading\">Feueralarm zu\u00a0Probezwecken<\/h2>\n\n\n\n<div class=\"wp-block-columns is-layout-flex wp-container-core-columns-is-layout-9d6595d7 wp-block-columns-is-layout-flex\">\n<div class=\"wp-block-column is-vertically-aligned-top is-layout-flow wp-block-column-is-layout-flow\">\n<p>Am 2. Mai\u00a0wurde\u00a0zu\u00a0Probezwecken\u00a0ein\u00a0Feueralarm an der Freien Montessori Schule Berg ausgel\u00f6st, zu\u00a0dem wir als Feuerwehr\u00a0wie im Ernstfall ausr\u00fcckten.<\/p>\n\n\n\n<p>Die Sch\u00fcler und Sch\u00fclerinnen konnten somit unter realen Bedingungen die Evakuierung durchf\u00fchren.<\/p>\n\n\n\n<p>Trotz allem Ernst kam der Spa\u00df nicht zu kurz und die\u00a0Primarstufe konnte anschlie\u00dfend unser HLF20 inspizieren.<\/p>\n<\/div>\n\n\n\n<div class=\"wp-block-column is-layout-flow wp-block-column-is-layout-flow\"><div class=\"wp-block-image\">\n<figure class=\"aligncenter size-large is-resized\"><img loading=\"lazy\" decoding=\"async\" width=\"576\" height=\"768\" src=\"https:\/\/www.ffw-berg.de\/wordpress\/wp-content\/uploads\/2024\/10\/IMG_0429-576x768.jpeg\" alt=\"\" class=\"wp-image-218594\" style=\"width:335px;height:auto\" srcset=\"https:\/\/www.ffw-berg.de\/wordpress\/wp-content\/uploads\/2024\/10\/IMG_0429-576x768.jpeg 576w, https:\/\/www.ffw-berg.de\/wordpress\/wp-content\/uploads\/2024\/10\/IMG_0429-188x250.jpeg 188w, https:\/\/www.ffw-berg.de\/wordpress\/wp-content\/uploads\/2024\/10\/IMG_0429-90x120.jpeg 90w, https:\/\/www.ffw-berg.de\/wordpress\/wp-content\/uploads\/2024\/10\/IMG_0429-768x1024.jpeg 768w, https:\/\/www.ffw-berg.de\/wordpress\/wp-content\/uploads\/2024\/10\/IMG_0429-1152x1536.jpeg 1152w, https:\/\/www.ffw-berg.de\/wordpress\/wp-content\/uploads\/2024\/10\/IMG_0429.jpeg 1536w\" sizes=\"auto, (max-width: 576px) 100vw, 576px\" \/><\/figure>\n<\/div><\/div>\n<\/div>\n\n\n\n<p><\/p>\n","protected":false},"excerpt":{"rendered":"<div class=\"mh-excerpt\">Feueralarm zu\u00a0Probezwecken Am 2. Mai\u00a0wurde\u00a0zu\u00a0Probezwecken\u00a0ein\u00a0Feueralarm an der Freien Montessori Schule Berg ausgel\u00f6st, zu\u00a0dem wir als Feuerwehr\u00a0wie im Ernstfall ausr\u00fcckten. Die Sch\u00fcler und Sch\u00fclerinnen konnten somit unter realen Bedingungen die Evakuierung <a class=\"mh-excerpt-more\" href=\"https:\/\/www.ffw-berg.de\/wordpress\/evakuierungsubung\/\" title=\"Evakuierungs\u00fcbung Freie Montessori Schule\">[  Mehr &gt;&gt; ]<\/a><\/div>\n","protected":false},"author":2,"featured_media":218594,"comment_status":"closed","ping_status":"open","sticky":false,"template":"","format":"standard","meta":{"footnotes":""},"categories":[747],"tags":[],"class_list":{"0":"post-218440","1":"post","2":"type-post","3":"status-publish","4":"format-standard","5":"has-post-thumbnail","7":"category-wir-ueber-uns-2"},"_links":{"self":[{"href":"https:\/\/www.ffw-berg.de\/wordpress\/wp-json\/wp\/v2\/posts\/218440","targetHints":{"allow":["GET"]}}],"collection":[{"href":"https:\/\/www.ffw-berg.de\/wordpress\/wp-json\/wp\/v2\/posts"}],"about":[{"href":"https:\/\/www.ffw-berg.de\/wordpress\/wp-json\/wp\/v2\/types\/post"}],"author":[{"embeddable":true,"href":"https:\/\/www.ffw-berg.de\/wordpress\/wp-json\/wp\/v2\/users\/2"}],"replies":[{"embeddable":true,"href":"https:\/\/www.ffw-berg.de\/wordpress\/wp-json\/wp\/v2\/comments?post=218440"}],"version-history":[{"count":0,"href":"https:\/\/www.ffw-berg.de\/wordpress\/wp-json\/wp\/v2\/posts\/218440\/revisions"}],"wp:featuredmedia":[{"embeddable":true,"href":"https:\/\/www.ffw-berg.de\/wordpress\/wp-json\/wp\/v2\/media\/218594"}],"wp:attachment":[{"href":"https:\/\/www.ffw-berg.de\/wordpress\/wp-json\/wp\/v2\/media?parent=218440"}],"wp:term":[{"taxonomy":"category","embeddable":true,"href":"https:\/\/www.ffw-berg.de\/wordpress\/wp-json\/wp\/v2\/categories?post=218440"},{"taxonomy":"post_tag","embeddable":true,"href":"https:\/\/www.ffw-berg.de\/wordpress\/wp-json\/wp\/v2\/tags?post=218440"}],"curies":[{"name":"wp","href":"https:\/\/api.w.org\/{rel}","templated":true}]}}