{"id":218446,"date":"2024-07-19T14:18:30","date_gmt":"2024-07-19T12:18:30","guid":{"rendered":"https:\/\/www.ffw-berg.de\/wordpress\/?p=218446"},"modified":"2026-02-24T12:30:00","modified_gmt":"2026-02-24T11:30:00","slug":"leistungspruefung-wasser-2024","status":"publish","type":"post","link":"https:\/\/www.ffw-berg.de\/wordpress\/leistungspruefung-wasser-2024\/","title":{"rendered":"Leistungspr\u00fcfung Wasser 2024"},"content":{"rendered":"\n<h2 class=\"wp-block-heading\">22 Kameraden*innen legten erfolgreich ihre Leistungsstufen ab<\/h2>\n\n\n\n<p>Dieses Jahr legten wieder 22 Kameraden und Kameradinnen die Leistungspr\u00fcfung \u201eDie Gruppe im L\u00f6scheinsatz\u201c bei der Feuerwehr Berg ab. Die Teilnehmer, aufgeteilt in drei Gruppen, konnten somit wieder ihr Wissen und K\u00f6nnen bei den einzelnen Aufgaben unter Beweis stellen. Zu Beginn mussten die Trupps entsprechend Knoten und Stiche ablegen bevor je nach Stufe die Schiedsrichter KBI Rolf Hornfischer, KBM Hans M\u00fcnzer und Susanne M\u00fcnzer die Zusatzaufgaben abpr\u00fcften, welche z.B auf die Kenntnisse in Ger\u00e4tekunde und Erste Hilfe abzielten. <\/p>\n\n\n\n<figure class=\"wp-block-gallery has-nested-images columns-default is-cropped wp-block-gallery-1 is-layout-flex wp-block-gallery-is-layout-flex\">\n<figure class=\"wp-block-image size-large\"><img loading=\"lazy\" decoding=\"async\" width=\"1080\" height=\"607\" data-id=\"218477\" src=\"https:\/\/www.ffw-berg.de\/wordpress\/wp-content\/uploads\/2024\/07\/lp_wasser2024_0-1080x607.jpeg\" alt=\"\" class=\"wp-image-218477\" srcset=\"https:\/\/www.ffw-berg.de\/wordpress\/wp-content\/uploads\/2024\/07\/lp_wasser2024_0-1080x607.jpeg 1080w, https:\/\/www.ffw-berg.de\/wordpress\/wp-content\/uploads\/2024\/07\/lp_wasser2024_0-300x169.jpeg 300w, https:\/\/www.ffw-berg.de\/wordpress\/wp-content\/uploads\/2024\/07\/lp_wasser2024_0-120x67.jpeg 120w, https:\/\/www.ffw-berg.de\/wordpress\/wp-content\/uploads\/2024\/07\/lp_wasser2024_0-768x432.jpeg 768w, https:\/\/www.ffw-berg.de\/wordpress\/wp-content\/uploads\/2024\/07\/lp_wasser2024_0-678x381.jpeg 678w, https:\/\/www.ffw-berg.de\/wordpress\/wp-content\/uploads\/2024\/07\/lp_wasser2024_0.jpeg 1364w\" sizes=\"auto, (max-width: 1080px) 100vw, 1080px\" \/><\/figure>\n\n\n\n<figure class=\"wp-block-image size-large\"><img loading=\"lazy\" decoding=\"async\" width=\"1068\" height=\"601\" data-id=\"218478\" src=\"https:\/\/www.ffw-berg.de\/wordpress\/wp-content\/uploads\/2024\/07\/lp_wasser2024_1.jpeg\" alt=\"\" class=\"wp-image-218478\" srcset=\"https:\/\/www.ffw-berg.de\/wordpress\/wp-content\/uploads\/2024\/07\/lp_wasser2024_1.jpeg 1068w, https:\/\/www.ffw-berg.de\/wordpress\/wp-content\/uploads\/2024\/07\/lp_wasser2024_1-300x169.jpeg 300w, https:\/\/www.ffw-berg.de\/wordpress\/wp-content\/uploads\/2024\/07\/lp_wasser2024_1-120x68.jpeg 120w, https:\/\/www.ffw-berg.de\/wordpress\/wp-content\/uploads\/2024\/07\/lp_wasser2024_1-768x432.jpeg 768w, https:\/\/www.ffw-berg.de\/wordpress\/wp-content\/uploads\/2024\/07\/lp_wasser2024_1-678x381.jpeg 678w\" sizes=\"auto, (max-width: 1068px) 100vw, 1068px\" \/><\/figure>\n<\/figure>\n\n\n\n<div style=\"height:35px\" aria-hidden=\"true\" class=\"wp-block-spacer\"><\/div>\n\n\n\n<p>Das Highlight eines jeden Durchgangs bildete der einwandfreie Aufbau eines L\u00f6schangriffs mit Bereitstellung innerhalb von max. 190 Sekunden sowie das Kuppeln einer Saugleitung mit 4 Saugschl\u00e4uchen. Mit Erfolg legten somit alle Kameraden und Kameradinnen ihre Leistungspr\u00fcfung ab. <\/p>\n\n\n\n<div style=\"height:35px\" aria-hidden=\"true\" class=\"wp-block-spacer\"><\/div>\n\n\n\n<figure class=\"wp-block-gallery has-nested-images columns-default is-cropped wp-block-gallery-2 is-layout-flex wp-block-gallery-is-layout-flex\">\n<figure class=\"wp-block-image size-large\"><a href=\"https:\/\/www.ffw-berg.de\/wordpress\/wp-content\/uploads\/2024\/07\/lp_wasser2024_2.jpeg\"><img loading=\"lazy\" decoding=\"async\" width=\"1080\" height=\"608\" data-id=\"218479\" src=\"https:\/\/www.ffw-berg.de\/wordpress\/wp-content\/uploads\/2024\/07\/lp_wasser2024_2-1080x608.jpeg\" alt=\"\" class=\"wp-image-218479\" srcset=\"https:\/\/www.ffw-berg.de\/wordpress\/wp-content\/uploads\/2024\/07\/lp_wasser2024_2-1080x608.jpeg 1080w, https:\/\/www.ffw-berg.de\/wordpress\/wp-content\/uploads\/2024\/07\/lp_wasser2024_2-300x169.jpeg 300w, https:\/\/www.ffw-berg.de\/wordpress\/wp-content\/uploads\/2024\/07\/lp_wasser2024_2-120x68.jpeg 120w, https:\/\/www.ffw-berg.de\/wordpress\/wp-content\/uploads\/2024\/07\/lp_wasser2024_2-768x432.jpeg 768w, https:\/\/www.ffw-berg.de\/wordpress\/wp-content\/uploads\/2024\/07\/lp_wasser2024_2-678x381.jpeg 678w, https:\/\/www.ffw-berg.de\/wordpress\/wp-content\/uploads\/2024\/07\/lp_wasser2024_2.jpeg 1318w\" sizes=\"auto, (max-width: 1080px) 100vw, 1080px\" \/><\/a><\/figure>\n\n\n\n<figure class=\"wp-block-image size-large\"><a href=\"https:\/\/www.ffw-berg.de\/wordpress\/wp-content\/uploads\/2024\/07\/lp_wasser2024_3.jpeg\"><img loading=\"lazy\" decoding=\"async\" width=\"1075\" height=\"605\" data-id=\"218480\" src=\"https:\/\/www.ffw-berg.de\/wordpress\/wp-content\/uploads\/2024\/07\/lp_wasser2024_3.jpeg\" alt=\"\" class=\"wp-image-218480\" srcset=\"https:\/\/www.ffw-berg.de\/wordpress\/wp-content\/uploads\/2024\/07\/lp_wasser2024_3.jpeg 1075w, https:\/\/www.ffw-berg.de\/wordpress\/wp-content\/uploads\/2024\/07\/lp_wasser2024_3-300x169.jpeg 300w, https:\/\/www.ffw-berg.de\/wordpress\/wp-content\/uploads\/2024\/07\/lp_wasser2024_3-120x68.jpeg 120w, https:\/\/www.ffw-berg.de\/wordpress\/wp-content\/uploads\/2024\/07\/lp_wasser2024_3-768x432.jpeg 768w, https:\/\/www.ffw-berg.de\/wordpress\/wp-content\/uploads\/2024\/07\/lp_wasser2024_3-678x381.jpeg 678w\" sizes=\"auto, (max-width: 1075px) 100vw, 1075px\" \/><\/a><\/figure>\n\n\n\n<figure class=\"wp-block-image size-large\"><a href=\"https:\/\/www.ffw-berg.de\/wordpress\/wp-content\/uploads\/2024\/07\/lp_wasser2024_4.jpeg\"><img loading=\"lazy\" decoding=\"async\" width=\"1075\" height=\"605\" data-id=\"218481\" src=\"https:\/\/www.ffw-berg.de\/wordpress\/wp-content\/uploads\/2024\/07\/lp_wasser2024_4.jpeg\" alt=\"\" class=\"wp-image-218481\" srcset=\"https:\/\/www.ffw-berg.de\/wordpress\/wp-content\/uploads\/2024\/07\/lp_wasser2024_4.jpeg 1075w, https:\/\/www.ffw-berg.de\/wordpress\/wp-content\/uploads\/2024\/07\/lp_wasser2024_4-300x169.jpeg 300w, https:\/\/www.ffw-berg.de\/wordpress\/wp-content\/uploads\/2024\/07\/lp_wasser2024_4-120x68.jpeg 120w, https:\/\/www.ffw-berg.de\/wordpress\/wp-content\/uploads\/2024\/07\/lp_wasser2024_4-768x432.jpeg 768w, https:\/\/www.ffw-berg.de\/wordpress\/wp-content\/uploads\/2024\/07\/lp_wasser2024_4-678x381.jpeg 678w\" sizes=\"auto, (max-width: 1075px) 100vw, 1075px\" \/><\/a><\/figure>\n\n\n\n<figure class=\"wp-block-image size-large\"><a href=\"https:\/\/www.ffw-berg.de\/wordpress\/wp-content\/uploads\/2024\/07\/lp_wasser2024_5.jpeg\"><img loading=\"lazy\" decoding=\"async\" width=\"1080\" height=\"607\" data-id=\"218482\" src=\"https:\/\/www.ffw-berg.de\/wordpress\/wp-content\/uploads\/2024\/07\/lp_wasser2024_5-1080x607.jpeg\" alt=\"\" class=\"wp-image-218482\" srcset=\"https:\/\/www.ffw-berg.de\/wordpress\/wp-content\/uploads\/2024\/07\/lp_wasser2024_5-1080x607.jpeg 1080w, https:\/\/www.ffw-berg.de\/wordpress\/wp-content\/uploads\/2024\/07\/lp_wasser2024_5-300x169.jpeg 300w, https:\/\/www.ffw-berg.de\/wordpress\/wp-content\/uploads\/2024\/07\/lp_wasser2024_5-120x67.jpeg 120w, https:\/\/www.ffw-berg.de\/wordpress\/wp-content\/uploads\/2024\/07\/lp_wasser2024_5-768x432.jpeg 768w, https:\/\/www.ffw-berg.de\/wordpress\/wp-content\/uploads\/2024\/07\/lp_wasser2024_5-678x381.jpeg 678w, https:\/\/www.ffw-berg.de\/wordpress\/wp-content\/uploads\/2024\/07\/lp_wasser2024_5.jpeg 1334w\" sizes=\"auto, (max-width: 1080px) 100vw, 1080px\" \/><\/a><\/figure>\n\n\n\n<figure class=\"wp-block-image size-large\"><a href=\"https:\/\/www.ffw-berg.de\/wordpress\/wp-content\/uploads\/2024\/07\/lp_wasser2024_7.jpeg\"><img loading=\"lazy\" decoding=\"async\" width=\"1080\" height=\"607\" data-id=\"218484\" src=\"https:\/\/www.ffw-berg.de\/wordpress\/wp-content\/uploads\/2024\/07\/lp_wasser2024_7-1080x607.jpeg\" alt=\"\" class=\"wp-image-218484\" srcset=\"https:\/\/www.ffw-berg.de\/wordpress\/wp-content\/uploads\/2024\/07\/lp_wasser2024_7-1080x607.jpeg 1080w, https:\/\/www.ffw-berg.de\/wordpress\/wp-content\/uploads\/2024\/07\/lp_wasser2024_7-300x169.jpeg 300w, https:\/\/www.ffw-berg.de\/wordpress\/wp-content\/uploads\/2024\/07\/lp_wasser2024_7-120x67.jpeg 120w, https:\/\/www.ffw-berg.de\/wordpress\/wp-content\/uploads\/2024\/07\/lp_wasser2024_7-768x432.jpeg 768w, https:\/\/www.ffw-berg.de\/wordpress\/wp-content\/uploads\/2024\/07\/lp_wasser2024_7-678x381.jpeg 678w, https:\/\/www.ffw-berg.de\/wordpress\/wp-content\/uploads\/2024\/07\/lp_wasser2024_7.jpeg 1434w\" sizes=\"auto, (max-width: 1080px) 100vw, 1080px\" \/><\/a><\/figure>\n\n\n\n<figure class=\"wp-block-image size-large\"><a href=\"https:\/\/www.ffw-berg.de\/wordpress\/wp-content\/uploads\/2024\/07\/lp_wasser2024_8.jpeg\"><img loading=\"lazy\" decoding=\"async\" width=\"1072\" height=\"603\" data-id=\"218485\" src=\"https:\/\/www.ffw-berg.de\/wordpress\/wp-content\/uploads\/2024\/07\/lp_wasser2024_8.jpeg\" alt=\"\" class=\"wp-image-218485\" srcset=\"https:\/\/www.ffw-berg.de\/wordpress\/wp-content\/uploads\/2024\/07\/lp_wasser2024_8.jpeg 1072w, https:\/\/www.ffw-berg.de\/wordpress\/wp-content\/uploads\/2024\/07\/lp_wasser2024_8-300x169.jpeg 300w, https:\/\/www.ffw-berg.de\/wordpress\/wp-content\/uploads\/2024\/07\/lp_wasser2024_8-120x68.jpeg 120w, https:\/\/www.ffw-berg.de\/wordpress\/wp-content\/uploads\/2024\/07\/lp_wasser2024_8-768x432.jpeg 768w, https:\/\/www.ffw-berg.de\/wordpress\/wp-content\/uploads\/2024\/07\/lp_wasser2024_8-678x381.jpeg 678w\" sizes=\"auto, (max-width: 1072px) 100vw, 1072px\" \/><\/a><\/figure>\n<\/figure>\n\n\n\n<div style=\"height:35px\" aria-hidden=\"true\" class=\"wp-block-spacer\"><\/div>\n\n\n\n<p>Nachdem die Schutzkleidung gegen Uniform gewechselt wurde, nahmen alle Teilnehmer ihr Abzeichen und die Gl\u00fcckw\u00fcnsche von den Schiedsrichtern, KBR Marco Kolbinger, Erster B\u00fcrgermeisterin Patricia Rubner und Kommandant Maximilian Schaller sowie dessen Stellvertreter Gunther Schaller entgegen.<\/p>\n\n\n\n<p>In den Gru\u00dfworten wurde besonders das Engagement und die Bereitschaft gew\u00fcrdigt, welches von allen Teilnehmern in den letzten Wochen zur Vorbereitung geleistet wurde. Besonders erfreuten sich alle \u00fcber die Teilnahme der L\u00f6schgruppe Hadermannsgr\u00fcn und einigen Kameraden der Ortswehren Schnarchenreuth und Tiefengr\u00fcn. <\/p>\n\n\n\n<div style=\"height:35px\" aria-hidden=\"true\" class=\"wp-block-spacer\"><\/div>\n\n\n\n<figure class=\"wp-block-image size-large\"><img loading=\"lazy\" decoding=\"async\" width=\"1080\" height=\"608\" src=\"https:\/\/www.ffw-berg.de\/wordpress\/wp-content\/uploads\/2024\/07\/lp_wasser2024_9-1080x608.jpeg\" alt=\"\" class=\"wp-image-218487\" srcset=\"https:\/\/www.ffw-berg.de\/wordpress\/wp-content\/uploads\/2024\/07\/lp_wasser2024_9-1080x608.jpeg 1080w, https:\/\/www.ffw-berg.de\/wordpress\/wp-content\/uploads\/2024\/07\/lp_wasser2024_9-300x169.jpeg 300w, https:\/\/www.ffw-berg.de\/wordpress\/wp-content\/uploads\/2024\/07\/lp_wasser2024_9-120x68.jpeg 120w, https:\/\/www.ffw-berg.de\/wordpress\/wp-content\/uploads\/2024\/07\/lp_wasser2024_9-768x432.jpeg 768w, https:\/\/www.ffw-berg.de\/wordpress\/wp-content\/uploads\/2024\/07\/lp_wasser2024_9-1536x864.jpeg 1536w, https:\/\/www.ffw-berg.de\/wordpress\/wp-content\/uploads\/2024\/07\/lp_wasser2024_9-2048x1153.jpeg 2048w, https:\/\/www.ffw-berg.de\/wordpress\/wp-content\/uploads\/2024\/07\/lp_wasser2024_9-678x381.jpeg 678w\" sizes=\"auto, (max-width: 1080px) 100vw, 1080px\" \/><\/figure>\n\n\n\n<div style=\"height:35px\" aria-hidden=\"true\" class=\"wp-block-spacer\"><\/div>\n\n\n\n<p>Anschlie\u00dfend hatten sich alle Teilnehmer ihr Sch\u00e4ufele bzw. Schnitzel redlich verdient und lie\u00dfen den Abend gem\u00fctlich im Floriansst\u00fcberl des Feuerwehrger\u00e4tehaus in Berg ausklingen.<\/p>\n\n\n\n<h3 class=\"wp-block-heading\">Erreichte und bestandene Stufen:<\/h3>\n\n\n\n<ul class=\"wp-block-list has-pale-cyan-blue-background-color has-background\">\n<li><strong>Stufe 1 <\/strong>(Bronze): Walther Sp\u00f6rl, Moritz Tho\u00df, \u00a0Sascha Fickenscher, Peter Gruner<\/li>\n\n\n\n<li><strong>Stufe 2<\/strong> (Silber): Kevin Fickenscher, Jan Vogel<\/li>\n\n\n\n<li><strong>Stufe 3 <\/strong>(Gold): Emma Eibisch, Isabell M\u00fcller, Bianca Resch, Niklas Wolfrum, Elisa Korn<\/li>\n\n\n\n<li><strong>Stufe 4<\/strong> (Gold-Blau): Fabian Korn, Marcel Resch, Linda Eibisch, Max Wolfrum, Nicolas Fichna, Stefanie Dick, Hannes Drechsel, Cosima Rubner, Pia Thom\u00e4<\/li>\n\n\n\n<li><strong>Stufe 5 <\/strong>(Gold-Gr\u00fcn): Felix Korn, Paul R\u00f6del<\/li>\n<\/ul>\n","protected":false},"excerpt":{"rendered":"<div class=\"mh-excerpt\">Dieses Jahr legten wieder 22 Kameraden und Kameradinnen die Leistungspr\u00fcfung \u201eDie Gruppe im L\u00f6scheinsatz\u201c bei der Feuerwehr Berg ab. Die Teilnehmer, aufgeteilt in drei Gruppen, konnten somit wieder ihr Wissen und K\u00f6nnen bei den einzelnen Aufgaben unter Beweis stellen.<\/div>\n<p> <a class=\"mh-excerpt-more\" href=\"https:\/\/www.ffw-berg.de\/wordpress\/leistungspruefung-wasser-2024\/\" title=\"Leistungspr\u00fcfung Wasser 2024\">[  Mehr &gt;&gt; ]<\/a><\/p>\n","protected":false},"author":2,"featured_media":218480,"comment_status":"open","ping_status":"open","sticky":false,"template":"","format":"standard","meta":{"footnotes":""},"categories":[46,749],"tags":[297,844,1211,1265,1329,1370,1469,1470,1471,1472],"class_list":{"0":"post-218446","1":"post","2":"type-post","3":"status-publish","4":"format-standard","5":"has-post-thumbnail","7":"category-wir-ueber-uns","8":"category-leistungspruefung","9":"tag-ff-bergofr","10":"tag-ff-tiefengruen","11":"tag-lg-hadermannsgruen","12":"tag-ff-schnarchenreuth","13":"tag-lp-wasser","14":"tag-gruppe-im-loescheinsatz","15":"tag-leistungspruefung-wasser-2024","16":"tag-lpw24","17":"tag-stiche-und-knoten","18":"tag-saugleitung-kuppeln"},"_links":{"self":[{"href":"https:\/\/www.ffw-berg.de\/wordpress\/wp-json\/wp\/v2\/posts\/218446","targetHints":{"allow":["GET"]}}],"collection":[{"href":"https:\/\/www.ffw-berg.de\/wordpress\/wp-json\/wp\/v2\/posts"}],"about":[{"href":"https:\/\/www.ffw-berg.de\/wordpress\/wp-json\/wp\/v2\/types\/post"}],"author":[{"embeddable":true,"href":"https:\/\/www.ffw-berg.de\/wordpress\/wp-json\/wp\/v2\/users\/2"}],"replies":[{"embeddable":true,"href":"https:\/\/www.ffw-berg.de\/wordpress\/wp-json\/wp\/v2\/comments?post=218446"}],"version-history":[{"count":0,"href":"https:\/\/www.ffw-berg.de\/wordpress\/wp-json\/wp\/v2\/posts\/218446\/revisions"}],"wp:featuredmedia":[{"embeddable":true,"href":"https:\/\/www.ffw-berg.de\/wordpress\/wp-json\/wp\/v2\/media\/218480"}],"wp:attachment":[{"href":"https:\/\/www.ffw-berg.de\/wordpress\/wp-json\/wp\/v2\/media?parent=218446"}],"wp:term":[{"taxonomy":"category","embeddable":true,"href":"https:\/\/www.ffw-berg.de\/wordpress\/wp-json\/wp\/v2\/categories?post=218446"},{"taxonomy":"post_tag","embeddable":true,"href":"https:\/\/www.ffw-berg.de\/wordpress\/wp-json\/wp\/v2\/tags?post=218446"}],"curies":[{"name":"wp","href":"https:\/\/api.w.org\/{rel}","templated":true}]}}