{"id":218514,"date":"2024-06-09T08:26:00","date_gmt":"2024-06-09T06:26:00","guid":{"rendered":"https:\/\/www.ffw-berg.de\/wordpress\/?p=218514"},"modified":"2025-03-02T21:21:10","modified_gmt":"2025-03-02T20:21:10","slug":"einsatz-vom-09-06-24-brand-pkw","status":"publish","type":"post","link":"https:\/\/www.ffw-berg.de\/wordpress\/einsatz-vom-09-06-24-brand-pkw\/","title":{"rendered":"Einsatz vom 09.06.24 &#8211; Brand PKW"},"content":{"rendered":"\n<div class=\"wp-block-columns has-2-columns is-layout-flex wp-container-core-columns-is-layout-9d6595d7 wp-block-columns-is-layout-flex\">\n<div class=\"wp-block-column is-layout-flow wp-block-column-is-layout-flow\">\n<p class=\"has-text-color\" style=\"color:#800000\"><strong>Nr.<\/strong><\/p>\n\n\n\n<p class=\"has-text-color\" style=\"color:#800000\"><strong>Alarmzeit<\/strong><\/p>\n\n\n\n<p class=\"has-text-color\" style=\"color:#800000\"><strong>Einsatzdauer<\/strong><\/p>\n\n\n\n<p class=\"has-text-color\" style=\"color:#800000\"><strong>Einsatzort<\/strong><\/p>\n\n\n\n<p class=\"has-text-color\" style=\"color:#800000\"><strong>Einsatzart&nbsp;<\/strong><\/p>\n\n\n\n<p class=\"has-text-color\" style=\"color:#800000\"><strong>Eingesetzte Fahrzeuge&nbsp;<\/strong><\/p>\n\n\n\n<p class=\"has-text-color\" style=\"color:#800000\"><strong>Einsatzmittel<\/strong><\/p>\n<\/div>\n\n\n\n<div class=\"wp-block-column is-layout-flow wp-block-column-is-layout-flow\">\n<p>23<\/p>\n\n\n\n<p>08.26 Uhr<\/p>\n\n\n\n<p>3,03 Std.<\/p>\n\n\n\n<p>Rastanlage Frankenwald Ost, Rudolphstein<\/p>\n\n\n\n<p>B2 | Brand PKW<\/p>\n\n\n\n<p>HLF20, LF 8\/6, MTW, VSA<\/p>\n\n\n\n<p>Feuerl\u00f6scher, PA, WBK, Kommunikationsger\u00e4t, Fahrzeugl\u00f6schwasserbeh\u00e4lter (2000 ltr.), sonstiges Ger\u00e4t\/Material<\/p>\n<\/div>\n<\/div>\n\n\n\n<hr class=\"wp-block-separator has-css-opacity is-style-wide\"\/>\n\n\n\n<h4 class=\"wp-block-heading\">Einsatzbericht<\/h4>\n\n\n\n<p>Brand PKW im Tankstellenbereich der Rastst\u00e4tte Frankenwald Ost.<\/p>\n\n\n\n<p>Vor Ort konnten die Einsatzkr\u00e4fte einen Brand im Motorraum eines PKWs vorfinden, mittels Schnellangriff von FL Berg 40\/1 wurde umgehend durch einen Trupp unter Atemschutz die Brandbek\u00e4mpfung eingeleitet. Aufgrund der erschwerten Zug\u00e4nglichkeit zum Brandherd wurde zus\u00e4tzlich ein Spr\u00fchrohr unter dem Fahrzeug platziert, um von dort aus den Brand effektiver bek\u00e4mpfen zu k\u00f6nnen. Nachdem auch dadurch keine direkte Brandbek\u00e4mpfung m\u00f6glich war, erfolgte die Anforderung eines Abschleppfahrzeuges mit Kran, um das Fahrzeug anheben zu k\u00f6nnen.<\/p>\n\n\n\n<p>Im weiteren Einsatzverlauf erfolgte die Demontage des Unterbodenschutzes und diverser Hitzeschutzbleche damit nach \u00fcber zwei Stunden der Brand vollst\u00e4ndig gel\u00f6scht werden konnte.<\/p>\n\n\n\n<h4 class=\"wp-block-heading has-text-align-center\">Einsatzfotos<\/h4>\n\n\n\n<figure class=\"wp-block-gallery has-nested-images columns-default is-cropped wp-block-gallery-1 is-layout-flex wp-block-gallery-is-layout-flex\">\n<figure class=\"wp-block-image size-large\"><a href=\"https:\/\/www.ffw-berg.de\/wordpress\/wp-content\/uploads\/2024\/08\/2024_06_09_b0.jpg\"><img loading=\"lazy\" decoding=\"async\" width=\"1080\" height=\"607\" data-id=\"218551\" src=\"https:\/\/www.ffw-berg.de\/wordpress\/wp-content\/uploads\/2024\/08\/2024_06_09_b0-1080x607.jpg\" alt=\"\" class=\"wp-image-218551\"\/><\/a><\/figure>\n\n\n\n<figure class=\"wp-block-image size-large\"><a href=\"https:\/\/www.ffw-berg.de\/wordpress\/wp-content\/uploads\/2024\/08\/2024_06_09_b1.jpg\"><img loading=\"lazy\" decoding=\"async\" width=\"1080\" height=\"607\" data-id=\"218552\" src=\"https:\/\/www.ffw-berg.de\/wordpress\/wp-content\/uploads\/2024\/08\/2024_06_09_b1-1080x607.jpg\" alt=\"\" class=\"wp-image-218552\" srcset=\"https:\/\/www.ffw-berg.de\/wordpress\/wp-content\/uploads\/2024\/08\/2024_06_09_b1-1080x607.jpg 1080w, https:\/\/www.ffw-berg.de\/wordpress\/wp-content\/uploads\/2024\/08\/2024_06_09_b1-300x169.jpg 300w, https:\/\/www.ffw-berg.de\/wordpress\/wp-content\/uploads\/2024\/08\/2024_06_09_b1-120x67.jpg 120w, https:\/\/www.ffw-berg.de\/wordpress\/wp-content\/uploads\/2024\/08\/2024_06_09_b1-768x432.jpg 768w, https:\/\/www.ffw-berg.de\/wordpress\/wp-content\/uploads\/2024\/08\/2024_06_09_b1-678x381.jpg 678w, https:\/\/www.ffw-berg.de\/wordpress\/wp-content\/uploads\/2024\/08\/2024_06_09_b1.jpg 1434w\" sizes=\"auto, (max-width: 1080px) 100vw, 1080px\" \/><\/a><\/figure>\n<\/figure>\n","protected":false},"excerpt":{"rendered":"<div class=\"mh-excerpt\">Nr. 23 | Zeit: 08.26 Uhr |  Tankstellenbereich der Rastst\u00e4tte Frankenwald Ost | B<\/p>\n<p>Eingesetzte Fahrzeuge:<br \/>\nHLF 20, LF 8\/6, MTW, VSA<\/p><\/div>\n<p> <a class=\"mh-excerpt-more\" href=\"https:\/\/www.ffw-berg.de\/wordpress\/einsatz-vom-09-06-24-brand-pkw\/\" title=\"Einsatz vom 09.06.24 &#8211; Brand PKW\">[  Mehr &gt;&gt; ]<\/a><\/p>\n","protected":false},"author":2,"featured_media":218551,"comment_status":"closed","ping_status":"open","sticky":false,"template":"","format":"standard","meta":{"footnotes":""},"categories":[1380],"tags":[71,82,362,86,95,364,147,313,894,1063],"class_list":{"0":"post-218514","1":"post","2":"type-post","3":"status-publish","4":"format-standard","5":"has-post-thumbnail","7":"category-einsaetze-2024","8":"tag-wbk","9":"tag-lf86","10":"tag-vsa","11":"tag-fahrzeugbrand","12":"tag-pa","13":"tag-mtw","14":"tag-kommunikationsmittel","15":"tag-fahrzeugloeschwasserbehaelter","16":"tag-hlf20","17":"tag-verkehrslenkungmittel"},"_links":{"self":[{"href":"https:\/\/www.ffw-berg.de\/wordpress\/wp-json\/wp\/v2\/posts\/218514","targetHints":{"allow":["GET"]}}],"collection":[{"href":"https:\/\/www.ffw-berg.de\/wordpress\/wp-json\/wp\/v2\/posts"}],"about":[{"href":"https:\/\/www.ffw-berg.de\/wordpress\/wp-json\/wp\/v2\/types\/post"}],"author":[{"embeddable":true,"href":"https:\/\/www.ffw-berg.de\/wordpress\/wp-json\/wp\/v2\/users\/2"}],"replies":[{"embeddable":true,"href":"https:\/\/www.ffw-berg.de\/wordpress\/wp-json\/wp\/v2\/comments?post=218514"}],"version-history":[{"count":0,"href":"https:\/\/www.ffw-berg.de\/wordpress\/wp-json\/wp\/v2\/posts\/218514\/revisions"}],"wp:featuredmedia":[{"embeddable":true,"href":"https:\/\/www.ffw-berg.de\/wordpress\/wp-json\/wp\/v2\/media\/218551"}],"wp:attachment":[{"href":"https:\/\/www.ffw-berg.de\/wordpress\/wp-json\/wp\/v2\/media?parent=218514"}],"wp:term":[{"taxonomy":"category","embeddable":true,"href":"https:\/\/www.ffw-berg.de\/wordpress\/wp-json\/wp\/v2\/categories?post=218514"},{"taxonomy":"post_tag","embeddable":true,"href":"https:\/\/www.ffw-berg.de\/wordpress\/wp-json\/wp\/v2\/tags?post=218514"}],"curies":[{"name":"wp","href":"https:\/\/api.w.org\/{rel}","templated":true}]}}