{"id":218526,"date":"2024-06-27T19:45:00","date_gmt":"2024-06-27T17:45:00","guid":{"rendered":"https:\/\/www.ffw-berg.de\/wordpress\/?p=218526"},"modified":"2025-03-02T21:21:10","modified_gmt":"2025-03-02T20:21:10","slug":"einsatz-vom-27-06-24-abc-undefinierter-geruch","status":"publish","type":"post","link":"https:\/\/www.ffw-berg.de\/wordpress\/einsatz-vom-27-06-24-abc-undefinierter-geruch\/","title":{"rendered":"Einsatz vom 27.06.24 &#8211; ABC, undefinierter Geruch"},"content":{"rendered":"\n<div class=\"wp-block-columns has-2-columns is-layout-flex wp-container-core-columns-is-layout-9d6595d7 wp-block-columns-is-layout-flex\">\n<div class=\"wp-block-column is-layout-flow wp-block-column-is-layout-flow\">\n<p class=\"has-text-color\" style=\"color:#800000\"><strong>Nr.<\/strong><\/p>\n\n\n\n<p class=\"has-text-color\" style=\"color:#800000\"><strong>Alarmzeit<\/strong><\/p>\n\n\n\n<p class=\"has-text-color\" style=\"color:#800000\"><strong>Einsatzdauer<\/strong><\/p>\n\n\n\n<p class=\"has-text-color\" style=\"color:#800000\"><strong>Einsatzort<\/strong><\/p>\n\n\n\n<p class=\"has-text-color\" style=\"color:#800000\"><strong>Einsatzart&nbsp;<\/strong><\/p>\n\n\n\n<p class=\"has-text-color\" style=\"color:#800000\"><strong>Eingesetzte Fahrzeuge&nbsp;<\/strong><\/p>\n\n\n\n<p class=\"has-text-color\" style=\"color:#800000\"><strong>Einsatzmittel<\/strong><\/p>\n<\/div>\n\n\n\n<div class=\"wp-block-column is-layout-flow wp-block-column-is-layout-flow\">\n<p>26<\/p>\n\n\n\n<p>19.45 Uhr<\/p>\n\n\n\n<p>0,57 Std.<\/p>\n\n\n\n<p>Tiefengr\u00fcner Stra\u00dfe, Berg<\/p>\n\n\n\n<p>ABC 1 | undefinierter Geruch<\/p>\n\n\n\n<p>HLF20, LF 8\/6, MTW<\/p>\n\n\n\n<p>PA, ABC Ausr\u00fcstung, Kommunikationsmittel, Ger\u00e4t zur Verkehrslenkung<\/p>\n<\/div>\n<\/div>\n\n\n\n<hr class=\"wp-block-separator has-css-opacity is-style-wide\"\/>\n\n\n\n<h4 class=\"wp-block-heading\">Einsatzbericht<\/h4>\n\n\n\n<p>Vor Ort wurde der undefinierbarer Geruch am Anwesen best\u00e4tigt.<\/p>\n\n\n\n<p>Mittels Mehrgasmessger\u00e4t wurde an mehreren Positionen Messungen durchgef\u00fchrt. Nachdem auch im Ortsgebiet Rudolphstein der Geruch wahrnehmbar war, ist die Ursache vermutlich auf die Fa. ZPR in Kombination mit der Wetterlage zur\u00fcckzuf\u00fchren. Da s\u00e4mtliche Messungen negativ verliefen, waren keine weiteren Ma\u00dfnahmen erforderlich.<\/p>\n","protected":false},"excerpt":{"rendered":"<div class=\"mh-excerpt\">Nr. 26 | Zeit: 19.45 Uhr | Tiefengr\u00fcner Str., Berg | ABC<\/p>\n<p>Eingesetzte Fahrzeuge:<br \/>\nHLF20, LF 8\/6, MTW, VSA<\/p><\/div>\n<p> <a class=\"mh-excerpt-more\" href=\"https:\/\/www.ffw-berg.de\/wordpress\/einsatz-vom-27-06-24-abc-undefinierter-geruch\/\" title=\"Einsatz vom 27.06.24 &#8211; ABC, undefinierter Geruch\">[  Mehr &gt;&gt; ]<\/a><\/p>\n","protected":false},"author":2,"featured_media":212207,"comment_status":"closed","ping_status":"open","sticky":false,"template":"","format":"standard","meta":{"footnotes":""},"categories":[1380],"tags":[82,95,364,878,894,1476],"class_list":{"0":"post-218526","1":"post","2":"type-post","3":"status-publish","4":"format-standard","5":"has-post-thumbnail","7":"category-einsaetze-2024","8":"tag-lf86","9":"tag-pa","10":"tag-mtw","11":"tag-abc","12":"tag-hlf20","13":"tag-undefinierter-geruch"},"_links":{"self":[{"href":"https:\/\/www.ffw-berg.de\/wordpress\/wp-json\/wp\/v2\/posts\/218526","targetHints":{"allow":["GET"]}}],"collection":[{"href":"https:\/\/www.ffw-berg.de\/wordpress\/wp-json\/wp\/v2\/posts"}],"about":[{"href":"https:\/\/www.ffw-berg.de\/wordpress\/wp-json\/wp\/v2\/types\/post"}],"author":[{"embeddable":true,"href":"https:\/\/www.ffw-berg.de\/wordpress\/wp-json\/wp\/v2\/users\/2"}],"replies":[{"embeddable":true,"href":"https:\/\/www.ffw-berg.de\/wordpress\/wp-json\/wp\/v2\/comments?post=218526"}],"version-history":[{"count":0,"href":"https:\/\/www.ffw-berg.de\/wordpress\/wp-json\/wp\/v2\/posts\/218526\/revisions"}],"wp:featuredmedia":[{"embeddable":true,"href":"https:\/\/www.ffw-berg.de\/wordpress\/wp-json\/wp\/v2\/media\/212207"}],"wp:attachment":[{"href":"https:\/\/www.ffw-berg.de\/wordpress\/wp-json\/wp\/v2\/media?parent=218526"}],"wp:term":[{"taxonomy":"category","embeddable":true,"href":"https:\/\/www.ffw-berg.de\/wordpress\/wp-json\/wp\/v2\/categories?post=218526"},{"taxonomy":"post_tag","embeddable":true,"href":"https:\/\/www.ffw-berg.de\/wordpress\/wp-json\/wp\/v2\/tags?post=218526"}],"curies":[{"name":"wp","href":"https:\/\/api.w.org\/{rel}","templated":true}]}}