{"id":218538,"date":"2024-07-08T21:48:00","date_gmt":"2024-07-08T19:48:00","guid":{"rendered":"https:\/\/www.ffw-berg.de\/wordpress\/?p=218538"},"modified":"2025-03-02T21:21:09","modified_gmt":"2025-03-02T20:21:09","slug":"einsatz-vom-08-07-24-sicherheitswache","status":"publish","type":"post","link":"https:\/\/www.ffw-berg.de\/wordpress\/einsatz-vom-08-07-24-sicherheitswache\/","title":{"rendered":"Einsatz vom 08.07.24 &#8211; Sicherheitswache"},"content":{"rendered":"\n<div class=\"wp-block-columns has-2-columns is-layout-flex wp-container-core-columns-is-layout-9d6595d7 wp-block-columns-is-layout-flex\">\n<div class=\"wp-block-column is-layout-flow wp-block-column-is-layout-flow\">\n<p class=\"has-text-color\" style=\"color:#800000\"><strong>Nr.:<\/strong><\/p>\n\n\n\n<p class=\"has-text-color\" style=\"color:#800000\"><strong>Alarmzeit:<\/strong><\/p>\n\n\n\n<p class=\"has-text-color\" style=\"color:#800000\"><strong>Einsatzdauer:<\/strong><\/p>\n\n\n\n<p class=\"has-text-color\" style=\"color:#800000\"><strong>Einsatzort:<\/strong><\/p>\n\n\n\n<p class=\"has-text-color\" style=\"color:#800000\"><strong>Einsatzart:<\/strong><\/p>\n\n\n\n<p class=\"has-text-color\" style=\"color:#800000\"><strong>Eingesetzte Fahrzeuge:<\/strong><\/p>\n\n\n\n<p class=\"has-text-color\" style=\"color:#800000\"><strong>Einsatzmittel:<\/strong><br \/><\/p>\n<\/div>\n\n\n\n<div class=\"wp-block-column is-layout-flow wp-block-column-is-layout-flow\">\n<p>31<\/p>\n\n\n\n<p>21.48 Uhr<\/p>\n\n\n\n<p>1,27 Std.<\/p>\n\n\n\n<p>Schlegelweg, Berg<\/p>\n\n\n\n<p>Sicherheitswache | Feuerwerk<\/p>\n\n\n\n<p>LF 8\/6, MZF<\/p>\n\n\n\n<p>C-\/D-Rohre, WBK, K\u00fcbelspritzen, Feuerl\u00f6scher, Kommunikationsger\u00e4t<\/p>\n<\/div>\n<\/div>\n\n\n\n<hr class=\"wp-block-separator has-css-opacity is-style-wide\"\/>\n\n\n\n<h4 class=\"wp-block-heading\"><strong>Einsatzbericht<\/strong><\/h4>\n\n\n\n<p>Sicherheitswache anl\u00e4sslich des Wiesenfestfeuerwerks.<\/p>\n\n\n<div class=\"wp-block-image\">\n<figure class=\"aligncenter size-large\"><img loading=\"lazy\" decoding=\"async\" width=\"768\" height=\"768\" src=\"https:\/\/www.ffw-berg.de\/wordpress\/wp-content\/uploads\/2024\/08\/SiWa_Feuerwerk_08072024-768x768.jpg\" alt=\"\" class=\"wp-image-218548\" srcset=\"https:\/\/www.ffw-berg.de\/wordpress\/wp-content\/uploads\/2024\/08\/SiWa_Feuerwerk_08072024-768x768.jpg 768w, https:\/\/www.ffw-berg.de\/wordpress\/wp-content\/uploads\/2024\/08\/SiWa_Feuerwerk_08072024-250x250.jpg 250w, https:\/\/www.ffw-berg.de\/wordpress\/wp-content\/uploads\/2024\/08\/SiWa_Feuerwerk_08072024-120x120.jpg 120w, https:\/\/www.ffw-berg.de\/wordpress\/wp-content\/uploads\/2024\/08\/SiWa_Feuerwerk_08072024-1536x1536.jpg 1536w, https:\/\/www.ffw-berg.de\/wordpress\/wp-content\/uploads\/2024\/08\/SiWa_Feuerwerk_08072024-2048x2048.jpg 2048w\" sizes=\"auto, (max-width: 768px) 100vw, 768px\" \/><\/figure>\n<\/div>","protected":false},"excerpt":{"rendered":"<div class=\"mh-excerpt\">Nr. 31| Zeit: 21.48 Uhr | Schlegelweg, Berg | Si-Wache<\/p>\n<p>Eingesetzte Fahrzeuge:<br \/>\nLF 8\/6, MZF<\/p><\/div>\n<p> <a class=\"mh-excerpt-more\" href=\"https:\/\/www.ffw-berg.de\/wordpress\/einsatz-vom-08-07-24-sicherheitswache\/\" title=\"Einsatz vom 08.07.24 &#8211; Sicherheitswache\">[  Mehr &gt;&gt; ]<\/a><\/p>\n","protected":false},"author":2,"featured_media":218548,"comment_status":"closed","ping_status":"open","sticky":false,"template":"","format":"standard","meta":{"footnotes":""},"categories":[1380],"tags":[71,82,171,179,190,610,679],"class_list":{"0":"post-218538","1":"post","2":"type-post","3":"status-publish","4":"format-standard","5":"has-post-thumbnail","7":"category-einsaetze-2024","8":"tag-wbk","9":"tag-lf86","10":"tag-feuerloescher","11":"tag-sicherheitswache","12":"tag-feuerwerk","13":"tag-tiefengruen","14":"tag-kuebelspritzen"},"_links":{"self":[{"href":"https:\/\/www.ffw-berg.de\/wordpress\/wp-json\/wp\/v2\/posts\/218538","targetHints":{"allow":["GET"]}}],"collection":[{"href":"https:\/\/www.ffw-berg.de\/wordpress\/wp-json\/wp\/v2\/posts"}],"about":[{"href":"https:\/\/www.ffw-berg.de\/wordpress\/wp-json\/wp\/v2\/types\/post"}],"author":[{"embeddable":true,"href":"https:\/\/www.ffw-berg.de\/wordpress\/wp-json\/wp\/v2\/users\/2"}],"replies":[{"embeddable":true,"href":"https:\/\/www.ffw-berg.de\/wordpress\/wp-json\/wp\/v2\/comments?post=218538"}],"version-history":[{"count":0,"href":"https:\/\/www.ffw-berg.de\/wordpress\/wp-json\/wp\/v2\/posts\/218538\/revisions"}],"wp:featuredmedia":[{"embeddable":true,"href":"https:\/\/www.ffw-berg.de\/wordpress\/wp-json\/wp\/v2\/media\/218548"}],"wp:attachment":[{"href":"https:\/\/www.ffw-berg.de\/wordpress\/wp-json\/wp\/v2\/media?parent=218538"}],"wp:term":[{"taxonomy":"category","embeddable":true,"href":"https:\/\/www.ffw-berg.de\/wordpress\/wp-json\/wp\/v2\/categories?post=218538"},{"taxonomy":"post_tag","embeddable":true,"href":"https:\/\/www.ffw-berg.de\/wordpress\/wp-json\/wp\/v2\/tags?post=218538"}],"curies":[{"name":"wp","href":"https:\/\/api.w.org\/{rel}","templated":true}]}}