{"id":218656,"date":"2024-09-14T19:30:00","date_gmt":"2024-09-14T17:30:00","guid":{"rendered":"https:\/\/www.ffw-berg.de\/wordpress\/?p=218656"},"modified":"2024-11-08T19:41:34","modified_gmt":"2024-11-08T18:41:34","slug":"jugendleistungsmarsch-2024-in-zedtwitz","status":"publish","type":"post","link":"https:\/\/www.ffw-berg.de\/wordpress\/jugendleistungsmarsch-2024-in-zedtwitz\/","title":{"rendered":"Jugendleistungsmarsch 2024 in Zedtwitz"},"content":{"rendered":"\n<p>Auch in diesem Jahr nahmen wir wieder am Jugendleistungsmarsch des Landkreis Hof in Zedtwitz teil. Zwei Gruppen lie\u00dfen sich trotz nasskaltem Wetter nicht von einem erfolgreichen Wettkampf abhalten. <\/p>\n\n\n\n<figure class=\"wp-block-gallery has-nested-images columns-2 is-cropped wp-block-gallery-1 is-layout-flex wp-block-gallery-is-layout-flex\">\n<figure class=\"wp-block-image size-large\"><a href=\"https:\/\/www.ffw-berg.de\/wordpress\/wp-content\/uploads\/2024\/11\/jlm_2024_00002.jpg\"><img loading=\"lazy\" decoding=\"async\" width=\"1080\" height=\"608\" data-id=\"218660\" src=\"https:\/\/www.ffw-berg.de\/wordpress\/wp-content\/uploads\/2024\/11\/jlm_2024_00002-1080x608.jpg\" alt=\"\" class=\"wp-image-218660\" srcset=\"https:\/\/www.ffw-berg.de\/wordpress\/wp-content\/uploads\/2024\/11\/jlm_2024_00002-1080x608.jpg 1080w, https:\/\/www.ffw-berg.de\/wordpress\/wp-content\/uploads\/2024\/11\/jlm_2024_00002-300x169.jpg 300w, https:\/\/www.ffw-berg.de\/wordpress\/wp-content\/uploads\/2024\/11\/jlm_2024_00002-120x68.jpg 120w, https:\/\/www.ffw-berg.de\/wordpress\/wp-content\/uploads\/2024\/11\/jlm_2024_00002-768x432.jpg 768w, https:\/\/www.ffw-berg.de\/wordpress\/wp-content\/uploads\/2024\/11\/jlm_2024_00002-1536x864.jpg 1536w, https:\/\/www.ffw-berg.de\/wordpress\/wp-content\/uploads\/2024\/11\/jlm_2024_00002-678x381.jpg 678w, https:\/\/www.ffw-berg.de\/wordpress\/wp-content\/uploads\/2024\/11\/jlm_2024_00002.jpg 1920w\" sizes=\"auto, (max-width: 1080px) 100vw, 1080px\" \/><\/a><\/figure>\n\n\n\n<figure class=\"wp-block-image size-large\"><a href=\"https:\/\/www.ffw-berg.de\/wordpress\/wp-content\/uploads\/2024\/11\/jlm_2024_00003.jpg\"><img loading=\"lazy\" decoding=\"async\" width=\"1080\" height=\"608\" data-id=\"218661\" src=\"https:\/\/www.ffw-berg.de\/wordpress\/wp-content\/uploads\/2024\/11\/jlm_2024_00003-1080x608.jpg\" alt=\"\" class=\"wp-image-218661\" srcset=\"https:\/\/www.ffw-berg.de\/wordpress\/wp-content\/uploads\/2024\/11\/jlm_2024_00003-1080x608.jpg 1080w, https:\/\/www.ffw-berg.de\/wordpress\/wp-content\/uploads\/2024\/11\/jlm_2024_00003-300x169.jpg 300w, https:\/\/www.ffw-berg.de\/wordpress\/wp-content\/uploads\/2024\/11\/jlm_2024_00003-120x68.jpg 120w, https:\/\/www.ffw-berg.de\/wordpress\/wp-content\/uploads\/2024\/11\/jlm_2024_00003-768x432.jpg 768w, https:\/\/www.ffw-berg.de\/wordpress\/wp-content\/uploads\/2024\/11\/jlm_2024_00003-1536x864.jpg 1536w, https:\/\/www.ffw-berg.de\/wordpress\/wp-content\/uploads\/2024\/11\/jlm_2024_00003-678x381.jpg 678w, https:\/\/www.ffw-berg.de\/wordpress\/wp-content\/uploads\/2024\/11\/jlm_2024_00003.jpg 1920w\" sizes=\"auto, (max-width: 1080px) 100vw, 1080px\" \/><\/a><\/figure>\n\n\n\n<figure class=\"wp-block-image size-large\"><a href=\"https:\/\/www.ffw-berg.de\/wordpress\/wp-content\/uploads\/2024\/11\/jlm_2024_00004.jpg\"><img loading=\"lazy\" decoding=\"async\" width=\"1080\" height=\"608\" data-id=\"218658\" src=\"https:\/\/www.ffw-berg.de\/wordpress\/wp-content\/uploads\/2024\/11\/jlm_2024_00004-1080x608.jpg\" alt=\"\" class=\"wp-image-218658\" srcset=\"https:\/\/www.ffw-berg.de\/wordpress\/wp-content\/uploads\/2024\/11\/jlm_2024_00004-1080x608.jpg 1080w, https:\/\/www.ffw-berg.de\/wordpress\/wp-content\/uploads\/2024\/11\/jlm_2024_00004-300x169.jpg 300w, https:\/\/www.ffw-berg.de\/wordpress\/wp-content\/uploads\/2024\/11\/jlm_2024_00004-120x68.jpg 120w, https:\/\/www.ffw-berg.de\/wordpress\/wp-content\/uploads\/2024\/11\/jlm_2024_00004-768x432.jpg 768w, https:\/\/www.ffw-berg.de\/wordpress\/wp-content\/uploads\/2024\/11\/jlm_2024_00004-1536x864.jpg 1536w, https:\/\/www.ffw-berg.de\/wordpress\/wp-content\/uploads\/2024\/11\/jlm_2024_00004-678x381.jpg 678w, https:\/\/www.ffw-berg.de\/wordpress\/wp-content\/uploads\/2024\/11\/jlm_2024_00004.jpg 1920w\" sizes=\"auto, (max-width: 1080px) 100vw, 1080px\" \/><\/a><\/figure>\n\n\n\n<figure class=\"wp-block-image size-large\"><a href=\"https:\/\/www.ffw-berg.de\/wordpress\/wp-content\/uploads\/2024\/11\/jlm_2024_00006.jpg\"><img loading=\"lazy\" decoding=\"async\" width=\"1080\" height=\"608\" data-id=\"218662\" src=\"https:\/\/www.ffw-berg.de\/wordpress\/wp-content\/uploads\/2024\/11\/jlm_2024_00006-1080x608.jpg\" alt=\"\" class=\"wp-image-218662\" srcset=\"https:\/\/www.ffw-berg.de\/wordpress\/wp-content\/uploads\/2024\/11\/jlm_2024_00006-1080x608.jpg 1080w, https:\/\/www.ffw-berg.de\/wordpress\/wp-content\/uploads\/2024\/11\/jlm_2024_00006-300x169.jpg 300w, https:\/\/www.ffw-berg.de\/wordpress\/wp-content\/uploads\/2024\/11\/jlm_2024_00006-120x68.jpg 120w, https:\/\/www.ffw-berg.de\/wordpress\/wp-content\/uploads\/2024\/11\/jlm_2024_00006-768x432.jpg 768w, https:\/\/www.ffw-berg.de\/wordpress\/wp-content\/uploads\/2024\/11\/jlm_2024_00006-1536x864.jpg 1536w, https:\/\/www.ffw-berg.de\/wordpress\/wp-content\/uploads\/2024\/11\/jlm_2024_00006-678x381.jpg 678w, https:\/\/www.ffw-berg.de\/wordpress\/wp-content\/uploads\/2024\/11\/jlm_2024_00006.jpg 1920w\" sizes=\"auto, (max-width: 1080px) 100vw, 1080px\" \/><\/a><\/figure>\n\n\n\n<figure class=\"wp-block-image size-large\"><a href=\"https:\/\/www.ffw-berg.de\/wordpress\/wp-content\/uploads\/2024\/11\/jlm_2024_00005.jpg\"><img loading=\"lazy\" decoding=\"async\" width=\"1080\" height=\"608\" data-id=\"218659\" src=\"https:\/\/www.ffw-berg.de\/wordpress\/wp-content\/uploads\/2024\/11\/jlm_2024_00005-1080x608.jpg\" alt=\"\" class=\"wp-image-218659\" srcset=\"https:\/\/www.ffw-berg.de\/wordpress\/wp-content\/uploads\/2024\/11\/jlm_2024_00005-1080x608.jpg 1080w, https:\/\/www.ffw-berg.de\/wordpress\/wp-content\/uploads\/2024\/11\/jlm_2024_00005-300x169.jpg 300w, https:\/\/www.ffw-berg.de\/wordpress\/wp-content\/uploads\/2024\/11\/jlm_2024_00005-120x68.jpg 120w, https:\/\/www.ffw-berg.de\/wordpress\/wp-content\/uploads\/2024\/11\/jlm_2024_00005-768x432.jpg 768w, https:\/\/www.ffw-berg.de\/wordpress\/wp-content\/uploads\/2024\/11\/jlm_2024_00005-1536x864.jpg 1536w, https:\/\/www.ffw-berg.de\/wordpress\/wp-content\/uploads\/2024\/11\/jlm_2024_00005-678x381.jpg 678w, https:\/\/www.ffw-berg.de\/wordpress\/wp-content\/uploads\/2024\/11\/jlm_2024_00005.jpg 1920w\" sizes=\"auto, (max-width: 1080px) 100vw, 1080px\" \/><\/a><\/figure>\n<\/figure>\n\n\n\n<div style=\"height:40px\" aria-hidden=\"true\" class=\"wp-block-spacer\"><\/div>\n\n\n\n<p>Eine Gruppe bestand aus \u201eerfahrenen Hasen\u201c die sich mit dem 9. Platz in den TOP TEN behaupten konnten. Die zweite Gruppe setzte sich aus lauter \u201eNeulingen\u201c und Jugendlichen der Feuerwehr Selbitz zusammen. Trotz ihres allerersten Marsches, und dann noch als Mix-Gruppe, belegten sie den 16. Platz der Gesamtwertung. <\/p>\n\n\n\n<div style=\"height:40px\" aria-hidden=\"true\" class=\"wp-block-spacer\"><\/div>\n\n\n<div class=\"wp-block-image\">\n<figure class=\"aligncenter size-large\"><a href=\"https:\/\/www.ffw-berg.de\/wordpress\/wp-content\/uploads\/2024\/11\/jlm_2024_00001.jpg\"><img loading=\"lazy\" decoding=\"async\" width=\"1080\" height=\"608\" src=\"https:\/\/www.ffw-berg.de\/wordpress\/wp-content\/uploads\/2024\/11\/jlm_2024_00001-1080x608.jpg\" alt=\"\" class=\"wp-image-218663\" srcset=\"https:\/\/www.ffw-berg.de\/wordpress\/wp-content\/uploads\/2024\/11\/jlm_2024_00001-1080x608.jpg 1080w, https:\/\/www.ffw-berg.de\/wordpress\/wp-content\/uploads\/2024\/11\/jlm_2024_00001-300x169.jpg 300w, https:\/\/www.ffw-berg.de\/wordpress\/wp-content\/uploads\/2024\/11\/jlm_2024_00001-120x68.jpg 120w, https:\/\/www.ffw-berg.de\/wordpress\/wp-content\/uploads\/2024\/11\/jlm_2024_00001-768x432.jpg 768w, https:\/\/www.ffw-berg.de\/wordpress\/wp-content\/uploads\/2024\/11\/jlm_2024_00001-1536x864.jpg 1536w, https:\/\/www.ffw-berg.de\/wordpress\/wp-content\/uploads\/2024\/11\/jlm_2024_00001-678x381.jpg 678w, https:\/\/www.ffw-berg.de\/wordpress\/wp-content\/uploads\/2024\/11\/jlm_2024_00001.jpg 1920w\" sizes=\"auto, (max-width: 1080px) 100vw, 1080px\" \/><\/a><\/figure>\n<\/div>\n\n\n<p>Wir sind stolz auf unsere Jungs und M\u00e4dels f\u00fcr diese hervorragende Leistung. Die \u00dcbungstermine der letzten Wochen haben sich ausgezahlt &#8211; macht weiter so!<\/p>\n\n\n\n<p>Weitere Informationen auf der Seite des <strong><a href=\"https:\/\/kfv-hof.de\/archive\/5052\" data-type=\"link\" data-id=\"https:\/\/kfv-hof.de\/archive\/5052\" target=\"_blank\" rel=\"noreferrer noopener\">KFV-Hof hier &gt;<\/a><\/strong><\/p>\n\n\n\n<p><\/p>\n","protected":false},"excerpt":{"rendered":"<div class=\"mh-excerpt\">Auch in diesem Jahr nahmen wir wieder am Jugendleistungsmarsch des Landkreis Hof in Zedtwitz teil. Zwei Gruppen lie\u00dfen sich trotz nasskaltem Wetter nicht von einem erfolgreichen Wettkampf abhalten. <\/div>\n<p> <a class=\"mh-excerpt-more\" href=\"https:\/\/www.ffw-berg.de\/wordpress\/jugendleistungsmarsch-2024-in-zedtwitz\/\" title=\"Jugendleistungsmarsch 2024 in Zedtwitz\">[  Mehr &gt;&gt; ]<\/a><\/p>\n","protected":false},"author":2,"featured_media":218659,"comment_status":"open","ping_status":"open","sticky":false,"template":"","format":"standard","meta":{"footnotes":""},"categories":[6,28],"tags":[115,461,606,1491],"class_list":{"0":"post-218656","1":"post","2":"type-post","3":"status-publish","4":"format-standard","5":"has-post-thumbnail","7":"category-jugend","8":"category-jf-jlm","9":"tag-landkreis-hof","10":"tag-jugendleistungsmarsch","11":"tag-zedtwitz","12":"tag-jlm2024"},"_links":{"self":[{"href":"https:\/\/www.ffw-berg.de\/wordpress\/wp-json\/wp\/v2\/posts\/218656","targetHints":{"allow":["GET"]}}],"collection":[{"href":"https:\/\/www.ffw-berg.de\/wordpress\/wp-json\/wp\/v2\/posts"}],"about":[{"href":"https:\/\/www.ffw-berg.de\/wordpress\/wp-json\/wp\/v2\/types\/post"}],"author":[{"embeddable":true,"href":"https:\/\/www.ffw-berg.de\/wordpress\/wp-json\/wp\/v2\/users\/2"}],"replies":[{"embeddable":true,"href":"https:\/\/www.ffw-berg.de\/wordpress\/wp-json\/wp\/v2\/comments?post=218656"}],"version-history":[{"count":0,"href":"https:\/\/www.ffw-berg.de\/wordpress\/wp-json\/wp\/v2\/posts\/218656\/revisions"}],"wp:featuredmedia":[{"embeddable":true,"href":"https:\/\/www.ffw-berg.de\/wordpress\/wp-json\/wp\/v2\/media\/218659"}],"wp:attachment":[{"href":"https:\/\/www.ffw-berg.de\/wordpress\/wp-json\/wp\/v2\/media?parent=218656"}],"wp:term":[{"taxonomy":"category","embeddable":true,"href":"https:\/\/www.ffw-berg.de\/wordpress\/wp-json\/wp\/v2\/categories?post=218656"},{"taxonomy":"post_tag","embeddable":true,"href":"https:\/\/www.ffw-berg.de\/wordpress\/wp-json\/wp\/v2\/tags?post=218656"}],"curies":[{"name":"wp","href":"https:\/\/api.w.org\/{rel}","templated":true}]}}