{"id":218681,"date":"2024-09-21T23:00:00","date_gmt":"2024-09-21T21:00:00","guid":{"rendered":"https:\/\/www.ffw-berg.de\/wordpress\/?p=218681"},"modified":"2026-02-24T12:30:14","modified_gmt":"2026-02-24T11:30:14","slug":"lange-nacht-der-feuerwehr-2024-in-berg","status":"publish","type":"post","link":"https:\/\/www.ffw-berg.de\/wordpress\/lange-nacht-der-feuerwehr-2024-in-berg\/","title":{"rendered":"Lange Nacht der Feuerwehr 2024 in Berg"},"content":{"rendered":"\n<h2 class=\"wp-block-heading\">Gr\u00fcndungsfeier der Kinderfeuerwehr gab ausreichend Anlass zum Feiern<\/h2>\n\n\n\n<p>Mit der Gr\u00fcndungsfeier der Kinderfeuerwehr gab die \u201eLange Nacht der Feuerwehr\u201c ausreichend Anlass zum Feiern. Dementsprechend entschieden wir uns dieses Jahr nach einem spannenden Rahmenprogramm am Nachmittag, den Abend bzw. die lange Nacht mit einem OPEN AIR KONZERT ausklingen zu lassen.<\/p>\n\n\n\n<figure class=\"wp-block-image size-large\"><img loading=\"lazy\" decoding=\"async\" width=\"1080\" height=\"608\" src=\"https:\/\/www.ffw-berg.de\/wordpress\/wp-content\/uploads\/2024\/11\/ln_fw_2024_2-1080x608.jpg\" alt=\"\" class=\"wp-image-218682\" srcset=\"https:\/\/www.ffw-berg.de\/wordpress\/wp-content\/uploads\/2024\/11\/ln_fw_2024_2-1080x608.jpg 1080w, https:\/\/www.ffw-berg.de\/wordpress\/wp-content\/uploads\/2024\/11\/ln_fw_2024_2-300x169.jpg 300w, https:\/\/www.ffw-berg.de\/wordpress\/wp-content\/uploads\/2024\/11\/ln_fw_2024_2-120x68.jpg 120w, https:\/\/www.ffw-berg.de\/wordpress\/wp-content\/uploads\/2024\/11\/ln_fw_2024_2-768x432.jpg 768w, https:\/\/www.ffw-berg.de\/wordpress\/wp-content\/uploads\/2024\/11\/ln_fw_2024_2-678x381.jpg 678w, https:\/\/www.ffw-berg.de\/wordpress\/wp-content\/uploads\/2024\/11\/ln_fw_2024_2.jpg 1513w\" sizes=\"auto, (max-width: 1080px) 100vw, 1080px\" \/><\/figure>\n\n\n\n<p> Im Mittelpunkt stand dabei nat\u00fcrlich die Partyband Headlight Partyband , die es sich nicht nehmen lie\u00dfen f\u00fcr beste Stimmung zu sorgen. Unterst\u00fctzt wurde diese von der Firma ALUKON, die einen Trailer als B\u00fchne zur Verf\u00fcgung stellte, sowie durch unseren Kameraden Stefan N\u00e4gele, der tontechnisch alles im Griff hatte. <\/p>\n\n\n\n<figure class=\"wp-block-image size-large\"><img loading=\"lazy\" decoding=\"async\" width=\"1080\" height=\"608\" src=\"https:\/\/www.ffw-berg.de\/wordpress\/wp-content\/uploads\/2024\/11\/ln_fw_2024_1-1080x608.jpg\" alt=\"\" class=\"wp-image-218684\" srcset=\"https:\/\/www.ffw-berg.de\/wordpress\/wp-content\/uploads\/2024\/11\/ln_fw_2024_1-1080x608.jpg 1080w, https:\/\/www.ffw-berg.de\/wordpress\/wp-content\/uploads\/2024\/11\/ln_fw_2024_1-300x169.jpg 300w, https:\/\/www.ffw-berg.de\/wordpress\/wp-content\/uploads\/2024\/11\/ln_fw_2024_1-120x68.jpg 120w, https:\/\/www.ffw-berg.de\/wordpress\/wp-content\/uploads\/2024\/11\/ln_fw_2024_1-768x432.jpg 768w, https:\/\/www.ffw-berg.de\/wordpress\/wp-content\/uploads\/2024\/11\/ln_fw_2024_1-678x381.jpg 678w, https:\/\/www.ffw-berg.de\/wordpress\/wp-content\/uploads\/2024\/11\/ln_fw_2024_1.jpg 1530w\" sizes=\"auto, (max-width: 1080px) 100vw, 1080px\" \/><\/figure>\n\n\n\n<p>Nat\u00fcrlich kam auch die Verpflegung aller Besucher nicht zu kurz, so konnten sich diese neben Bratw\u00fcrsten &amp; Steaks auch \u00fcber einen \u201eFeuerwehr-D\u00f6ner\u201c freuen. Angesto\u00dfen werden konnte mit alkoholfreien Getr\u00e4nken, Bier und Cocktails. Bei bester Stimmung waren alle Besucher versorgt und feierten \u00fcber Mitternacht hinaus.<\/p>\n\n\n\n<figure class=\"wp-block-image size-large\"><img loading=\"lazy\" decoding=\"async\" width=\"1080\" height=\"608\" src=\"https:\/\/www.ffw-berg.de\/wordpress\/wp-content\/uploads\/2024\/11\/ln_fw_2024_3-1080x608.jpg\" alt=\"\" class=\"wp-image-218683\" srcset=\"https:\/\/www.ffw-berg.de\/wordpress\/wp-content\/uploads\/2024\/11\/ln_fw_2024_3-1080x608.jpg 1080w, https:\/\/www.ffw-berg.de\/wordpress\/wp-content\/uploads\/2024\/11\/ln_fw_2024_3-300x169.jpg 300w, https:\/\/www.ffw-berg.de\/wordpress\/wp-content\/uploads\/2024\/11\/ln_fw_2024_3-120x68.jpg 120w, https:\/\/www.ffw-berg.de\/wordpress\/wp-content\/uploads\/2024\/11\/ln_fw_2024_3-768x432.jpg 768w, https:\/\/www.ffw-berg.de\/wordpress\/wp-content\/uploads\/2024\/11\/ln_fw_2024_3-678x381.jpg 678w, https:\/\/www.ffw-berg.de\/wordpress\/wp-content\/uploads\/2024\/11\/ln_fw_2024_3.jpg 1513w\" sizes=\"auto, (max-width: 1080px) 100vw, 1080px\" \/><\/figure>\n\n\n\n<p>Wir danken allen Beteiligten, Helfern und allen voran den vielen Besuchern, die diese \u201eLange Nacht\u201c so besonders gemacht haben!<\/p>\n\n\n\n<p><\/p>\n","protected":false},"excerpt":{"rendered":"<div class=\"mh-excerpt\">Die \u201eLange Nacht der Feuerwehr\u201c mit Gr\u00fcndungsfeier der Kinderfeuerwehr gab ausreichend Anlass zum Feiern nach einem spannenden Rahmenprogramm am Nachmittag, mit einem OPEN AIR KONZERT am Abend.<\/div>\n<p> <a class=\"mh-excerpt-more\" href=\"https:\/\/www.ffw-berg.de\/wordpress\/lange-nacht-der-feuerwehr-2024-in-berg\/\" title=\"Lange Nacht der Feuerwehr 2024 in Berg\">[  Mehr &gt;&gt; ]<\/a><\/p>\n","protected":false},"author":2,"featured_media":218684,"comment_status":"open","ping_status":"open","sticky":false,"template":"","format":"standard","meta":{"footnotes":""},"categories":[747],"tags":[1402,1426,1493,1494,1502,1503,1504,1505],"class_list":{"0":"post-218681","1":"post","2":"type-post","3":"status-publish","4":"format-standard","5":"has-post-thumbnail","7":"category-wir-ueber-uns-2","8":"tag-berger-winkel","9":"tag-lange-nacht-der-feuerwehr","10":"tag-kinderfeuerwehr","11":"tag-berger-winkel-loeschbande","12":"tag-gruendungsfeier","13":"tag-open-air-konzert","14":"tag-partyband-highlight","15":"tag-ln2024"},"_links":{"self":[{"href":"https:\/\/www.ffw-berg.de\/wordpress\/wp-json\/wp\/v2\/posts\/218681","targetHints":{"allow":["GET"]}}],"collection":[{"href":"https:\/\/www.ffw-berg.de\/wordpress\/wp-json\/wp\/v2\/posts"}],"about":[{"href":"https:\/\/www.ffw-berg.de\/wordpress\/wp-json\/wp\/v2\/types\/post"}],"author":[{"embeddable":true,"href":"https:\/\/www.ffw-berg.de\/wordpress\/wp-json\/wp\/v2\/users\/2"}],"replies":[{"embeddable":true,"href":"https:\/\/www.ffw-berg.de\/wordpress\/wp-json\/wp\/v2\/comments?post=218681"}],"version-history":[{"count":0,"href":"https:\/\/www.ffw-berg.de\/wordpress\/wp-json\/wp\/v2\/posts\/218681\/revisions"}],"wp:featuredmedia":[{"embeddable":true,"href":"https:\/\/www.ffw-berg.de\/wordpress\/wp-json\/wp\/v2\/media\/218684"}],"wp:attachment":[{"href":"https:\/\/www.ffw-berg.de\/wordpress\/wp-json\/wp\/v2\/media?parent=218681"}],"wp:term":[{"taxonomy":"category","embeddable":true,"href":"https:\/\/www.ffw-berg.de\/wordpress\/wp-json\/wp\/v2\/categories?post=218681"},{"taxonomy":"post_tag","embeddable":true,"href":"https:\/\/www.ffw-berg.de\/wordpress\/wp-json\/wp\/v2\/tags?post=218681"}],"curies":[{"name":"wp","href":"https:\/\/api.w.org\/{rel}","templated":true}]}}