{"id":218686,"date":"2024-10-11T20:00:00","date_gmt":"2024-10-11T18:00:00","guid":{"rendered":"https:\/\/www.ffw-berg.de\/wordpress\/?p=218686"},"modified":"2024-11-09T13:28:40","modified_gmt":"2024-11-09T12:28:40","slug":"nachtuebung-2024-im-berger-winkel","status":"publish","type":"post","link":"https:\/\/www.ffw-berg.de\/wordpress\/nachtuebung-2024-im-berger-winkel\/","title":{"rendered":"Nacht\u00fcbung 2024 im Berger Winkel"},"content":{"rendered":"\n<p>Unsere allj\u00e4hrliche Nacht\u00fcbung f\u00fcr die Feuerwehren des gesamten Berger Winkels fand dieses Mal auf dem Betriebsgel\u00e4nde der Firma Liros statt, die uns dies als \u00dcbungsobjekt bereitgestellt hat. Ein besonderer Dank an dieser Stelle an die Firma Liros Ropes sowie deren Brandschutzbeauftragten.<\/p>\n\n\n\n<figure class=\"wp-block-gallery has-nested-images columns-default is-cropped wp-block-gallery-1 is-layout-flex wp-block-gallery-is-layout-flex\">\n<figure class=\"wp-block-image size-large\"><img loading=\"lazy\" decoding=\"async\" width=\"1080\" height=\"720\" data-id=\"218687\" src=\"https:\/\/www.ffw-berg.de\/wordpress\/wp-content\/uploads\/2024\/11\/nachtuebung20241-1080x720.jpg\" alt=\"\" class=\"wp-image-218687\" srcset=\"https:\/\/www.ffw-berg.de\/wordpress\/wp-content\/uploads\/2024\/11\/nachtuebung20241-1080x720.jpg 1080w, https:\/\/www.ffw-berg.de\/wordpress\/wp-content\/uploads\/2024\/11\/nachtuebung20241-300x200.jpg 300w, https:\/\/www.ffw-berg.de\/wordpress\/wp-content\/uploads\/2024\/11\/nachtuebung20241-120x80.jpg 120w, https:\/\/www.ffw-berg.de\/wordpress\/wp-content\/uploads\/2024\/11\/nachtuebung20241-768x512.jpg 768w, https:\/\/www.ffw-berg.de\/wordpress\/wp-content\/uploads\/2024\/11\/nachtuebung20241-1536x1024.jpg 1536w, https:\/\/www.ffw-berg.de\/wordpress\/wp-content\/uploads\/2024\/11\/nachtuebung20241.jpg 2048w\" sizes=\"auto, (max-width: 1080px) 100vw, 1080px\" \/><\/figure>\n\n\n\n<figure class=\"wp-block-image size-large\"><img loading=\"lazy\" decoding=\"async\" width=\"1080\" height=\"720\" data-id=\"218688\" src=\"https:\/\/www.ffw-berg.de\/wordpress\/wp-content\/uploads\/2024\/11\/nachtuebung20243-1080x720.jpg\" alt=\"\" class=\"wp-image-218688\" srcset=\"https:\/\/www.ffw-berg.de\/wordpress\/wp-content\/uploads\/2024\/11\/nachtuebung20243-1080x720.jpg 1080w, https:\/\/www.ffw-berg.de\/wordpress\/wp-content\/uploads\/2024\/11\/nachtuebung20243-300x200.jpg 300w, https:\/\/www.ffw-berg.de\/wordpress\/wp-content\/uploads\/2024\/11\/nachtuebung20243-120x80.jpg 120w, https:\/\/www.ffw-berg.de\/wordpress\/wp-content\/uploads\/2024\/11\/nachtuebung20243-768x512.jpg 768w, https:\/\/www.ffw-berg.de\/wordpress\/wp-content\/uploads\/2024\/11\/nachtuebung20243-1536x1024.jpg 1536w, https:\/\/www.ffw-berg.de\/wordpress\/wp-content\/uploads\/2024\/11\/nachtuebung20243.jpg 2048w\" sizes=\"auto, (max-width: 1080px) 100vw, 1080px\" \/><\/figure>\n\n\n\n<figure class=\"wp-block-image size-large\"><img loading=\"lazy\" decoding=\"async\" width=\"1080\" height=\"720\" data-id=\"218690\" src=\"https:\/\/www.ffw-berg.de\/wordpress\/wp-content\/uploads\/2024\/11\/nachtuebung20246-1080x720.jpg\" alt=\"\" class=\"wp-image-218690\" srcset=\"https:\/\/www.ffw-berg.de\/wordpress\/wp-content\/uploads\/2024\/11\/nachtuebung20246-1080x720.jpg 1080w, https:\/\/www.ffw-berg.de\/wordpress\/wp-content\/uploads\/2024\/11\/nachtuebung20246-300x200.jpg 300w, https:\/\/www.ffw-berg.de\/wordpress\/wp-content\/uploads\/2024\/11\/nachtuebung20246-120x80.jpg 120w, https:\/\/www.ffw-berg.de\/wordpress\/wp-content\/uploads\/2024\/11\/nachtuebung20246-768x512.jpg 768w, https:\/\/www.ffw-berg.de\/wordpress\/wp-content\/uploads\/2024\/11\/nachtuebung20246-1536x1024.jpg 1536w, https:\/\/www.ffw-berg.de\/wordpress\/wp-content\/uploads\/2024\/11\/nachtuebung20246.jpg 2048w\" sizes=\"auto, (max-width: 1080px) 100vw, 1080px\" \/><\/figure>\n\n\n\n<figure class=\"wp-block-image size-large\"><img loading=\"lazy\" decoding=\"async\" width=\"1080\" height=\"720\" data-id=\"218689\" src=\"https:\/\/www.ffw-berg.de\/wordpress\/wp-content\/uploads\/2024\/11\/nachtuebung20244-1080x720.jpg\" alt=\"\" class=\"wp-image-218689\" srcset=\"https:\/\/www.ffw-berg.de\/wordpress\/wp-content\/uploads\/2024\/11\/nachtuebung20244-1080x720.jpg 1080w, https:\/\/www.ffw-berg.de\/wordpress\/wp-content\/uploads\/2024\/11\/nachtuebung20244-300x200.jpg 300w, https:\/\/www.ffw-berg.de\/wordpress\/wp-content\/uploads\/2024\/11\/nachtuebung20244-120x80.jpg 120w, https:\/\/www.ffw-berg.de\/wordpress\/wp-content\/uploads\/2024\/11\/nachtuebung20244-768x512.jpg 768w, https:\/\/www.ffw-berg.de\/wordpress\/wp-content\/uploads\/2024\/11\/nachtuebung20244-1536x1024.jpg 1536w, https:\/\/www.ffw-berg.de\/wordpress\/wp-content\/uploads\/2024\/11\/nachtuebung20244.jpg 2048w\" sizes=\"auto, (max-width: 1080px) 100vw, 1080px\" \/><\/figure>\n<\/figure>\n\n\n\n<div style=\"height:30px\" aria-hidden=\"true\" class=\"wp-block-spacer\"><\/div>\n\n\n\n<p>Angenommen wurde ein Brand im Lager mit 6 vermissten Personen. W\u00e4hrend wir mit den Kameraden der Freiwillige Feuerwehr Bruck-Bug den Abschnitt der Personenrettung und Brandbek\u00e4mpfung abarbeiteten, stellte unser LF sowie die L\u00f6schgruppe Hadermannsgr\u00fcn die Wasserversorgung sicher. <\/p>\n\n\n\n<div style=\"height:30px\" aria-hidden=\"true\" class=\"wp-block-spacer\"><\/div>\n\n\n\n<figure class=\"wp-block-gallery has-nested-images columns-default is-cropped wp-block-gallery-2 is-layout-flex wp-block-gallery-is-layout-flex\">\n<figure class=\"wp-block-image size-large\"><img loading=\"lazy\" decoding=\"async\" width=\"1080\" height=\"720\" data-id=\"218694\" src=\"https:\/\/www.ffw-berg.de\/wordpress\/wp-content\/uploads\/2024\/11\/nachtuebung20247-1080x720.jpg\" alt=\"\" class=\"wp-image-218694\" srcset=\"https:\/\/www.ffw-berg.de\/wordpress\/wp-content\/uploads\/2024\/11\/nachtuebung20247-1080x720.jpg 1080w, https:\/\/www.ffw-berg.de\/wordpress\/wp-content\/uploads\/2024\/11\/nachtuebung20247-300x200.jpg 300w, https:\/\/www.ffw-berg.de\/wordpress\/wp-content\/uploads\/2024\/11\/nachtuebung20247-120x80.jpg 120w, https:\/\/www.ffw-berg.de\/wordpress\/wp-content\/uploads\/2024\/11\/nachtuebung20247-768x512.jpg 768w, https:\/\/www.ffw-berg.de\/wordpress\/wp-content\/uploads\/2024\/11\/nachtuebung20247-1536x1024.jpg 1536w, https:\/\/www.ffw-berg.de\/wordpress\/wp-content\/uploads\/2024\/11\/nachtuebung20247.jpg 2048w\" sizes=\"auto, (max-width: 1080px) 100vw, 1080px\" \/><\/figure>\n\n\n\n<figure class=\"wp-block-image size-large\"><img loading=\"lazy\" decoding=\"async\" width=\"1080\" height=\"720\" data-id=\"218691\" src=\"https:\/\/www.ffw-berg.de\/wordpress\/wp-content\/uploads\/2024\/11\/nachtuebung20242-1080x720.jpg\" alt=\"\" class=\"wp-image-218691\" srcset=\"https:\/\/www.ffw-berg.de\/wordpress\/wp-content\/uploads\/2024\/11\/nachtuebung20242-1080x720.jpg 1080w, https:\/\/www.ffw-berg.de\/wordpress\/wp-content\/uploads\/2024\/11\/nachtuebung20242-300x200.jpg 300w, https:\/\/www.ffw-berg.de\/wordpress\/wp-content\/uploads\/2024\/11\/nachtuebung20242-120x80.jpg 120w, https:\/\/www.ffw-berg.de\/wordpress\/wp-content\/uploads\/2024\/11\/nachtuebung20242-768x512.jpg 768w, https:\/\/www.ffw-berg.de\/wordpress\/wp-content\/uploads\/2024\/11\/nachtuebung20242-1536x1024.jpg 1536w, https:\/\/www.ffw-berg.de\/wordpress\/wp-content\/uploads\/2024\/11\/nachtuebung20242.jpg 2048w\" sizes=\"auto, (max-width: 1080px) 100vw, 1080px\" \/><\/figure>\n<\/figure>\n\n\n\n<div style=\"height:30px\" aria-hidden=\"true\" class=\"wp-block-spacer\"><\/div>\n\n\n\n<p>Die Feuerwehren Eisenb\u00fchl, Tiefengr\u00fcn und Rudolphstein bauten derweil eine Wasserversorgung f\u00fcr eine Abschirmung der umliegenden Geb\u00e4ude auf. Zeitgleich erfolgte die Au\u00dfenbrandbek\u00e4mpfung am hinteren Geb\u00e4udeteil durch die Feuerwehr Gottsmannsgr\u00fcn, Schnarchenreuth und unsere Partnerwehr Freiwillige Feuerwehr Hirschberg (Saale) . <\/p>\n\n\n\n<div style=\"height:30px\" aria-hidden=\"true\" class=\"wp-block-spacer\"><\/div>\n\n\n\n<figure class=\"wp-block-image\"><img loading=\"lazy\" decoding=\"async\" width=\"2048\" height=\"1152\" src=\"https:\/\/www.ffw-berg.de\/wordpress\/wp-content\/uploads\/2024\/11\/nachtuebung20249-edited.jpg\" alt=\"\" class=\"wp-image-218695\" srcset=\"https:\/\/www.ffw-berg.de\/wordpress\/wp-content\/uploads\/2024\/11\/nachtuebung20249-edited.jpg 2048w, https:\/\/www.ffw-berg.de\/wordpress\/wp-content\/uploads\/2024\/11\/nachtuebung20249-edited-300x169.jpg 300w, https:\/\/www.ffw-berg.de\/wordpress\/wp-content\/uploads\/2024\/11\/nachtuebung20249-edited-1080x608.jpg 1080w, https:\/\/www.ffw-berg.de\/wordpress\/wp-content\/uploads\/2024\/11\/nachtuebung20249-edited-120x68.jpg 120w, https:\/\/www.ffw-berg.de\/wordpress\/wp-content\/uploads\/2024\/11\/nachtuebung20249-edited-768x432.jpg 768w, https:\/\/www.ffw-berg.de\/wordpress\/wp-content\/uploads\/2024\/11\/nachtuebung20249-edited-1536x864.jpg 1536w, https:\/\/www.ffw-berg.de\/wordpress\/wp-content\/uploads\/2024\/11\/nachtuebung20249-edited-678x381.jpg 678w\" sizes=\"auto, (max-width: 2048px) 100vw, 2048px\" \/><\/figure>\n\n\n\n<p>Auch B\u00fcrgermeisterin Patricia Rubner lie\u00df es sich nicht nehmen der \u00dcbung beizuwohnen und bei der abschlie\u00dfenden \u00dcbungsnachbesprechung einen Dank an alle Beteiligten zu richten.<\/p>\n","protected":false},"excerpt":{"rendered":"<div class=\"mh-excerpt\">Unsere allj\u00e4hrliche Nacht\u00fcbung f\u00fcr die Feuerwehren des gesamten Berger Winkels fand dieses Mal auf dem Betriebsgel\u00e4nde der Firma Liros statt, die uns dies als \u00dcbungsobjekt bereitgestellt hat.<\/div>\n<p> <a class=\"mh-excerpt-more\" href=\"https:\/\/www.ffw-berg.de\/wordpress\/nachtuebung-2024-im-berger-winkel\/\" title=\"Nacht\u00fcbung 2024 im Berger Winkel\">[  Mehr &gt;&gt; ]<\/a><\/p>\n","protected":false},"author":2,"featured_media":218690,"comment_status":"open","ping_status":"open","sticky":false,"template":"","format":"standard","meta":{"footnotes":""},"categories":[747],"tags":[82,363,364,894,1190,1402,1496,1497,1498,1506],"class_list":{"0":"post-218686","1":"post","2":"type-post","3":"status-publish","4":"format-standard","5":"has-post-thumbnail","7":"category-wir-ueber-uns-2","8":"tag-lf86","9":"tag-mzf","10":"tag-mtw","11":"tag-hlf20","12":"tag-liros-ropes","13":"tag-berger-winkel","14":"tag-nachtuebung","15":"tag-firma-liros","16":"tag-betriebsgelaende","17":"tag-nacht2024"},"_links":{"self":[{"href":"https:\/\/www.ffw-berg.de\/wordpress\/wp-json\/wp\/v2\/posts\/218686","targetHints":{"allow":["GET"]}}],"collection":[{"href":"https:\/\/www.ffw-berg.de\/wordpress\/wp-json\/wp\/v2\/posts"}],"about":[{"href":"https:\/\/www.ffw-berg.de\/wordpress\/wp-json\/wp\/v2\/types\/post"}],"author":[{"embeddable":true,"href":"https:\/\/www.ffw-berg.de\/wordpress\/wp-json\/wp\/v2\/users\/2"}],"replies":[{"embeddable":true,"href":"https:\/\/www.ffw-berg.de\/wordpress\/wp-json\/wp\/v2\/comments?post=218686"}],"version-history":[{"count":0,"href":"https:\/\/www.ffw-berg.de\/wordpress\/wp-json\/wp\/v2\/posts\/218686\/revisions"}],"wp:featuredmedia":[{"embeddable":true,"href":"https:\/\/www.ffw-berg.de\/wordpress\/wp-json\/wp\/v2\/media\/218690"}],"wp:attachment":[{"href":"https:\/\/www.ffw-berg.de\/wordpress\/wp-json\/wp\/v2\/media?parent=218686"}],"wp:term":[{"taxonomy":"category","embeddable":true,"href":"https:\/\/www.ffw-berg.de\/wordpress\/wp-json\/wp\/v2\/categories?post=218686"},{"taxonomy":"post_tag","embeddable":true,"href":"https:\/\/www.ffw-berg.de\/wordpress\/wp-json\/wp\/v2\/tags?post=218686"}],"curies":[{"name":"wp","href":"https:\/\/api.w.org\/{rel}","templated":true}]}}