{"id":218707,"date":"2024-10-03T21:00:00","date_gmt":"2024-10-03T19:00:00","guid":{"rendered":"https:\/\/www.ffw-berg.de\/wordpress\/?p=218707"},"modified":"2026-02-24T12:30:25","modified_gmt":"2026-02-24T11:30:25","slug":"einsatzuebung-in-hirschberg","status":"publish","type":"post","link":"https:\/\/www.ffw-berg.de\/wordpress\/einsatzuebung-in-hirschberg\/","title":{"rendered":"Einsatz\u00fcbung in Hirschberg"},"content":{"rendered":"\n<h2 class=\"wp-block-heading\">L\u00e4nder\u00fcbergreifende Zusammenarbeit wurde ge\u00fcbt<\/h2>\n\n\n\n<p>Anfang Oktober nahmen wir gemeinsam mit den Feuerwehren Tiefengr\u00fcn, Rudolphstein, Schnarchenreuth und Eisenb\u00fchl an einer Einsatz\u00fcbung im benachbarten th\u00fcringischen Hirschberg teil. Ziel der \u00dcbung war es die l\u00e4nder\u00fcbergreifende Zusammenarbeit, die immer weiter ausgebaut wird, weiter zu st\u00e4rken, und die Abl\u00e4ufe der Wehren sich gegenseitig n\u00e4her zu bringen.&nbsp;Angenommen wurde hierzu ein Brand mit mehreren vermissten Personen im Turnerheim der Stadt Hirschberg. Gemeinsam mit den Kameraden der Feuerwehr Schnarchenreuth und Eisenb\u00fchl \u00fcbernahmen wir den Einsatzabschnitt Au\u00dfenbrandbek\u00e4mpfung und unterst\u00fctzten die Einsatzkr\u00e4fte vor Ort mit mehreren Atemschutzger\u00e4tetr\u00e4gern.&nbsp;<\/p>\n\n\n\n<figure class=\"wp-block-gallery has-nested-images columns-default is-cropped wp-block-gallery-1 is-layout-flex wp-block-gallery-is-layout-flex\">\n<figure class=\"wp-block-image size-large\"><a href=\"https:\/\/www.ffw-berg.de\/wordpress\/wp-content\/uploads\/2024\/11\/uebung20243.jpg\"><img loading=\"lazy\" decoding=\"async\" width=\"614\" height=\"768\" data-id=\"218710\" src=\"https:\/\/www.ffw-berg.de\/wordpress\/wp-content\/uploads\/2024\/11\/uebung20243-614x768.jpg\" alt=\"\" class=\"wp-image-218710\" srcset=\"https:\/\/www.ffw-berg.de\/wordpress\/wp-content\/uploads\/2024\/11\/uebung20243-614x768.jpg 614w, https:\/\/www.ffw-berg.de\/wordpress\/wp-content\/uploads\/2024\/11\/uebung20243-200x250.jpg 200w, https:\/\/www.ffw-berg.de\/wordpress\/wp-content\/uploads\/2024\/11\/uebung20243-96x120.jpg 96w, https:\/\/www.ffw-berg.de\/wordpress\/wp-content\/uploads\/2024\/11\/uebung20243-768x960.jpg 768w, https:\/\/www.ffw-berg.de\/wordpress\/wp-content\/uploads\/2024\/11\/uebung20243-1229x1536.jpg 1229w, https:\/\/www.ffw-berg.de\/wordpress\/wp-content\/uploads\/2024\/11\/uebung20243.jpg 1365w\" sizes=\"auto, (max-width: 614px) 100vw, 614px\" \/><\/a><\/figure>\n\n\n\n<figure class=\"wp-block-image size-large\"><a href=\"https:\/\/www.ffw-berg.de\/wordpress\/wp-content\/uploads\/2024\/11\/uebung20241.jpg\"><img loading=\"lazy\" decoding=\"async\" width=\"614\" height=\"768\" data-id=\"218709\" src=\"https:\/\/www.ffw-berg.de\/wordpress\/wp-content\/uploads\/2024\/11\/uebung20241-614x768.jpg\" alt=\"\" class=\"wp-image-218709\" srcset=\"https:\/\/www.ffw-berg.de\/wordpress\/wp-content\/uploads\/2024\/11\/uebung20241-614x768.jpg 614w, https:\/\/www.ffw-berg.de\/wordpress\/wp-content\/uploads\/2024\/11\/uebung20241-200x250.jpg 200w, https:\/\/www.ffw-berg.de\/wordpress\/wp-content\/uploads\/2024\/11\/uebung20241-96x120.jpg 96w, https:\/\/www.ffw-berg.de\/wordpress\/wp-content\/uploads\/2024\/11\/uebung20241-768x960.jpg 768w, https:\/\/www.ffw-berg.de\/wordpress\/wp-content\/uploads\/2024\/11\/uebung20241-1229x1536.jpg 1229w, https:\/\/www.ffw-berg.de\/wordpress\/wp-content\/uploads\/2024\/11\/uebung20241.jpg 1365w\" sizes=\"auto, (max-width: 614px) 100vw, 614px\" \/><\/a><\/figure>\n\n\n\n<figure class=\"wp-block-image size-large\"><a href=\"https:\/\/www.ffw-berg.de\/wordpress\/wp-content\/uploads\/2024\/11\/uebung20242.jpg\"><img loading=\"lazy\" decoding=\"async\" width=\"614\" height=\"768\" data-id=\"218708\" src=\"https:\/\/www.ffw-berg.de\/wordpress\/wp-content\/uploads\/2024\/11\/uebung20242-614x768.jpg\" alt=\"\" class=\"wp-image-218708\" srcset=\"https:\/\/www.ffw-berg.de\/wordpress\/wp-content\/uploads\/2024\/11\/uebung20242-614x768.jpg 614w, https:\/\/www.ffw-berg.de\/wordpress\/wp-content\/uploads\/2024\/11\/uebung20242-200x250.jpg 200w, https:\/\/www.ffw-berg.de\/wordpress\/wp-content\/uploads\/2024\/11\/uebung20242-96x120.jpg 96w, https:\/\/www.ffw-berg.de\/wordpress\/wp-content\/uploads\/2024\/11\/uebung20242-768x960.jpg 768w, https:\/\/www.ffw-berg.de\/wordpress\/wp-content\/uploads\/2024\/11\/uebung20242-1229x1536.jpg 1229w, https:\/\/www.ffw-berg.de\/wordpress\/wp-content\/uploads\/2024\/11\/uebung20242.jpg 1365w\" sizes=\"auto, (max-width: 614px) 100vw, 614px\" \/><\/a><\/figure>\n<\/figure>\n\n\n\n<p>Vielen Dank an die Freiwillige Feuerwehr Hirschberg (Saale) f\u00fcr die Einladung. Bereits einige Wochen sp\u00e4ter nahmen die Kameraden auch an unserer Nacht\u00fcbung teil. F\u00fcr das kommende Jahr sind bereits weitere gemeinsame Ausbildungen und \u00dcbungen geplant. <\/p>\n\n\n\n<p class=\"has-text-align-center\">Vielen Dank Josephine Weisflog f\u00fcr die Bereitstellung der Bilder!<\/p>\n\n\n\n<p><\/p>\n","protected":false},"excerpt":{"rendered":"<div class=\"mh-excerpt\">Anfang Oktober nahmen wir gemeinsam mit den Feuerwehren Tiefengr\u00fcn, Rudolphstein, Schnarchenreuth und Eisenb\u00fchl an einer Einsatz\u00fcbung im benachbarten th\u00fcringischen Hirschberg teil. Ziel der \u00dcbung war es die l\u00e4nder\u00fcbergreifende Zusammenarbeit.<\/div>\n<p> <a class=\"mh-excerpt-more\" href=\"https:\/\/www.ffw-berg.de\/wordpress\/einsatzuebung-in-hirschberg\/\" title=\"Einsatz\u00fcbung in Hirschberg\">[  Mehr &gt;&gt; ]<\/a><\/p>\n","protected":false},"author":2,"featured_media":218710,"comment_status":"open","ping_status":"open","sticky":false,"template":"","format":"standard","meta":{"footnotes":""},"categories":[747],"tags":[468,510,844,845,1210,1265,1507,1508,1509],"class_list":{"0":"post-218707","1":"post","2":"type-post","3":"status-publish","4":"format-standard","5":"has-post-thumbnail","7":"category-wir-ueber-uns-2","8":"tag-einsatzuebung","9":"tag-ff-hirschbergsaale","10":"tag-ff-tiefengruen","11":"tag-ff-rudolphstein","12":"tag-ff-eisenbuehl","13":"tag-ff-schnarchenreuth","14":"tag-laenderuebergreifende-uebung","15":"tag-einsatzablaeufe","16":"tag-eue2024"},"_links":{"self":[{"href":"https:\/\/www.ffw-berg.de\/wordpress\/wp-json\/wp\/v2\/posts\/218707","targetHints":{"allow":["GET"]}}],"collection":[{"href":"https:\/\/www.ffw-berg.de\/wordpress\/wp-json\/wp\/v2\/posts"}],"about":[{"href":"https:\/\/www.ffw-berg.de\/wordpress\/wp-json\/wp\/v2\/types\/post"}],"author":[{"embeddable":true,"href":"https:\/\/www.ffw-berg.de\/wordpress\/wp-json\/wp\/v2\/users\/2"}],"replies":[{"embeddable":true,"href":"https:\/\/www.ffw-berg.de\/wordpress\/wp-json\/wp\/v2\/comments?post=218707"}],"version-history":[{"count":0,"href":"https:\/\/www.ffw-berg.de\/wordpress\/wp-json\/wp\/v2\/posts\/218707\/revisions"}],"wp:featuredmedia":[{"embeddable":true,"href":"https:\/\/www.ffw-berg.de\/wordpress\/wp-json\/wp\/v2\/media\/218710"}],"wp:attachment":[{"href":"https:\/\/www.ffw-berg.de\/wordpress\/wp-json\/wp\/v2\/media?parent=218707"}],"wp:term":[{"taxonomy":"category","embeddable":true,"href":"https:\/\/www.ffw-berg.de\/wordpress\/wp-json\/wp\/v2\/categories?post=218707"},{"taxonomy":"post_tag","embeddable":true,"href":"https:\/\/www.ffw-berg.de\/wordpress\/wp-json\/wp\/v2\/tags?post=218707"}],"curies":[{"name":"wp","href":"https:\/\/api.w.org\/{rel}","templated":true}]}}