{"id":218769,"date":"2024-12-08T21:33:00","date_gmt":"2024-12-08T20:33:00","guid":{"rendered":"https:\/\/www.ffw-berg.de\/wordpress\/?p=218769"},"modified":"2025-03-02T20:55:58","modified_gmt":"2025-03-02T19:55:58","slug":"einsatz-vom-08-12-24-thl-vu-mit-pkw","status":"publish","type":"post","link":"https:\/\/www.ffw-berg.de\/wordpress\/einsatz-vom-08-12-24-thl-vu-mit-pkw\/","title":{"rendered":"Einsatz vom 08.12.24 &#8211; THL &#8211; VU mit PKW"},"content":{"rendered":"\n<div class=\"wp-block-columns has-2-columns is-layout-flex wp-container-core-columns-is-layout-9d6595d7 wp-block-columns-is-layout-flex\">\n<div class=\"wp-block-column is-layout-flow wp-block-column-is-layout-flow\">\n<p class=\"has-text-color\" style=\"color:#800000\"><strong>Nr.<\/strong><\/p>\n\n\n\n<p class=\"has-text-color\" style=\"color:#800000\"><strong>Alarmzeit<\/strong><\/p>\n\n\n\n<p class=\"has-text-color\" style=\"color:#800000\"><strong>Einsatzdauer<\/strong><\/p>\n\n\n\n<p class=\"has-text-color\" style=\"color:#800000\"><strong>Einsatzort<\/strong><\/p>\n\n\n\n<p class=\"has-text-color\" style=\"color:#800000\"><strong>Einsatzart&nbsp;<\/strong><\/p>\n\n\n\n<p class=\"has-text-color\" style=\"color:#800000\"><strong>Eingesetzte Fahrzeuge&nbsp;<\/strong><\/p>\n\n\n\n<p class=\"has-text-color\" style=\"color:#800000\"><strong>Einsatzmittel<\/strong><\/p>\n<\/div>\n\n\n\n<div class=\"wp-block-column is-layout-flow wp-block-column-is-layout-flow\">\n<p>55<\/p>\n\n\n\n<p>21.33 Uhr<\/p>\n\n\n\n<p>1,48 Std.<\/p>\n\n\n\n<p>BAB A9 Fahrtrichtung Norden, KM 246<\/p>\n\n\n\n<p>THL 1 | VU mit PKW<\/p>\n\n\n\n<p>HLF20, Lf 8\/6, MTW, VSA<\/p>\n\n\n\n<p>Verkehrslenkungsger\u00e4t, Kommunikationsmittel, Chemische \u00d6lbindemittel, sonstiges Ger\u00e4t\/Material<\/p>\n<\/div>\n<\/div>\n\n\n\n<hr class=\"wp-block-separator has-css-opacity is-style-wide\"\/>\n\n\n\n<h4 class=\"wp-block-heading\">Einsatzbericht<\/h4>\n\n\n\n<p>VU mit PKW auf der A9 in Fahrtrichtung Berlin KM 246,0.<\/p>\n\n\n\n<p>Nach der Kollision eines PKW mit der Mittelleitplanke kam dieser besch\u00e4digt auf dem Standstreifen zum Stehen. Zur Absicherung f\u00fcr den Rettungsdienst und Aufnahme des Unfalls durch die VPI Hof, wurde durch FL Berg 42\/1 mit VSA der rechte Fahrstreifen gesperrt. Durch FL Berg 40\/1 wurde der Brandschutz am Unfall-PKW sichergestellt.<\/p>\n","protected":false},"excerpt":{"rendered":"<div class=\"mh-excerpt\">Nr. 55 | Zeit: 21.33 Uhr | BAB A9 Fahrtrichtung Norden | THL<\/p>\n<p>Eingesetzte Fahrzeuge:<br \/>\nHLF 20, LF8\/6, MTW, VSA<\/p><\/div>\n<p> <a class=\"mh-excerpt-more\" href=\"https:\/\/www.ffw-berg.de\/wordpress\/einsatz-vom-08-12-24-thl-vu-mit-pkw\/\" title=\"Einsatz vom 08.12.24 &#8211; THL &#8211; VU mit PKW\">[  Mehr &gt;&gt; ]<\/a><\/p>\n","protected":false},"author":2,"featured_media":212207,"comment_status":"closed","ping_status":"open","sticky":false,"template":"","format":"standard","meta":{"footnotes":""},"categories":[1380],"tags":[82,362,364,147,171,567,572,706,1063,1135],"class_list":{"0":"post-218769","1":"post","2":"type-post","3":"status-publish","4":"format-standard","5":"has-post-thumbnail","7":"category-einsaetze-2024","8":"tag-lf86","9":"tag-vsa","10":"tag-mtw","11":"tag-kommunikationsmittel","12":"tag-feuerloescher","13":"tag-c-d-rohre","14":"tag-verkehrslenkungsgeraet","15":"tag-hlf-20","16":"tag-verkehrslenkungmittel","17":"tag-vu-pkw"},"_links":{"self":[{"href":"https:\/\/www.ffw-berg.de\/wordpress\/wp-json\/wp\/v2\/posts\/218769","targetHints":{"allow":["GET"]}}],"collection":[{"href":"https:\/\/www.ffw-berg.de\/wordpress\/wp-json\/wp\/v2\/posts"}],"about":[{"href":"https:\/\/www.ffw-berg.de\/wordpress\/wp-json\/wp\/v2\/types\/post"}],"author":[{"embeddable":true,"href":"https:\/\/www.ffw-berg.de\/wordpress\/wp-json\/wp\/v2\/users\/2"}],"replies":[{"embeddable":true,"href":"https:\/\/www.ffw-berg.de\/wordpress\/wp-json\/wp\/v2\/comments?post=218769"}],"version-history":[{"count":0,"href":"https:\/\/www.ffw-berg.de\/wordpress\/wp-json\/wp\/v2\/posts\/218769\/revisions"}],"wp:featuredmedia":[{"embeddable":true,"href":"https:\/\/www.ffw-berg.de\/wordpress\/wp-json\/wp\/v2\/media\/212207"}],"wp:attachment":[{"href":"https:\/\/www.ffw-berg.de\/wordpress\/wp-json\/wp\/v2\/media?parent=218769"}],"wp:term":[{"taxonomy":"category","embeddable":true,"href":"https:\/\/www.ffw-berg.de\/wordpress\/wp-json\/wp\/v2\/categories?post=218769"},{"taxonomy":"post_tag","embeddable":true,"href":"https:\/\/www.ffw-berg.de\/wordpress\/wp-json\/wp\/v2\/tags?post=218769"}],"curies":[{"name":"wp","href":"https:\/\/api.w.org\/{rel}","templated":true}]}}