{"id":218782,"date":"2024-12-23T16:07:00","date_gmt":"2024-12-23T15:07:00","guid":{"rendered":"https:\/\/www.ffw-berg.de\/wordpress\/?p=218782"},"modified":"2025-03-02T20:55:58","modified_gmt":"2025-03-02T19:55:58","slug":"einsatz-vom-23-12-24-thl-vu-mit-pkw","status":"publish","type":"post","link":"https:\/\/www.ffw-berg.de\/wordpress\/einsatz-vom-23-12-24-thl-vu-mit-pkw\/","title":{"rendered":"Einsatz vom 23.12.24 &#8211; THL &#8211; VU mit PKW"},"content":{"rendered":"\n<div class=\"wp-block-columns has-2-columns is-layout-flex wp-container-core-columns-is-layout-9d6595d7 wp-block-columns-is-layout-flex\">\n<div class=\"wp-block-column is-layout-flow wp-block-column-is-layout-flow\">\n<p class=\"has-text-color\" style=\"color:#800000\"><strong>Nr.<\/strong><\/p>\n\n\n\n<p class=\"has-text-color\" style=\"color:#800000\"><strong>Alarmzeit<\/strong><\/p>\n\n\n\n<p class=\"has-text-color\" style=\"color:#800000\"><strong>Einsatzdauer<\/strong><\/p>\n\n\n\n<p class=\"has-text-color\" style=\"color:#800000\"><strong>Einsatzort<\/strong><\/p>\n\n\n\n<p class=\"has-text-color\" style=\"color:#800000\"><strong>Einsatzart&nbsp;<\/strong><\/p>\n\n\n\n<p class=\"has-text-color\" style=\"color:#800000\"><strong>Eingesetzte Fahrzeuge&nbsp;<\/strong><\/p>\n\n\n\n<p class=\"has-text-color\" style=\"color:#800000\"><strong>Einsatzmittel<\/strong><\/p>\n<\/div>\n\n\n\n<div class=\"wp-block-column is-layout-flow wp-block-column-is-layout-flow\">\n<p>58<\/p>\n\n\n\n<p>16.07 Uhr<\/p>\n\n\n\n<p>2,37 Std.<\/p>\n\n\n\n<p>St2198 Berg Richtung Issigau<\/p>\n\n\n\n<p>THL 1 | VU mit PKW<\/p>\n\n\n\n<p>HLF20, LF 8\/6, MTW<\/p>\n\n\n\n<p>C\/D-Rohre, Spreizer, Hydraulische Rettungsmittel, Arbeitsmittel, Beleuchtungsmittel, Stromerzeuger, Verkehrslenkungsger\u00e4t, Kommunikationsmittel, Chemische \u00d6lbindemittel, sonstiges Ger\u00e4t\/Material<\/p>\n<\/div>\n<\/div>\n\n\n\n<hr class=\"wp-block-separator has-css-opacity is-style-wide\"\/>\n\n\n\n<h4 class=\"wp-block-heading\">Einsatzbericht<\/h4>\n\n\n\n<p>VU zwischen 2 PKW auf der St2198 zwischen Berg und Hadermannsgr\u00fcn.<\/p>\n\n\n\n<p>Gemeinsam mit dem ersteintreffenden Rettungsdienst erfolgte die Erstversorgung der beiden PKW-Insassen, wobei sich eine Person noch im Fahrzeug befand. Nach R\u00fccksprache mit dem Notarzt erfolgte eine patientenschonende Rettung, hierzu wurde mittels hydraulischen Rettungsger\u00e4t das Fahrzeugdach entfernt um die Person zu befreien.<\/p>\n\n\n\n<p>Zur Unfallaufnahme wurde im weiteren Einsatzverlauf die Einsatzstelle gro\u00dffl\u00e4chig ausgeleuchtet, und nach Freigabe der Einsatzstelle auslaufende Betriebsstoffe gebunden, sowie die Fahrbahn von Tr\u00fcmmerteilen und Erdreich gereinigt. Bis zur Bergung der Fahrzeuge durch den Abschleppdienst wurde die St2198 komplett gesperrt.<\/p>\n\n\n\n<hr class=\"wp-block-separator has-css-opacity is-style-wide\"\/>\n\n\n\n<h4 class=\"wp-block-heading has-text-align-center\">Einsatzfotos<\/h4>\n\n\n\n<figure class=\"wp-block-gallery has-nested-images columns-default is-cropped wp-block-gallery-1 is-layout-flex wp-block-gallery-is-layout-flex\">\n<figure class=\"wp-block-image size-large\"><a href=\"https:\/\/www.ffw-berg.de\/wordpress\/wp-content\/uploads\/2025\/01\/23-12-24_vu_1.jpg\"><img loading=\"lazy\" decoding=\"async\" width=\"1080\" height=\"608\" data-id=\"218794\" src=\"https:\/\/www.ffw-berg.de\/wordpress\/wp-content\/uploads\/2025\/01\/23-12-24_vu_1-1080x608.jpg\" alt=\"\" class=\"wp-image-218794\" srcset=\"https:\/\/www.ffw-berg.de\/wordpress\/wp-content\/uploads\/2025\/01\/23-12-24_vu_1-1080x608.jpg 1080w, https:\/\/www.ffw-berg.de\/wordpress\/wp-content\/uploads\/2025\/01\/23-12-24_vu_1-300x169.jpg 300w, https:\/\/www.ffw-berg.de\/wordpress\/wp-content\/uploads\/2025\/01\/23-12-24_vu_1-120x68.jpg 120w, https:\/\/www.ffw-berg.de\/wordpress\/wp-content\/uploads\/2025\/01\/23-12-24_vu_1-768x432.jpg 768w, https:\/\/www.ffw-berg.de\/wordpress\/wp-content\/uploads\/2025\/01\/23-12-24_vu_1-1536x864.jpg 1536w, https:\/\/www.ffw-berg.de\/wordpress\/wp-content\/uploads\/2025\/01\/23-12-24_vu_1-678x381.jpg 678w, https:\/\/www.ffw-berg.de\/wordpress\/wp-content\/uploads\/2025\/01\/23-12-24_vu_1.jpg 1920w\" sizes=\"auto, (max-width: 1080px) 100vw, 1080px\" \/><\/a><\/figure>\n\n\n\n<figure class=\"wp-block-image size-large\"><a href=\"https:\/\/www.ffw-berg.de\/wordpress\/wp-content\/uploads\/2025\/01\/23-12-24_vu_2.jpg\"><img loading=\"lazy\" decoding=\"async\" width=\"1080\" height=\"608\" data-id=\"218795\" src=\"https:\/\/www.ffw-berg.de\/wordpress\/wp-content\/uploads\/2025\/01\/23-12-24_vu_2-1080x608.jpg\" alt=\"\" class=\"wp-image-218795\" srcset=\"https:\/\/www.ffw-berg.de\/wordpress\/wp-content\/uploads\/2025\/01\/23-12-24_vu_2-1080x608.jpg 1080w, https:\/\/www.ffw-berg.de\/wordpress\/wp-content\/uploads\/2025\/01\/23-12-24_vu_2-300x169.jpg 300w, https:\/\/www.ffw-berg.de\/wordpress\/wp-content\/uploads\/2025\/01\/23-12-24_vu_2-120x68.jpg 120w, https:\/\/www.ffw-berg.de\/wordpress\/wp-content\/uploads\/2025\/01\/23-12-24_vu_2-768x432.jpg 768w, https:\/\/www.ffw-berg.de\/wordpress\/wp-content\/uploads\/2025\/01\/23-12-24_vu_2-1536x864.jpg 1536w, https:\/\/www.ffw-berg.de\/wordpress\/wp-content\/uploads\/2025\/01\/23-12-24_vu_2-678x381.jpg 678w, https:\/\/www.ffw-berg.de\/wordpress\/wp-content\/uploads\/2025\/01\/23-12-24_vu_2.jpg 1920w\" sizes=\"auto, (max-width: 1080px) 100vw, 1080px\" \/><\/a><\/figure>\n<\/figure>\n\n\n\n<hr class=\"wp-block-separator has-alpha-channel-opacity is-style-wide\"\/>\n\n\n\n<h4 class=\"wp-block-heading\">Presseberichte:<\/h4>\n\n\n\n<ul class=\"wp-block-list\">\n<li>Bericht der Frankenpost vom 24.12.24 <strong><a href=\"https:\/\/www.frankenpost.de\/inhalt.bei-berg-frau-faehrt-in-gegenverkehr-schwer-verletzt.a060d71a-5c23-42c8-9d5c-0d60c0d2d6e3.html\" data-type=\"link\" data-id=\"https:\/\/www.frankenpost.de\/inhalt.bei-berg-frau-faehrt-in-gegenverkehr-schwer-verletzt.a060d71a-5c23-42c8-9d5c-0d60c0d2d6e3.html\" target=\"_blank\" rel=\"noreferrer noopener\">hier lesen &gt;<\/a><\/strong><\/li>\n\n\n\n<li>Bericht bei Einsatz-Live.de <strong><a href=\"https:\/\/einsatz-live.de\/index.php\/pi-naila\/19649-pi-naila-24-78.html\" data-type=\"link\" data-id=\"https:\/\/einsatz-live.de\/index.php\/pi-naila\/19649-pi-naila-24-78.html\" target=\"_blank\" rel=\"noreferrer noopener\">hier lesen &gt;<\/a><\/strong><\/li>\n<\/ul>\n\n\n\n<p><\/p>\n","protected":false},"excerpt":{"rendered":"<div class=\"mh-excerpt\">Nr. 58 | Zeit: 16.07 Uhr | St. 2198, Berg Richtung Issigau | THL<\/p>\n<p>Eingesetzte Fahrzeuge:<br \/>\nHLF 20, LF8\/6, MTW<\/p><\/div>\n<p> <a class=\"mh-excerpt-more\" href=\"https:\/\/www.ffw-berg.de\/wordpress\/einsatz-vom-23-12-24-thl-vu-mit-pkw\/\" title=\"Einsatz vom 23.12.24 &#8211; THL &#8211; VU mit PKW\">[  Mehr &gt;&gt; ]<\/a><\/p>\n","protected":false},"author":2,"featured_media":218794,"comment_status":"closed","ping_status":"open","sticky":false,"template":"","format":"standard","meta":{"footnotes":""},"categories":[1380],"tags":[82,364,147,167,168,171,203,318,567,572,706,1135,1377],"class_list":{"0":"post-218782","1":"post","2":"type-post","3":"status-publish","4":"format-standard","5":"has-post-thumbnail","7":"category-einsaetze-2024","8":"tag-lf86","9":"tag-mtw","10":"tag-kommunikationsmittel","11":"tag-stromerzeuger","12":"tag-beleuchtungsgeraete","13":"tag-feuerloescher","14":"tag-chemische-oelbindemittel","15":"tag-spreizer","16":"tag-c-d-rohre","17":"tag-verkehrslenkungsgeraet","18":"tag-hlf-20","19":"tag-vu-pkw","20":"tag-hydraulischer-rettungssatz"},"_links":{"self":[{"href":"https:\/\/www.ffw-berg.de\/wordpress\/wp-json\/wp\/v2\/posts\/218782","targetHints":{"allow":["GET"]}}],"collection":[{"href":"https:\/\/www.ffw-berg.de\/wordpress\/wp-json\/wp\/v2\/posts"}],"about":[{"href":"https:\/\/www.ffw-berg.de\/wordpress\/wp-json\/wp\/v2\/types\/post"}],"author":[{"embeddable":true,"href":"https:\/\/www.ffw-berg.de\/wordpress\/wp-json\/wp\/v2\/users\/2"}],"replies":[{"embeddable":true,"href":"https:\/\/www.ffw-berg.de\/wordpress\/wp-json\/wp\/v2\/comments?post=218782"}],"version-history":[{"count":0,"href":"https:\/\/www.ffw-berg.de\/wordpress\/wp-json\/wp\/v2\/posts\/218782\/revisions"}],"wp:featuredmedia":[{"embeddable":true,"href":"https:\/\/www.ffw-berg.de\/wordpress\/wp-json\/wp\/v2\/media\/218794"}],"wp:attachment":[{"href":"https:\/\/www.ffw-berg.de\/wordpress\/wp-json\/wp\/v2\/media?parent=218782"}],"wp:term":[{"taxonomy":"category","embeddable":true,"href":"https:\/\/www.ffw-berg.de\/wordpress\/wp-json\/wp\/v2\/categories?post=218782"},{"taxonomy":"post_tag","embeddable":true,"href":"https:\/\/www.ffw-berg.de\/wordpress\/wp-json\/wp\/v2\/tags?post=218782"}],"curies":[{"name":"wp","href":"https:\/\/api.w.org\/{rel}","templated":true}]}}