{"id":218826,"date":"2025-01-06T18:31:00","date_gmt":"2025-01-06T17:31:00","guid":{"rendered":"https:\/\/www.ffw-berg.de\/wordpress\/?p=218826"},"modified":"2025-03-02T20:45:47","modified_gmt":"2025-03-02T19:45:47","slug":"einsatz-vom-06-01-25-brand-lkw-fehlalarm","status":"publish","type":"post","link":"https:\/\/www.ffw-berg.de\/wordpress\/einsatz-vom-06-01-25-brand-lkw-fehlalarm\/","title":{"rendered":"Einsatz vom 06.01.25 &#8211; Brand LKW &#8211; Fehlalarm"},"content":{"rendered":"\n<div class=\"wp-block-columns has-2-columns is-layout-flex wp-container-core-columns-is-layout-9d6595d7 wp-block-columns-is-layout-flex\">\n<div class=\"wp-block-column is-layout-flow wp-block-column-is-layout-flow\">\n<p class=\"has-text-color\" style=\"color:#800000\"><strong>Nr.<\/strong><\/p>\n\n\n\n<p class=\"has-text-color\" style=\"color:#800000\"><strong>Alarmzeit<\/strong><\/p>\n\n\n\n<p class=\"has-text-color\" style=\"color:#800000\"><strong>Einsatzdauer<\/strong><\/p>\n\n\n\n<p class=\"has-text-color\" style=\"color:#800000\"><strong>Einsatzort<\/strong><\/p>\n\n\n\n<p class=\"has-text-color\" style=\"color:#800000\"><strong>Einsatzart&nbsp;<\/strong><\/p>\n\n\n\n<p class=\"has-text-color\" style=\"color:#800000\"><strong>Eingesetzte Fahrzeuge&nbsp;<\/strong><\/p>\n\n\n\n<p class=\"has-text-color\" style=\"color:#800000\"><strong>Einsatzmittel<\/strong><\/p>\n<\/div>\n\n\n\n<div class=\"wp-block-column is-layout-flow wp-block-column-is-layout-flow\">\n<p>01<\/p>\n\n\n\n<p>18.31 Uhr<\/p>\n\n\n\n<p>1,63 Std.<\/p>\n\n\n\n<p>BAB A9 Fahrtrichtung Norden, Berg<\/p>\n\n\n\n<p>B3 | Brand LKW\/Bus (abbestellt)<\/p>\n\n\n\n<p>HLF20, LF 8\/6, MTW, VSA<\/p>\n\n\n\n<p>Beleuchtungsger\u00e4te, Verkehrslenkungsger\u00e4t, Kommunikationsger\u00e4t, \u00d6l-Bindemittel, sonstiges Ger\u00e4t\/Material<\/p>\n<\/div>\n<\/div>\n\n\n\n<hr class=\"wp-block-separator has-css-opacity is-style-wide\"\/>\n\n\n\n<h4 class=\"wp-block-heading\">Einsatzbericht<\/h4>\n\n\n\n<p>Gemeldeter LKW-Brand stellt sich als Turboladerschaden heraus.<\/p>\n\n\n\n<p>Bei Eintreffen konnte kein Flammenschein oder Rauchentwicklung an der Zugmaschine festgestellt werden. Auslaufende Betriebsstoffe durch Schuttmulde aufgefangen und mittels Bindemittel gebunden. Nach R\u00fccksprache mit der Polizei wurde der rechte und mittlere Fahrstreifen gesperrt. Bis zur Sperrung der Auffahrt der AS Berg\/Bad Steben in Fahrtrichtung Berlin unterst\u00fctzte die FF Selbitz bei der Verkehrsabsicherung.<\/p>\n\n\n\n<p>Nach Eintreffen der Autobahnmeisterei M\u00fcnchberg \u00fcbernahm diese die Verkehrsabsicherung bis zum Abschleppen des Sattelzugs.<\/p>\n\n\n\n<h4 class=\"wp-block-heading has-text-align-center\">Einsatzfotos<\/h4>\n\n\n\n<figure class=\"wp-block-gallery has-nested-images columns-default is-cropped wp-block-gallery-1 is-layout-flex wp-block-gallery-is-layout-flex\">\n<figure class=\"wp-block-image size-large\"><a href=\"https:\/\/www.ffw-berg.de\/wordpress\/wp-content\/uploads\/2025\/01\/06-01-25_vu_1.jpg\"><img loading=\"lazy\" decoding=\"async\" width=\"1080\" height=\"607\" data-id=\"218840\" src=\"https:\/\/www.ffw-berg.de\/wordpress\/wp-content\/uploads\/2025\/01\/06-01-25_vu_1-1080x607.jpg\" alt=\"\" class=\"wp-image-218840\" srcset=\"https:\/\/www.ffw-berg.de\/wordpress\/wp-content\/uploads\/2025\/01\/06-01-25_vu_1-1080x607.jpg 1080w, https:\/\/www.ffw-berg.de\/wordpress\/wp-content\/uploads\/2025\/01\/06-01-25_vu_1-300x169.jpg 300w, https:\/\/www.ffw-berg.de\/wordpress\/wp-content\/uploads\/2025\/01\/06-01-25_vu_1-120x67.jpg 120w, https:\/\/www.ffw-berg.de\/wordpress\/wp-content\/uploads\/2025\/01\/06-01-25_vu_1-768x432.jpg 768w, https:\/\/www.ffw-berg.de\/wordpress\/wp-content\/uploads\/2025\/01\/06-01-25_vu_1-1536x863.jpg 1536w, https:\/\/www.ffw-berg.de\/wordpress\/wp-content\/uploads\/2025\/01\/06-01-25_vu_1-678x381.jpg 678w, https:\/\/www.ffw-berg.de\/wordpress\/wp-content\/uploads\/2025\/01\/06-01-25_vu_1.jpg 1920w\" sizes=\"auto, (max-width: 1080px) 100vw, 1080px\" \/><\/a><\/figure>\n\n\n\n<figure class=\"wp-block-image size-large\"><a href=\"https:\/\/www.ffw-berg.de\/wordpress\/wp-content\/uploads\/2025\/01\/06-01-25_vu_2.jpg\"><img loading=\"lazy\" decoding=\"async\" width=\"1080\" height=\"608\" data-id=\"218839\" src=\"https:\/\/www.ffw-berg.de\/wordpress\/wp-content\/uploads\/2025\/01\/06-01-25_vu_2-1080x608.jpg\" alt=\"\" class=\"wp-image-218839\" srcset=\"https:\/\/www.ffw-berg.de\/wordpress\/wp-content\/uploads\/2025\/01\/06-01-25_vu_2-1080x608.jpg 1080w, https:\/\/www.ffw-berg.de\/wordpress\/wp-content\/uploads\/2025\/01\/06-01-25_vu_2-300x169.jpg 300w, https:\/\/www.ffw-berg.de\/wordpress\/wp-content\/uploads\/2025\/01\/06-01-25_vu_2-120x68.jpg 120w, https:\/\/www.ffw-berg.de\/wordpress\/wp-content\/uploads\/2025\/01\/06-01-25_vu_2-768x432.jpg 768w, https:\/\/www.ffw-berg.de\/wordpress\/wp-content\/uploads\/2025\/01\/06-01-25_vu_2-1536x864.jpg 1536w, https:\/\/www.ffw-berg.de\/wordpress\/wp-content\/uploads\/2025\/01\/06-01-25_vu_2-678x381.jpg 678w, https:\/\/www.ffw-berg.de\/wordpress\/wp-content\/uploads\/2025\/01\/06-01-25_vu_2.jpg 1920w\" sizes=\"auto, (max-width: 1080px) 100vw, 1080px\" \/><\/a><\/figure>\n<\/figure>\n\n\n\n<p><\/p>\n","protected":false},"excerpt":{"rendered":"<div class=\"mh-excerpt\">Nr. 01 | Zeit: 18.31 Uhr |  BAB A9 Fahrtrichtung Norden | B<\/p>\n<p>Eingesetzte Fahrzeuge:<br \/>\nHLF 20, LF 8\/6, MTW, VSA<\/p><\/div>\n<p> <a class=\"mh-excerpt-more\" href=\"https:\/\/www.ffw-berg.de\/wordpress\/einsatz-vom-06-01-25-brand-lkw-fehlalarm\/\" title=\"Einsatz vom 06.01.25 &#8211; Brand LKW &#8211; Fehlalarm\">[  Mehr &gt;&gt; ]<\/a><\/p>\n","protected":false},"author":2,"featured_media":218840,"comment_status":"closed","ping_status":"open","sticky":false,"template":"","format":"standard","meta":{"footnotes":""},"categories":[1446,4],"tags":[71,82,362,86,95,364,147,313,894,1063],"class_list":{"0":"post-218826","1":"post","2":"type-post","3":"status-publish","4":"format-standard","5":"has-post-thumbnail","7":"category-einsaetze-2025","8":"category-einsaetze","9":"tag-wbk","10":"tag-lf86","11":"tag-vsa","12":"tag-fahrzeugbrand","13":"tag-pa","14":"tag-mtw","15":"tag-kommunikationsmittel","16":"tag-fahrzeugloeschwasserbehaelter","17":"tag-hlf20","18":"tag-verkehrslenkungmittel"},"_links":{"self":[{"href":"https:\/\/www.ffw-berg.de\/wordpress\/wp-json\/wp\/v2\/posts\/218826","targetHints":{"allow":["GET"]}}],"collection":[{"href":"https:\/\/www.ffw-berg.de\/wordpress\/wp-json\/wp\/v2\/posts"}],"about":[{"href":"https:\/\/www.ffw-berg.de\/wordpress\/wp-json\/wp\/v2\/types\/post"}],"author":[{"embeddable":true,"href":"https:\/\/www.ffw-berg.de\/wordpress\/wp-json\/wp\/v2\/users\/2"}],"replies":[{"embeddable":true,"href":"https:\/\/www.ffw-berg.de\/wordpress\/wp-json\/wp\/v2\/comments?post=218826"}],"version-history":[{"count":0,"href":"https:\/\/www.ffw-berg.de\/wordpress\/wp-json\/wp\/v2\/posts\/218826\/revisions"}],"wp:featuredmedia":[{"embeddable":true,"href":"https:\/\/www.ffw-berg.de\/wordpress\/wp-json\/wp\/v2\/media\/218840"}],"wp:attachment":[{"href":"https:\/\/www.ffw-berg.de\/wordpress\/wp-json\/wp\/v2\/media?parent=218826"}],"wp:term":[{"taxonomy":"category","embeddable":true,"href":"https:\/\/www.ffw-berg.de\/wordpress\/wp-json\/wp\/v2\/categories?post=218826"},{"taxonomy":"post_tag","embeddable":true,"href":"https:\/\/www.ffw-berg.de\/wordpress\/wp-json\/wp\/v2\/tags?post=218826"}],"curies":[{"name":"wp","href":"https:\/\/api.w.org\/{rel}","templated":true}]}}