{"id":218870,"date":"2025-03-04T19:30:00","date_gmt":"2025-03-04T18:30:00","guid":{"rendered":"https:\/\/www.ffw-berg.de\/wordpress\/?p=218870"},"modified":"2025-05-11T18:51:45","modified_gmt":"2025-05-11T16:51:45","slug":"einsatz-vom-04-03-25-thl-person-eingeschlossen","status":"publish","type":"post","link":"https:\/\/www.ffw-berg.de\/wordpress\/einsatz-vom-04-03-25-thl-person-eingeschlossen\/","title":{"rendered":"Einsatz vom 04.03.25 &#8211; THL Person eingeschlossen"},"content":{"rendered":"\n<div class=\"wp-block-columns has-2-columns is-layout-flex wp-container-core-columns-is-layout-9d6595d7 wp-block-columns-is-layout-flex\">\n<div class=\"wp-block-column is-layout-flow wp-block-column-is-layout-flow\">\n<p class=\"has-text-color\" style=\"color:#800000\"><strong>Nr.<\/strong><\/p>\n\n\n\n<p class=\"has-text-color\" style=\"color:#800000\"><strong>Alarmzeit<\/strong><\/p>\n\n\n\n<p class=\"has-text-color\" style=\"color:#800000\"><strong>Einsatzdauer<\/strong><\/p>\n\n\n\n<p class=\"has-text-color\" style=\"color:#800000\"><strong>Einsatzort<\/strong><\/p>\n\n\n\n<p class=\"has-text-color\" style=\"color:#800000\"><strong>Einsatzart&nbsp;<\/strong><\/p>\n\n\n\n<p class=\"has-text-color\" style=\"color:#800000\"><strong>Eingesetzte Fahrzeuge&nbsp;<\/strong><\/p>\n\n\n\n<p class=\"has-text-color\" style=\"color:#800000\"><strong>Einsatzmittel<\/strong><\/p>\n<\/div>\n\n\n\n<div class=\"wp-block-column is-layout-flow wp-block-column-is-layout-flow\">\n<p>05<\/p>\n\n\n\n<p>19.30 Uhr<\/p>\n\n\n\n<p>0,83 Std.<\/p>\n\n\n\n<p>Von-Koch-Str., Berg<\/p>\n\n\n\n<p>THL 1 | Wohnungs\u00f6ffnung<\/p>\n\n\n\n<p>MTW<\/p>\n\n\n\n<p>Sperr-\/T\u00fcr\u00f6ffnungswerkzeug<\/p>\n<\/div>\n<\/div>\n\n\n\n<hr class=\"wp-block-separator has-css-opacity is-style-wide\"\/>\n\n\n\n<h4 class=\"wp-block-heading\">Einsatzbericht<\/h4>\n\n\n\n<p>Anforderung T\u00fcr\u00f6ffnung nach Wasserschaden in leerstehenden Wohnhaus.<\/p>\n\n\n\n<p>Im Rahmen einer Amtshilfe f\u00fcr die Polizei bzw. Gemeinde wurde sich \u00fcber ein gekipptes Fenster Zugang zum Geb\u00e4ude verschafft. Nachdem ein Eingreifen seitens der Feuerwehr nicht erforderlich war, wurde das Geb\u00e4ude wieder verschlossen. Durch die Polizei wurde der Hauseigent\u00fcmer informiert.<\/p>\n","protected":false},"excerpt":{"rendered":"<div class=\"mh-excerpt\">Nr. 05  | Zeit: 19.30 Uhr |Von-Koch-Str., Berg | THL<\/p>\n<p>Eingesetzte Fahrzeuge:<br \/>\nMTW<\/p><\/div>\n<p> <a class=\"mh-excerpt-more\" href=\"https:\/\/www.ffw-berg.de\/wordpress\/einsatz-vom-04-03-25-thl-person-eingeschlossen\/\" title=\"Einsatz vom 04.03.25 &#8211; THL Person eingeschlossen\">[  Mehr &gt;&gt; ]<\/a><\/p>\n","protected":false},"author":2,"featured_media":212207,"comment_status":"closed","ping_status":"open","sticky":false,"template":"","format":"standard","meta":{"footnotes":""},"categories":[1446,4],"tags":[78,364,147,934,1015],"class_list":{"0":"post-218870","1":"post","2":"type-post","3":"status-publish","4":"format-standard","5":"has-post-thumbnail","7":"category-einsaetze-2025","8":"category-einsaetze","9":"tag-thl","10":"tag-mtw","11":"tag-kommunikationsmittel","12":"tag-tueroeffnung","13":"tag-sperrwerkzeug"},"_links":{"self":[{"href":"https:\/\/www.ffw-berg.de\/wordpress\/wp-json\/wp\/v2\/posts\/218870","targetHints":{"allow":["GET"]}}],"collection":[{"href":"https:\/\/www.ffw-berg.de\/wordpress\/wp-json\/wp\/v2\/posts"}],"about":[{"href":"https:\/\/www.ffw-berg.de\/wordpress\/wp-json\/wp\/v2\/types\/post"}],"author":[{"embeddable":true,"href":"https:\/\/www.ffw-berg.de\/wordpress\/wp-json\/wp\/v2\/users\/2"}],"replies":[{"embeddable":true,"href":"https:\/\/www.ffw-berg.de\/wordpress\/wp-json\/wp\/v2\/comments?post=218870"}],"version-history":[{"count":0,"href":"https:\/\/www.ffw-berg.de\/wordpress\/wp-json\/wp\/v2\/posts\/218870\/revisions"}],"wp:featuredmedia":[{"embeddable":true,"href":"https:\/\/www.ffw-berg.de\/wordpress\/wp-json\/wp\/v2\/media\/212207"}],"wp:attachment":[{"href":"https:\/\/www.ffw-berg.de\/wordpress\/wp-json\/wp\/v2\/media?parent=218870"}],"wp:term":[{"taxonomy":"category","embeddable":true,"href":"https:\/\/www.ffw-berg.de\/wordpress\/wp-json\/wp\/v2\/categories?post=218870"},{"taxonomy":"post_tag","embeddable":true,"href":"https:\/\/www.ffw-berg.de\/wordpress\/wp-json\/wp\/v2\/tags?post=218870"}],"curies":[{"name":"wp","href":"https:\/\/api.w.org\/{rel}","templated":true}]}}