{"id":218874,"date":"2025-03-18T15:51:00","date_gmt":"2025-03-18T14:51:00","guid":{"rendered":"https:\/\/www.ffw-berg.de\/wordpress\/?p=218874"},"modified":"2025-05-11T20:06:33","modified_gmt":"2025-05-11T18:06:33","slug":"einsatz-vom-18-03-25-brand-freiflaeche","status":"publish","type":"post","link":"https:\/\/www.ffw-berg.de\/wordpress\/einsatz-vom-18-03-25-brand-freiflaeche\/","title":{"rendered":"Einsatz vom 18.03.25 &#8211; Brand, Freifl\u00e4che"},"content":{"rendered":"\n<div class=\"wp-block-columns has-2-columns is-layout-flex wp-container-core-columns-is-layout-9d6595d7 wp-block-columns-is-layout-flex\">\n<div class=\"wp-block-column is-layout-flow wp-block-column-is-layout-flow\">\n<p class=\"has-text-color\" style=\"color:#800000\"><strong>Nr.<\/strong><\/p>\n\n\n\n<p class=\"has-text-color\" style=\"color:#800000\"><strong>Alarmzeit<\/strong><\/p>\n\n\n\n<p class=\"has-text-color\" style=\"color:#800000\"><strong>Einsatzdauer<\/strong><\/p>\n\n\n\n<p class=\"has-text-color\" style=\"color:#800000\"><strong>Einsatzort<\/strong><\/p>\n\n\n\n<p class=\"has-text-color\" style=\"color:#800000\"><strong>Einsatzart&nbsp;<\/strong><\/p>\n\n\n\n<p class=\"has-text-color\" style=\"color:#800000\"><strong>Eingesetzte Fahrzeuge&nbsp;<\/strong><\/p>\n\n\n\n<p class=\"has-text-color\" style=\"color:#800000\"><strong>Einsatzmittel<\/strong><\/p>\n<\/div>\n\n\n\n<div class=\"wp-block-column is-layout-flow wp-block-column-is-layout-flow\">\n<p>07<\/p>\n\n\n\n<p>15.51 Uhr<\/p>\n\n\n\n<p>0,62 Std.<\/p>\n\n\n\n<p>Kemlas, Issigau<\/p>\n\n\n\n<p>B1 | Kleinbrand &#8211; Einsatz nicht mehr erforderlich<\/p>\n\n\n\n<p>HLF 20, MTW<\/p>\n\n\n\n<p>Kommunikationsger\u00e4te<\/p>\n<\/div>\n<\/div>\n\n\n\n<hr class=\"wp-block-separator has-css-opacity is-style-wide\"\/>\n\n\n\n<h4 class=\"wp-block-heading\">Einsatzbericht<\/h4>\n\n\n\n<p>Gemeldeter Fl\u00e4chenbrand im Bereich Panoramastra\u00dfe Richtung Kemlas.<\/p>\n\n\n\n<p>Nachdem ein Nutzfeuer auf die angrenzende B\u00f6schung \u00fcbergegriffen hatte, entstand ein ca. 500 qm gro\u00dfer Fl\u00e4chenbrand. Durch die Einsatzkr\u00e4fte der Feuerwehren Kemlas, Issigau und Reitzenstein konnte der Brand unter Kontrolle gebracht werden, ein Eingreifen war somit nicht erforderlich.<\/p>\n\n\n\n<hr class=\"wp-block-separator has-css-opacity is-style-wide\"\/>\n\n\n\n<h4 class=\"wp-block-heading has-text-align-center\">Einsatzfotos:<\/h4>\n\n\n<div class=\"wp-block-image\">\n<figure class=\"aligncenter size-large\"><img loading=\"lazy\" decoding=\"async\" width=\"1080\" height=\"608\" src=\"https:\/\/www.ffw-berg.de\/wordpress\/wp-content\/uploads\/2025\/03\/Brand_Kemlas_18032025-1080x608.jpg\" alt=\"\" class=\"wp-image-218877\" srcset=\"https:\/\/www.ffw-berg.de\/wordpress\/wp-content\/uploads\/2025\/03\/Brand_Kemlas_18032025-1080x608.jpg 1080w, https:\/\/www.ffw-berg.de\/wordpress\/wp-content\/uploads\/2025\/03\/Brand_Kemlas_18032025-300x169.jpg 300w, https:\/\/www.ffw-berg.de\/wordpress\/wp-content\/uploads\/2025\/03\/Brand_Kemlas_18032025-120x68.jpg 120w, https:\/\/www.ffw-berg.de\/wordpress\/wp-content\/uploads\/2025\/03\/Brand_Kemlas_18032025-768x432.jpg 768w, https:\/\/www.ffw-berg.de\/wordpress\/wp-content\/uploads\/2025\/03\/Brand_Kemlas_18032025-1536x864.jpg 1536w, https:\/\/www.ffw-berg.de\/wordpress\/wp-content\/uploads\/2025\/03\/Brand_Kemlas_18032025-678x381.jpg 678w, https:\/\/www.ffw-berg.de\/wordpress\/wp-content\/uploads\/2025\/03\/Brand_Kemlas_18032025.jpg 1920w\" sizes=\"auto, (max-width: 1080px) 100vw, 1080px\" \/><\/figure>\n<\/div>","protected":false},"excerpt":{"rendered":"<div class=\"mh-excerpt\">Nr. 07 | Zeit: 15.51 Uhr | Kemlas, Issigau | B<\/p>\n<p>Eingesetzte Fahrzeuge:<br \/>\nHLF20, MTW<\/p><\/div>\n<p> <a class=\"mh-excerpt-more\" href=\"https:\/\/www.ffw-berg.de\/wordpress\/einsatz-vom-18-03-25-brand-freiflaeche\/\" title=\"Einsatz vom 18.03.25 &#8211; Brand, Freifl\u00e4che\">[  Mehr &gt;&gt; ]<\/a><\/p>\n","protected":false},"author":2,"featured_media":218877,"comment_status":"closed","ping_status":"open","sticky":false,"template":"","format":"standard","meta":{"footnotes":""},"categories":[1446,4],"tags":[364,178,354,562,894,1489,1518,1519,1520],"class_list":{"0":"post-218874","1":"post","2":"type-post","3":"status-publish","4":"format-standard","5":"has-post-thumbnail","7":"category-einsaetze-2025","8":"category-einsaetze","9":"tag-mtw","10":"tag-berg","11":"tag-boeschung","12":"tag-kommunikationsgeraete","13":"tag-hlf20","14":"tag-brand-im-freien","15":"tag-ff-kemlas","16":"tag-ff-issigau","17":"tag-ff-reitzenstein"},"_links":{"self":[{"href":"https:\/\/www.ffw-berg.de\/wordpress\/wp-json\/wp\/v2\/posts\/218874","targetHints":{"allow":["GET"]}}],"collection":[{"href":"https:\/\/www.ffw-berg.de\/wordpress\/wp-json\/wp\/v2\/posts"}],"about":[{"href":"https:\/\/www.ffw-berg.de\/wordpress\/wp-json\/wp\/v2\/types\/post"}],"author":[{"embeddable":true,"href":"https:\/\/www.ffw-berg.de\/wordpress\/wp-json\/wp\/v2\/users\/2"}],"replies":[{"embeddable":true,"href":"https:\/\/www.ffw-berg.de\/wordpress\/wp-json\/wp\/v2\/comments?post=218874"}],"version-history":[{"count":0,"href":"https:\/\/www.ffw-berg.de\/wordpress\/wp-json\/wp\/v2\/posts\/218874\/revisions"}],"wp:featuredmedia":[{"embeddable":true,"href":"https:\/\/www.ffw-berg.de\/wordpress\/wp-json\/wp\/v2\/media\/218877"}],"wp:attachment":[{"href":"https:\/\/www.ffw-berg.de\/wordpress\/wp-json\/wp\/v2\/media?parent=218874"}],"wp:term":[{"taxonomy":"category","embeddable":true,"href":"https:\/\/www.ffw-berg.de\/wordpress\/wp-json\/wp\/v2\/categories?post=218874"},{"taxonomy":"post_tag","embeddable":true,"href":"https:\/\/www.ffw-berg.de\/wordpress\/wp-json\/wp\/v2\/tags?post=218874"}],"curies":[{"name":"wp","href":"https:\/\/api.w.org\/{rel}","templated":true}]}}