{"id":218891,"date":"2025-04-19T12:43:00","date_gmt":"2025-04-19T10:43:00","guid":{"rendered":"https:\/\/www.ffw-berg.de\/wordpress\/?p=218891"},"modified":"2025-05-11T21:22:57","modified_gmt":"2025-05-11T19:22:57","slug":"einsatz-vom-19-04-25-ueberregionale-hilfeleistung-bay-thueringen","status":"publish","type":"post","link":"https:\/\/www.ffw-berg.de\/wordpress\/einsatz-vom-19-04-25-ueberregionale-hilfeleistung-bay-thueringen\/","title":{"rendered":"Einsatz vom 19.04.25 &#8211; \u00dcberregionale Hilfeleistung (BAY-Th\u00fcringen)"},"content":{"rendered":"\n<p><span style=\"font-family: arial, helvetica, sans-serif\"><\/span><\/p>\n\n\n\n<div class=\"wp-block-columns has-2-columns is-layout-flex wp-container-core-columns-is-layout-9d6595d7 wp-block-columns-is-layout-flex\">\n<div class=\"wp-block-column is-layout-flow wp-block-column-is-layout-flow\">\n<p class=\"has-text-color\" style=\"color:#800000\"><strong>Nr.:<\/strong><\/p>\n\n\n\n<p class=\"has-text-color\" style=\"color:#800000\"><strong>Alarmzeit:<\/strong><\/p>\n\n\n\n<p class=\"has-text-color\" style=\"color:#800000\"><strong>Einsatzdauer:<\/strong><\/p>\n\n\n\n<p class=\"has-text-color\" style=\"color:#800000\"><strong>Einsatzort:<\/strong><\/p>\n\n\n\n<p class=\"has-text-color\" style=\"color:#800000\"><strong>Einsatzart:<\/strong><\/p>\n\n\n\n<p class=\"has-text-color\" style=\"color:#800000\"><strong>Eingesetzte Fahrzeuge:<\/strong><\/p>\n\n\n\n<p class=\"has-text-color\" style=\"color:#800000\"><strong>Einsatzmittel:<\/strong><br \/><\/p>\n<\/div>\n\n\n\n<div class=\"wp-block-column is-layout-flow wp-block-column-is-layout-flow\">\n<p>10<\/p>\n\n\n\n<p>12.43 Uhr<\/p>\n\n\n\n<p>12,33 Std.<\/p>\n\n\n\n<p>Hofer Stra\u00dfe alte B2 H\u00f6he Juchh\u00f6h, T\u00f6pen<\/p>\n\n\n\n<p>THL 1 | \u00dcberregionale Hilfeleistung (au\u00dferhalb BAY)\u00a0<\/p>\n\n\n\n<p>LF 8\/6, MTW<\/p>\n\n\n\n<p>Stromerzeuger, Beleuchtungsger\u00e4t, Verkehrslenkungsger\u00e4t, Kommunikationsger\u00e4t, Sonstiges Material<\/p>\n<\/div>\n<\/div>\n\n\n\n<hr class=\"wp-block-separator has-css-opacity is-style-wide\"\/>\n\n\n\n<h4 class=\"wp-block-heading\"><strong>Einsatzbericht<\/strong><\/h4>\n\n\n\n<p>Unterst\u00fctzung der FF Hirschberg bei der Verkehrslenkung und Parkplatzeinweisung anl\u00e4sslich des MDR Jump Osterfeuer. Zum Einbruch der Dunkelheit wurde der Parkplatz f\u00fcr die Abreise der Besucher mittels Lichtmast und Beleuchtungssatz von FL Berg 42\/1 ausgeleuchtet.<\/p>\n\n\n\n<hr class=\"wp-block-separator has-css-opacity is-style-wide\"\/>\n\n\n\n<h4 class=\"wp-block-heading has-text-align-center\">Einsatzfotos:<\/h4>\n\n\n<div class=\"wp-block-image\">\n<figure class=\"aligncenter size-large\"><img loading=\"lazy\" decoding=\"async\" width=\"1080\" height=\"608\" src=\"https:\/\/www.ffw-berg.de\/wordpress\/wp-content\/uploads\/2025\/05\/Parkplatzeinweisung_MDR_Osterfeuer_19042025-1080x608.jpg\" alt=\"\" class=\"wp-image-218892\" srcset=\"https:\/\/www.ffw-berg.de\/wordpress\/wp-content\/uploads\/2025\/05\/Parkplatzeinweisung_MDR_Osterfeuer_19042025-1080x608.jpg 1080w, https:\/\/www.ffw-berg.de\/wordpress\/wp-content\/uploads\/2025\/05\/Parkplatzeinweisung_MDR_Osterfeuer_19042025-300x169.jpg 300w, https:\/\/www.ffw-berg.de\/wordpress\/wp-content\/uploads\/2025\/05\/Parkplatzeinweisung_MDR_Osterfeuer_19042025-120x68.jpg 120w, https:\/\/www.ffw-berg.de\/wordpress\/wp-content\/uploads\/2025\/05\/Parkplatzeinweisung_MDR_Osterfeuer_19042025-768x432.jpg 768w, https:\/\/www.ffw-berg.de\/wordpress\/wp-content\/uploads\/2025\/05\/Parkplatzeinweisung_MDR_Osterfeuer_19042025-1536x864.jpg 1536w, https:\/\/www.ffw-berg.de\/wordpress\/wp-content\/uploads\/2025\/05\/Parkplatzeinweisung_MDR_Osterfeuer_19042025-678x381.jpg 678w, https:\/\/www.ffw-berg.de\/wordpress\/wp-content\/uploads\/2025\/05\/Parkplatzeinweisung_MDR_Osterfeuer_19042025.jpg 1920w\" sizes=\"auto, (max-width: 1080px) 100vw, 1080px\" \/><\/figure>\n<\/div>","protected":false},"excerpt":{"rendered":"<div class=\"mh-excerpt\">Nr. 10 | Zeit: 12.43 Uhr | Hofer Stra\u00dfe alte B2 H\u00f6he Juchh\u00f6h, T\u00f6pen | Si-Wache<\/p>\n<p>Eingesetzte Fahrzeuge:<br \/>\nLF 8\/6, MZF<\/p><\/div>\n<p> <a class=\"mh-excerpt-more\" href=\"https:\/\/www.ffw-berg.de\/wordpress\/einsatz-vom-19-04-25-ueberregionale-hilfeleistung-bay-thueringen\/\" title=\"Einsatz vom 19.04.25 &#8211; \u00dcberregionale Hilfeleistung (BAY-Th\u00fcringen)\">[  Mehr &gt;&gt; ]<\/a><\/p>\n","protected":false},"author":2,"featured_media":218892,"comment_status":"closed","ping_status":"open","sticky":false,"template":"","format":"standard","meta":{"footnotes":""},"categories":[1446,4],"tags":[149,179,1257],"class_list":{"0":"post-218891","1":"post","2":"type-post","3":"status-publish","4":"format-standard","5":"has-post-thumbnail","7":"category-einsaetze-2025","8":"category-einsaetze","9":"tag-lf-86","10":"tag-sicherheitswache","11":"tag-motorsportveranstaltung"},"_links":{"self":[{"href":"https:\/\/www.ffw-berg.de\/wordpress\/wp-json\/wp\/v2\/posts\/218891","targetHints":{"allow":["GET"]}}],"collection":[{"href":"https:\/\/www.ffw-berg.de\/wordpress\/wp-json\/wp\/v2\/posts"}],"about":[{"href":"https:\/\/www.ffw-berg.de\/wordpress\/wp-json\/wp\/v2\/types\/post"}],"author":[{"embeddable":true,"href":"https:\/\/www.ffw-berg.de\/wordpress\/wp-json\/wp\/v2\/users\/2"}],"replies":[{"embeddable":true,"href":"https:\/\/www.ffw-berg.de\/wordpress\/wp-json\/wp\/v2\/comments?post=218891"}],"version-history":[{"count":0,"href":"https:\/\/www.ffw-berg.de\/wordpress\/wp-json\/wp\/v2\/posts\/218891\/revisions"}],"wp:featuredmedia":[{"embeddable":true,"href":"https:\/\/www.ffw-berg.de\/wordpress\/wp-json\/wp\/v2\/media\/218892"}],"wp:attachment":[{"href":"https:\/\/www.ffw-berg.de\/wordpress\/wp-json\/wp\/v2\/media?parent=218891"}],"wp:term":[{"taxonomy":"category","embeddable":true,"href":"https:\/\/www.ffw-berg.de\/wordpress\/wp-json\/wp\/v2\/categories?post=218891"},{"taxonomy":"post_tag","embeddable":true,"href":"https:\/\/www.ffw-berg.de\/wordpress\/wp-json\/wp\/v2\/tags?post=218891"}],"curies":[{"name":"wp","href":"https:\/\/api.w.org\/{rel}","templated":true}]}}