{"id":218895,"date":"2025-04-20T18:19:00","date_gmt":"2025-04-20T16:19:00","guid":{"rendered":"https:\/\/www.ffw-berg.de\/wordpress\/?p=218895"},"modified":"2025-05-11T21:34:45","modified_gmt":"2025-05-11T19:34:45","slug":"einsatz-vom-20-04-25-vu-mit-motorrad","status":"publish","type":"post","link":"https:\/\/www.ffw-berg.de\/wordpress\/einsatz-vom-20-04-25-vu-mit-motorrad\/","title":{"rendered":"Einsatz vom 20.04.25 &#8211; VU mit Motorrad"},"content":{"rendered":"\n<div class=\"wp-block-columns has-2-columns is-layout-flex wp-container-core-columns-is-layout-9d6595d7 wp-block-columns-is-layout-flex\">\n<div class=\"wp-block-column is-layout-flow wp-block-column-is-layout-flow\">\n<p class=\"has-text-color\" style=\"color:#800000\"><strong>Nr.<\/strong><\/p>\n\n\n\n<p class=\"has-text-color\" style=\"color:#800000\"><strong>Alarmzeit<\/strong><\/p>\n\n\n\n<p class=\"has-text-color\" style=\"color:#800000\"><strong>Einsatzdauer<\/strong><\/p>\n\n\n\n<p class=\"has-text-color\" style=\"color:#800000\"><strong>Einsatzort<\/strong><\/p>\n\n\n\n<p class=\"has-text-color\" style=\"color:#800000\"><strong>Einsatzart&nbsp;<\/strong><\/p>\n\n\n\n<p class=\"has-text-color\" style=\"color:#800000\"><strong>Eingesetzte Fahrzeuge&nbsp;<\/strong><\/p>\n\n\n\n<p class=\"has-text-color\" style=\"color:#800000\"><strong>Einsatzmittel<\/strong><\/p>\n<\/div>\n\n\n\n<div class=\"wp-block-column is-layout-flow wp-block-column-is-layout-flow\">\n<p>11<\/p>\n\n\n\n<p>18.19 Uhr<\/p>\n\n\n\n<p>1,70 Std.<\/p>\n\n\n\n<p>ST 2692, zw B 173 u. Frankenwaldstr. Abzw.<\/p>\n\n\n\n<p>THL 1 | VU mit Motorrad<\/p>\n\n\n\n<p>HLF20, MTW<\/p>\n\n\n\n<p>Verkehrslenkungsger\u00e4t, sonstiges Ger\u00e4t, Medizinisches Ger\u00e4t, Kommunikationsger\u00e4t<\/p>\n<\/div>\n<\/div>\n\n\n\n<hr class=\"wp-block-separator has-css-opacity is-style-wide\"\/>\n\n\n\n<h4 class=\"wp-block-heading\">Einsatzbericht<\/h4>\n\n\n\n<p>VU mit Motorrad Beteilung auf der St2692 &#8211; Berg Richtung Abzweigung B173.<\/p>\n\n\n\n<p>Der Motorradfahrer kam rechts von der Fahrbahn ab, st\u00fcrzte und kam liegend im Gr\u00fcnstreifen neben der Fahrbahn zum Stehen. Der Fahrer wurde durch Ersthelfer und Sanit\u00e4ter des HvO Berg bereits medizinisch versorgt. Durch FL Berg 40\/1 wurde die St2692 an der Abzweigung zur B173, und durch FL Gottsmannsgr\u00fcn 48\/1 am Abzweig Schlegel bis zum Abtransport des Motorrads und Freigabe der Unfallstelle durch die Polizei komplett gesperrt.<\/p>\n","protected":false},"excerpt":{"rendered":"<div class=\"mh-excerpt\">Nr. 11 | Zeit: 18.19 Uhr | ST 2692, zw B173 u. Frankenwaldstr. Abzw. | THL<\/p>\n<p>Eingesetzte Fahrzeuge:<br \/>\nHLF20, MTW<\/p><\/div>\n<p> <a class=\"mh-excerpt-more\" href=\"https:\/\/www.ffw-berg.de\/wordpress\/einsatz-vom-20-04-25-vu-mit-motorrad\/\" title=\"Einsatz vom 20.04.25 &#8211; VU mit Motorrad\">[  Mehr &gt;&gt; ]<\/a><\/p>\n","protected":false},"author":2,"featured_media":212207,"comment_status":"closed","ping_status":"open","sticky":false,"template":"","format":"standard","meta":{"footnotes":""},"categories":[1446,4],"tags":[78,364,147,203,567,572,934,1015],"class_list":{"0":"post-218895","1":"post","2":"type-post","3":"status-publish","4":"format-standard","5":"has-post-thumbnail","7":"category-einsaetze-2025","8":"category-einsaetze","9":"tag-thl","10":"tag-mtw","11":"tag-kommunikationsmittel","12":"tag-chemische-oelbindemittel","13":"tag-c-d-rohre","14":"tag-verkehrslenkungsgeraet","15":"tag-tueroeffnung","16":"tag-sperrwerkzeug"},"_links":{"self":[{"href":"https:\/\/www.ffw-berg.de\/wordpress\/wp-json\/wp\/v2\/posts\/218895","targetHints":{"allow":["GET"]}}],"collection":[{"href":"https:\/\/www.ffw-berg.de\/wordpress\/wp-json\/wp\/v2\/posts"}],"about":[{"href":"https:\/\/www.ffw-berg.de\/wordpress\/wp-json\/wp\/v2\/types\/post"}],"author":[{"embeddable":true,"href":"https:\/\/www.ffw-berg.de\/wordpress\/wp-json\/wp\/v2\/users\/2"}],"replies":[{"embeddable":true,"href":"https:\/\/www.ffw-berg.de\/wordpress\/wp-json\/wp\/v2\/comments?post=218895"}],"version-history":[{"count":0,"href":"https:\/\/www.ffw-berg.de\/wordpress\/wp-json\/wp\/v2\/posts\/218895\/revisions"}],"wp:featuredmedia":[{"embeddable":true,"href":"https:\/\/www.ffw-berg.de\/wordpress\/wp-json\/wp\/v2\/media\/212207"}],"wp:attachment":[{"href":"https:\/\/www.ffw-berg.de\/wordpress\/wp-json\/wp\/v2\/media?parent=218895"}],"wp:term":[{"taxonomy":"category","embeddable":true,"href":"https:\/\/www.ffw-berg.de\/wordpress\/wp-json\/wp\/v2\/categories?post=218895"},{"taxonomy":"post_tag","embeddable":true,"href":"https:\/\/www.ffw-berg.de\/wordpress\/wp-json\/wp\/v2\/tags?post=218895"}],"curies":[{"name":"wp","href":"https:\/\/api.w.org\/{rel}","templated":true}]}}