{"id":218922,"date":"2025-05-24T11:55:00","date_gmt":"2025-05-24T09:55:00","guid":{"rendered":"https:\/\/www.ffw-berg.de\/wordpress\/?p=218922"},"modified":"2025-08-05T20:50:27","modified_gmt":"2025-08-05T18:50:27","slug":"einsatz-vom-24-05-25-thl-tierrettung","status":"publish","type":"post","link":"https:\/\/www.ffw-berg.de\/wordpress\/einsatz-vom-24-05-25-thl-tierrettung\/","title":{"rendered":"Einsatz vom 24.05.25 &#8211; THL, Tierrettung"},"content":{"rendered":"\n<div class=\"wp-block-columns has-2-columns is-layout-flex wp-container-core-columns-is-layout-9d6595d7 wp-block-columns-is-layout-flex\">\n<div class=\"wp-block-column is-layout-flow wp-block-column-is-layout-flow\">\n<p class=\"has-text-color\" style=\"color:#800000\"><strong>Nr.<\/strong><\/p>\n\n\n\n<p class=\"has-text-color\" style=\"color:#800000\"><strong>Alarmzeit<\/strong><\/p>\n\n\n\n<p class=\"has-text-color\" style=\"color:#800000\"><strong>Einsatzdauer<\/strong><\/p>\n\n\n\n<p class=\"has-text-color\" style=\"color:#800000\"><strong>Einsatzort<\/strong><\/p>\n\n\n\n<p class=\"has-text-color\" style=\"color:#800000\"><strong>Einsatzart&nbsp;<\/strong><\/p>\n\n\n\n<p class=\"has-text-color\" style=\"color:#800000\"><strong>Eingesetzte Fahrzeuge&nbsp;<\/strong><\/p>\n\n\n\n<p class=\"has-text-color\" style=\"color:#800000\"><strong>Einsatzmittel<\/strong><\/p>\n<\/div>\n\n\n\n<div class=\"wp-block-column is-layout-flow wp-block-column-is-layout-flow\">\n<p>14<\/p>\n\n\n\n<p>11.55 Uhr<\/p>\n\n\n\n<p>2,70 Std.<\/p>\n\n\n\n<p>St 2198, Hirschberger Stra\u00dfe, Berg<\/p>\n\n\n\n<p>THL 1 | Tierrettung Kleintiere<\/p>\n\n\n\n<p>HLF20, MTW<\/p>\n\n\n\n<p>Kommunikationsmittel, sonstiges Ger\u00e4t\/Material, Verkehrslenkungsger\u00e4t<\/p>\n<\/div>\n<\/div>\n\n\n\n<hr class=\"wp-block-separator has-css-opacity is-style-wide\"\/>\n\n\n\n<h4 class=\"wp-block-heading\">Einsatzbericht<\/h4>\n\n\n\n<p>Durch einen aufmerksamen Autofahrer wurde im Bereich der Autobahnbr\u00fccke Schnarchenreuth eine verletzte Ente mit ihren K\u00fcken gemeldet, die orientierungslos immer wieder auf die Stra\u00dfe liefen und sich in Richtung Autobahn bewegten.<\/p>\n\n\n\n<p>Mit viel Geduld konnte die Ente mit ihren neun K\u00fcken im B\u00f6schungsbereich zur Autobahn eingefangen werden. Im Anschluss wurde die Entenfamilie zur tier\u00e4rztlichen Versorgung ins Kleintierzentrum nach M\u00fcnchberg verbracht.<\/p>\n\n\n\n<h4 class=\"wp-block-heading has-text-align-center\">Einsatzfotos:<\/h4>\n\n\n\n<figure class=\"wp-block-gallery has-nested-images columns-default is-cropped wp-block-gallery-1 is-layout-flex wp-block-gallery-is-layout-flex\">\n<figure class=\"wp-block-image size-large\"><img loading=\"lazy\" decoding=\"async\" width=\"1080\" height=\"608\" data-id=\"218957\" src=\"https:\/\/www.ffw-berg.de\/wordpress\/wp-content\/uploads\/2025\/08\/einsatz_14a-1080x608.jpg\" alt=\"\" class=\"wp-image-218957\" srcset=\"https:\/\/www.ffw-berg.de\/wordpress\/wp-content\/uploads\/2025\/08\/einsatz_14a-1080x608.jpg 1080w, https:\/\/www.ffw-berg.de\/wordpress\/wp-content\/uploads\/2025\/08\/einsatz_14a-300x169.jpg 300w, https:\/\/www.ffw-berg.de\/wordpress\/wp-content\/uploads\/2025\/08\/einsatz_14a-120x68.jpg 120w, https:\/\/www.ffw-berg.de\/wordpress\/wp-content\/uploads\/2025\/08\/einsatz_14a-768x432.jpg 768w, https:\/\/www.ffw-berg.de\/wordpress\/wp-content\/uploads\/2025\/08\/einsatz_14a-1536x864.jpg 1536w, https:\/\/www.ffw-berg.de\/wordpress\/wp-content\/uploads\/2025\/08\/einsatz_14a-678x381.jpg 678w, https:\/\/www.ffw-berg.de\/wordpress\/wp-content\/uploads\/2025\/08\/einsatz_14a.jpg 1920w\" sizes=\"auto, (max-width: 1080px) 100vw, 1080px\" \/><\/figure>\n\n\n\n<figure class=\"wp-block-image size-large\"><img loading=\"lazy\" decoding=\"async\" width=\"1080\" height=\"608\" data-id=\"218958\" src=\"https:\/\/www.ffw-berg.de\/wordpress\/wp-content\/uploads\/2025\/08\/einsatz_14b-1080x608.jpg\" alt=\"\" class=\"wp-image-218958\" srcset=\"https:\/\/www.ffw-berg.de\/wordpress\/wp-content\/uploads\/2025\/08\/einsatz_14b-1080x608.jpg 1080w, https:\/\/www.ffw-berg.de\/wordpress\/wp-content\/uploads\/2025\/08\/einsatz_14b-300x169.jpg 300w, https:\/\/www.ffw-berg.de\/wordpress\/wp-content\/uploads\/2025\/08\/einsatz_14b-120x68.jpg 120w, https:\/\/www.ffw-berg.de\/wordpress\/wp-content\/uploads\/2025\/08\/einsatz_14b-768x432.jpg 768w, https:\/\/www.ffw-berg.de\/wordpress\/wp-content\/uploads\/2025\/08\/einsatz_14b-1536x864.jpg 1536w, https:\/\/www.ffw-berg.de\/wordpress\/wp-content\/uploads\/2025\/08\/einsatz_14b-678x381.jpg 678w, https:\/\/www.ffw-berg.de\/wordpress\/wp-content\/uploads\/2025\/08\/einsatz_14b.jpg 1920w\" sizes=\"auto, (max-width: 1080px) 100vw, 1080px\" \/><\/figure>\n<\/figure>\n","protected":false},"excerpt":{"rendered":"<div class=\"mh-excerpt\">Nr. 14 | Zeit: 11.55 Uhr | St 2198, Hirschberger Stra\u00dfe, Berg | THL<\/p>\n<p>Eingesetzte Fahrzeuge:<br \/>\nHLF20, MTW<\/p><\/div>\n<p> <a class=\"mh-excerpt-more\" href=\"https:\/\/www.ffw-berg.de\/wordpress\/einsatz-vom-24-05-25-thl-tierrettung\/\" title=\"Einsatz vom 24.05.25 &#8211; THL, Tierrettung\">[  Mehr &gt;&gt; ]<\/a><\/p>\n","protected":false},"author":2,"featured_media":218958,"comment_status":"closed","ping_status":"open","sticky":false,"template":"","format":"standard","meta":{"footnotes":""},"categories":[1446,4],"tags":[82,152,878,894,1135],"class_list":{"0":"post-218922","1":"post","2":"type-post","3":"status-publish","4":"format-standard","5":"has-post-thumbnail","7":"category-einsaetze-2025","8":"category-einsaetze","9":"tag-lf86","10":"tag-auslaufender-kraftstoff","11":"tag-abc","12":"tag-hlf20","13":"tag-vu-pkw"},"_links":{"self":[{"href":"https:\/\/www.ffw-berg.de\/wordpress\/wp-json\/wp\/v2\/posts\/218922","targetHints":{"allow":["GET"]}}],"collection":[{"href":"https:\/\/www.ffw-berg.de\/wordpress\/wp-json\/wp\/v2\/posts"}],"about":[{"href":"https:\/\/www.ffw-berg.de\/wordpress\/wp-json\/wp\/v2\/types\/post"}],"author":[{"embeddable":true,"href":"https:\/\/www.ffw-berg.de\/wordpress\/wp-json\/wp\/v2\/users\/2"}],"replies":[{"embeddable":true,"href":"https:\/\/www.ffw-berg.de\/wordpress\/wp-json\/wp\/v2\/comments?post=218922"}],"version-history":[{"count":0,"href":"https:\/\/www.ffw-berg.de\/wordpress\/wp-json\/wp\/v2\/posts\/218922\/revisions"}],"wp:featuredmedia":[{"embeddable":true,"href":"https:\/\/www.ffw-berg.de\/wordpress\/wp-json\/wp\/v2\/media\/218958"}],"wp:attachment":[{"href":"https:\/\/www.ffw-berg.de\/wordpress\/wp-json\/wp\/v2\/media?parent=218922"}],"wp:term":[{"taxonomy":"category","embeddable":true,"href":"https:\/\/www.ffw-berg.de\/wordpress\/wp-json\/wp\/v2\/categories?post=218922"},{"taxonomy":"post_tag","embeddable":true,"href":"https:\/\/www.ffw-berg.de\/wordpress\/wp-json\/wp\/v2\/tags?post=218922"}],"curies":[{"name":"wp","href":"https:\/\/api.w.org\/{rel}","templated":true}]}}