{"id":218924,"date":"2025-05-29T10:19:00","date_gmt":"2025-05-29T08:19:00","guid":{"rendered":"https:\/\/www.ffw-berg.de\/wordpress\/?p=218924"},"modified":"2025-08-05T21:19:00","modified_gmt":"2025-08-05T19:19:00","slug":"einsatz-vom-29-05-25-thl-hilfeleistung-gemeinde","status":"publish","type":"post","link":"https:\/\/www.ffw-berg.de\/wordpress\/einsatz-vom-29-05-25-thl-hilfeleistung-gemeinde\/","title":{"rendered":"Einsatz vom 29.05.25 &#8211; THL Hilfeleistung Gemeinde"},"content":{"rendered":"\n<div class=\"wp-block-columns has-2-columns is-layout-flex wp-container-core-columns-is-layout-9d6595d7 wp-block-columns-is-layout-flex\">\n<div class=\"wp-block-column is-layout-flow wp-block-column-is-layout-flow\">\n<p class=\"has-text-color\" style=\"color:#800000\"><strong>Nr.<\/strong><\/p>\n\n\n\n<p class=\"has-text-color\" style=\"color:#800000\"><strong>Alarmzeit<\/strong><\/p>\n\n\n\n<p class=\"has-text-color\" style=\"color:#800000\"><strong>Einsatzdauer<\/strong><\/p>\n\n\n\n<p class=\"has-text-color\" style=\"color:#800000\"><strong>Einsatzort<\/strong><\/p>\n\n\n\n<p class=\"has-text-color\" style=\"color:#800000\"><strong>Einsatzart&nbsp;<\/strong><\/p>\n\n\n\n<p class=\"has-text-color\" style=\"color:#800000\"><strong>Eingesetzte Fahrzeuge&nbsp;<\/strong><\/p>\n\n\n\n<p class=\"has-text-color\" style=\"color:#800000\"><strong>Einsatzmittel<\/strong><\/p>\n<\/div>\n\n\n\n<div class=\"wp-block-column is-layout-flow wp-block-column-is-layout-flow\">\n<p>15<\/p>\n\n\n\n<p>10.19 Uhr<\/p>\n\n\n\n<p>1,50 Std.<\/p>\n\n\n\n<p>Hofer Str., Berg<\/p>\n\n\n\n<p>THL 1  | Sonstige Hilfeleistung, allg.<\/p>\n\n\n\n<p>LF 8\/6, MTW<\/p>\n\n\n\n<p>Tragbare Feuerwehrleitern, Kommunikationsmittel, Verkehrslenkungsger\u00e4t<\/p>\n<\/div>\n<\/div>\n\n\n\n<hr class=\"wp-block-separator has-css-opacity is-style-wide\"\/>\n\n\n\n<h4 class=\"wp-block-heading\">Einsatzbericht<\/h4>\n\n\n\n<p>Unterst\u00fctzung gemeindlicher Bauhof. Im Rahmen einer freiwilligen T\u00e4tigkeit wurde die Feuerwehr beauftragt die Begr\u00fc\u00dfungsbanner f\u00fcr das Wiesenfest an den Ortseing\u00e4ngen aufzustellen.<\/p>\n","protected":false},"excerpt":{"rendered":"<div class=\"mh-excerpt\">Nr.15  | Zeit: 10.19 Uhr | Hofer Str., Berg | THL<\/p>\n<p>Eingesetzte Fahrzeuge:<br \/>\nLF 8\/6, MTW<\/p><\/div>\n<p> <a class=\"mh-excerpt-more\" href=\"https:\/\/www.ffw-berg.de\/wordpress\/einsatz-vom-29-05-25-thl-hilfeleistung-gemeinde\/\" title=\"Einsatz vom 29.05.25 &#8211; THL Hilfeleistung Gemeinde\">[  Mehr &gt;&gt; ]<\/a><\/p>\n","protected":false},"author":2,"featured_media":212207,"comment_status":"closed","ping_status":"open","sticky":false,"template":"","format":"standard","meta":{"footnotes":""},"categories":[1446,4],"tags":[78,82,364,147,572,1415],"class_list":{"0":"post-218924","1":"post","2":"type-post","3":"status-publish","4":"format-standard","5":"has-post-thumbnail","7":"category-einsaetze-2025","8":"category-einsaetze","9":"tag-thl","10":"tag-lf86","11":"tag-mtw","12":"tag-kommunikationsmittel","13":"tag-verkehrslenkungsgeraet","14":"tag-sonstige-hilfeleistung"},"_links":{"self":[{"href":"https:\/\/www.ffw-berg.de\/wordpress\/wp-json\/wp\/v2\/posts\/218924","targetHints":{"allow":["GET"]}}],"collection":[{"href":"https:\/\/www.ffw-berg.de\/wordpress\/wp-json\/wp\/v2\/posts"}],"about":[{"href":"https:\/\/www.ffw-berg.de\/wordpress\/wp-json\/wp\/v2\/types\/post"}],"author":[{"embeddable":true,"href":"https:\/\/www.ffw-berg.de\/wordpress\/wp-json\/wp\/v2\/users\/2"}],"replies":[{"embeddable":true,"href":"https:\/\/www.ffw-berg.de\/wordpress\/wp-json\/wp\/v2\/comments?post=218924"}],"version-history":[{"count":0,"href":"https:\/\/www.ffw-berg.de\/wordpress\/wp-json\/wp\/v2\/posts\/218924\/revisions"}],"wp:featuredmedia":[{"embeddable":true,"href":"https:\/\/www.ffw-berg.de\/wordpress\/wp-json\/wp\/v2\/media\/212207"}],"wp:attachment":[{"href":"https:\/\/www.ffw-berg.de\/wordpress\/wp-json\/wp\/v2\/media?parent=218924"}],"wp:term":[{"taxonomy":"category","embeddable":true,"href":"https:\/\/www.ffw-berg.de\/wordpress\/wp-json\/wp\/v2\/categories?post=218924"},{"taxonomy":"post_tag","embeddable":true,"href":"https:\/\/www.ffw-berg.de\/wordpress\/wp-json\/wp\/v2\/tags?post=218924"}],"curies":[{"name":"wp","href":"https:\/\/api.w.org\/{rel}","templated":true}]}}