{"id":218954,"date":"2025-07-25T15:08:00","date_gmt":"2025-07-25T13:08:00","guid":{"rendered":"https:\/\/www.ffw-berg.de\/wordpress\/?p=218954"},"modified":"2025-09-03T09:23:21","modified_gmt":"2025-09-03T07:23:21","slug":"einsatz-vom-25-07-24-brand-pkw","status":"publish","type":"post","link":"https:\/\/www.ffw-berg.de\/wordpress\/einsatz-vom-25-07-24-brand-pkw\/","title":{"rendered":"Einsatz vom 25.07.25 &#8211; Brand PKW"},"content":{"rendered":"\n<div class=\"wp-block-columns has-2-columns is-layout-flex wp-container-core-columns-is-layout-9d6595d7 wp-block-columns-is-layout-flex\">\n<div class=\"wp-block-column is-layout-flow wp-block-column-is-layout-flow\">\n<p class=\"has-text-color\" style=\"color:#800000\"><strong>Nr.<\/strong><\/p>\n\n\n\n<p class=\"has-text-color\" style=\"color:#800000\"><strong>Alarmzeit<\/strong><\/p>\n\n\n\n<p class=\"has-text-color\" style=\"color:#800000\"><strong>Einsatzdauer<\/strong><\/p>\n\n\n\n<p class=\"has-text-color\" style=\"color:#800000\"><strong>Einsatzort<\/strong><\/p>\n\n\n\n<p class=\"has-text-color\" style=\"color:#800000\"><strong>Einsatzart&nbsp;<\/strong><\/p>\n\n\n\n<p class=\"has-text-color\" style=\"color:#800000\"><strong>Eingesetzte Fahrzeuge&nbsp;<\/strong><\/p>\n\n\n\n<p class=\"has-text-color\" style=\"color:#800000\"><strong>Einsatzmittel<\/strong><\/p>\n<\/div>\n\n\n\n<div class=\"wp-block-column is-layout-flow wp-block-column-is-layout-flow\">\n<p>29<\/p>\n\n\n\n<p>15.08 Uhr<\/p>\n\n\n\n<p>2,33 Std.<\/p>\n\n\n\n<p>BAB A9 Fahrtrichtung S\u00fcden, KM 250<\/p>\n\n\n\n<p>B2 | Brand PKW auf BAB<\/p>\n\n\n\n<p>HLF20, LF 8\/6, MTW, VSA<\/p>\n\n\n\n<p>C-\/D-Rohre, Schaumwerfer, PA, WBK, Fahrzeugl\u00f6schwasserbeh\u00e4lter (2000 ltr.), Sonderl\u00f6schmittel, Verkehrslenkungsger\u00e4t, Kommunikationsger\u00e4t, sonstiges Ger\u00e4t\/Material<\/p>\n<\/div>\n<\/div>\n\n\n\n<hr class=\"wp-block-separator has-css-opacity is-style-wide\"\/>\n\n\n\n<h4 class=\"wp-block-heading\">Einsatzbericht<\/h4>\n\n\n\n<p>Gemeldeter PKW Brand auf der BAB 9 kurz vor der AS Berg\/Bad Steben H\u00f6he KM 250,0 in FR M\u00fcnchen.<\/p>\n\n\n\n<p>Bei Eintreffen stand der Motorraum des PKW in Vollbrand, im weiteren Einsatzverlauf breitete sich der Brand auch auf dem Fahrzeuginnenraum aus. Mittels ABC-Pulverl\u00f6scher von FL Berg 14\/1 wurde ein erster L\u00f6schangriff eingeleitet, durch FL Berg 40\/1 erfolgte dann die Brandbek\u00e4mpfung durch einen Trupp unter Atemschutz mittels Schnellangriff und Mittelschaumrohr. F\u00fcr eine effektive Brandbek\u00e4mpfung wurde die Motorhaube des Fahrzeugs mittels Halligan-Tool aufgehebelt. <\/p>\n\n\n\n<p>W\u00e4hrend der Brandbek\u00e4mpfung wurde die BAB in FR M\u00fcnchen durch FL Berg 42\/1 mit VSA komplett gesperrt. Nach Beendigung der L\u00f6scharbeiten, wurde der Verkehr \u00fcber den linken Fahrstreifen an der Einsatzstelle vorbeigeleitet.<\/p>\n\n\n\n<h4 class=\"wp-block-heading has-text-align-center\">Einsatzfotos<\/h4>\n\n\n\n<figure class=\"wp-block-gallery has-nested-images columns-default is-cropped wp-block-gallery-1 is-layout-flex wp-block-gallery-is-layout-flex\">\n<figure class=\"wp-block-image size-large\"><a href=\"https:\/\/www.ffw-berg.de\/wordpress\/wp-content\/uploads\/2025\/08\/einsatz_29_0.jpg\"><img loading=\"lazy\" decoding=\"async\" width=\"1080\" height=\"608\" data-id=\"218968\" src=\"https:\/\/www.ffw-berg.de\/wordpress\/wp-content\/uploads\/2025\/08\/einsatz_29_0-1080x608.jpg\" alt=\"\" class=\"wp-image-218968\" srcset=\"https:\/\/www.ffw-berg.de\/wordpress\/wp-content\/uploads\/2025\/08\/einsatz_29_0-1080x608.jpg 1080w, https:\/\/www.ffw-berg.de\/wordpress\/wp-content\/uploads\/2025\/08\/einsatz_29_0-300x169.jpg 300w, https:\/\/www.ffw-berg.de\/wordpress\/wp-content\/uploads\/2025\/08\/einsatz_29_0-120x68.jpg 120w, https:\/\/www.ffw-berg.de\/wordpress\/wp-content\/uploads\/2025\/08\/einsatz_29_0-768x432.jpg 768w, https:\/\/www.ffw-berg.de\/wordpress\/wp-content\/uploads\/2025\/08\/einsatz_29_0-1536x864.jpg 1536w, https:\/\/www.ffw-berg.de\/wordpress\/wp-content\/uploads\/2025\/08\/einsatz_29_0-678x381.jpg 678w, https:\/\/www.ffw-berg.de\/wordpress\/wp-content\/uploads\/2025\/08\/einsatz_29_0.jpg 1920w\" sizes=\"auto, (max-width: 1080px) 100vw, 1080px\" \/><\/a><\/figure>\n\n\n\n<figure class=\"wp-block-image size-large\"><a href=\"https:\/\/www.ffw-berg.de\/wordpress\/wp-content\/uploads\/2025\/08\/einsatz_29_1.jpg\"><img loading=\"lazy\" decoding=\"async\" width=\"1080\" height=\"608\" data-id=\"218969\" src=\"https:\/\/www.ffw-berg.de\/wordpress\/wp-content\/uploads\/2025\/08\/einsatz_29_1-1080x608.jpg\" alt=\"\" class=\"wp-image-218969\" srcset=\"https:\/\/www.ffw-berg.de\/wordpress\/wp-content\/uploads\/2025\/08\/einsatz_29_1-1080x608.jpg 1080w, https:\/\/www.ffw-berg.de\/wordpress\/wp-content\/uploads\/2025\/08\/einsatz_29_1-300x169.jpg 300w, https:\/\/www.ffw-berg.de\/wordpress\/wp-content\/uploads\/2025\/08\/einsatz_29_1-120x68.jpg 120w, https:\/\/www.ffw-berg.de\/wordpress\/wp-content\/uploads\/2025\/08\/einsatz_29_1-768x432.jpg 768w, https:\/\/www.ffw-berg.de\/wordpress\/wp-content\/uploads\/2025\/08\/einsatz_29_1-1536x864.jpg 1536w, https:\/\/www.ffw-berg.de\/wordpress\/wp-content\/uploads\/2025\/08\/einsatz_29_1-678x381.jpg 678w, https:\/\/www.ffw-berg.de\/wordpress\/wp-content\/uploads\/2025\/08\/einsatz_29_1.jpg 1920w\" sizes=\"auto, (max-width: 1080px) 100vw, 1080px\" \/><\/a><\/figure>\n<\/figure>\n","protected":false},"excerpt":{"rendered":"<div class=\"mh-excerpt\">Nr. 29 | Zeit: 15.08Uhr |  BAB A9 Fahrtrichtung S\u00fcden | B<\/p>\n<p>Eingesetzte Fahrzeuge:<br \/>\nHLF 20, LF 8\/6, MTW, VSA<\/p><\/div>\n<p> <a class=\"mh-excerpt-more\" href=\"https:\/\/www.ffw-berg.de\/wordpress\/einsatz-vom-25-07-24-brand-pkw\/\" title=\"Einsatz vom 25.07.25 &#8211; Brand PKW\">[  Mehr &gt;&gt; ]<\/a><\/p>\n","protected":false},"author":2,"featured_media":218968,"comment_status":"closed","ping_status":"open","sticky":false,"template":"","format":"standard","meta":{"footnotes":""},"categories":[1446,4],"tags":[71,82,362,86,95,364,147,313,894,1063],"class_list":{"0":"post-218954","1":"post","2":"type-post","3":"status-publish","4":"format-standard","5":"has-post-thumbnail","7":"category-einsaetze-2025","8":"category-einsaetze","9":"tag-wbk","10":"tag-lf86","11":"tag-vsa","12":"tag-fahrzeugbrand","13":"tag-pa","14":"tag-mtw","15":"tag-kommunikationsmittel","16":"tag-fahrzeugloeschwasserbehaelter","17":"tag-hlf20","18":"tag-verkehrslenkungmittel"},"_links":{"self":[{"href":"https:\/\/www.ffw-berg.de\/wordpress\/wp-json\/wp\/v2\/posts\/218954","targetHints":{"allow":["GET"]}}],"collection":[{"href":"https:\/\/www.ffw-berg.de\/wordpress\/wp-json\/wp\/v2\/posts"}],"about":[{"href":"https:\/\/www.ffw-berg.de\/wordpress\/wp-json\/wp\/v2\/types\/post"}],"author":[{"embeddable":true,"href":"https:\/\/www.ffw-berg.de\/wordpress\/wp-json\/wp\/v2\/users\/2"}],"replies":[{"embeddable":true,"href":"https:\/\/www.ffw-berg.de\/wordpress\/wp-json\/wp\/v2\/comments?post=218954"}],"version-history":[{"count":0,"href":"https:\/\/www.ffw-berg.de\/wordpress\/wp-json\/wp\/v2\/posts\/218954\/revisions"}],"wp:featuredmedia":[{"embeddable":true,"href":"https:\/\/www.ffw-berg.de\/wordpress\/wp-json\/wp\/v2\/media\/218968"}],"wp:attachment":[{"href":"https:\/\/www.ffw-berg.de\/wordpress\/wp-json\/wp\/v2\/media?parent=218954"}],"wp:term":[{"taxonomy":"category","embeddable":true,"href":"https:\/\/www.ffw-berg.de\/wordpress\/wp-json\/wp\/v2\/categories?post=218954"},{"taxonomy":"post_tag","embeddable":true,"href":"https:\/\/www.ffw-berg.de\/wordpress\/wp-json\/wp\/v2\/tags?post=218954"}],"curies":[{"name":"wp","href":"https:\/\/api.w.org\/{rel}","templated":true}]}}